{"id":10403,"date":"2021-02-26T14:41:40","date_gmt":"2021-02-26T13:41:40","guid":{"rendered":"https:\/\/www.drzwi-cal.pl\/?post_type=dc_blog&#038;p=10403"},"modified":"2026-04-08T22:13:33","modified_gmt":"2026-04-08T20:13:33","slug":"jakie-okna-wybrac","status":"publish","type":"dc_blog","link":"https:\/\/www.drzwi-cal.pl\/en\/blog\/jakie-okna-wybrac\/","title":{"rendered":"Jak wybra\u0107 okna na lata?"},"content":{"rendered":"<h2><strong>Jakie okna wybra\u0107 \u2013 PVC, aluminiowe czy drewniane?<\/strong><\/h2>\n<p>Profile okienne produkowane s\u0105 g\u0142\u00f3wnie z trzech materia\u0142\u00f3w: aluminium, drewna i PVC, czyli plastiku. Jakie okna wybra\u0107 do domu, aby za par\u0119 lat m\u00f3c powiedzie\u0107, \u017ce dokonali\u015bmy dobrego, przemy\u015blanego wyboru? Robi\u0105c rozeznanie na rynku cz\u0119sto sugerujemy si\u0119 cen\u0105 produktu. Id\u0105c tym tropem najta\u0144sze s\u0105 okna z PVC. Aluminium i drewno to rozwi\u0105zania dro\u017csze, ale ta\u017c daj\u0105ce wi\u0119cej mo\u017cliwo\u015bci. Je\u015bli marzymy o modnych, wielkoformatowych oknach to PVC nie jest najlepszym wyborem ze wzgl\u0119du na nisk\u0105 stabilno\u015b\u0107. Najwi\u0119ksze i najwytrzymalsze przeszklenia uzyskamy przy zastosowaniu profili aluminiowych i drewnianych, b\u0105d\u017a ich hybrydy w postaci drewnianych okien z nak\u0142adk\u0105 aluminiow\u0105. Zalet\u0105 drewna jest r\u00f3wnie\u017c mo\u017cliwo\u015b\u0107 uzyskania nietypowych kszta\u0142t\u00f3w, tj. \u0142uki czy ko\u0142a, z kolei dodatek nak\u0142adki aluminiowej zniweluje wp\u0142yw wilgoci na drewnian\u0105 ram\u0119. Wi\u0119cej o oknach drewnianych dowiecie si\u0119 z naszego <strong><a href=\"https:\/\/www.drzwi-cal.pl\/en\/podcast\/10-jakie-okna-drewniane-wybrac\/\">podcastu<\/a><\/strong>. Zdecydowa\u0142e\u015b si\u0119 na PVC? Jakie okna PVC wybra\u0107 i na co zwr\u00f3ci\u0107 uwag\u0119? Przede wszystkim na ilo\u015b\u0107 kom\u00f3r, kt\u00f3re odpowiadaj\u0105 za w\u0142a\u015bciwo\u015bci termiczne i wytrzyma\u0142o\u015bciowe okna. Za optimum uwa\u017ca si\u0119 4-5 kom\u00f3r.<\/p>\n<h2><strong>Jakie okna wybra\u0107 do domu szukaj\u0105c ciep\u0142a, ciszy i bezpiecze\u0144stwa?<\/strong><\/h2>\n<p><img fetchpriority=\"high\" decoding=\"async\" class=\"wp-image-9408\" src=\"https:\/\/www.drzwi-cal.pl\/wp-content\/uploads\/2020\/10\/wizualizacja-dom-z-drzwiami-1-1.jpg\" alt=\"Budowa domu\" width=\"800\" height=\"533\" srcset=\"https:\/\/www.drzwi-cal.pl\/wp-content\/uploads\/2020\/10\/wizualizacja-dom-z-drzwiami-1-1.jpg 2000w, https:\/\/www.drzwi-cal.pl\/wp-content\/uploads\/2020\/10\/wizualizacja-dom-z-drzwiami-1-1-300x200.jpg 300w, https:\/\/www.drzwi-cal.pl\/wp-content\/uploads\/2020\/10\/wizualizacja-dom-z-drzwiami-1-1-1024x682.jpg 1024w, https:\/\/www.drzwi-cal.pl\/wp-content\/uploads\/2020\/10\/wizualizacja-dom-z-drzwiami-1-1-150x100.jpg 150w, https:\/\/www.drzwi-cal.pl\/wp-content\/uploads\/2020\/10\/wizualizacja-dom-z-drzwiami-1-1-768x512.jpg 768w, https:\/\/www.drzwi-cal.pl\/wp-content\/uploads\/2020\/10\/wizualizacja-dom-z-drzwiami-1-1-1536x1024.jpg 1536w, https:\/\/www.drzwi-cal.pl\/wp-content\/uploads\/2020\/10\/wizualizacja-dom-z-drzwiami-1-1-1920x1280.jpg 1920w, https:\/\/www.drzwi-cal.pl\/wp-content\/uploads\/2020\/10\/wizualizacja-dom-z-drzwiami-1-1-960x640.jpg 960w, https:\/\/www.drzwi-cal.pl\/wp-content\/uploads\/2020\/10\/wizualizacja-dom-z-drzwiami-1-1-640x427.jpg 640w, https:\/\/www.drzwi-cal.pl\/wp-content\/uploads\/2020\/10\/wizualizacja-dom-z-drzwiami-1-1-204x136.jpg 204w, https:\/\/www.drzwi-cal.pl\/wp-content\/uploads\/2020\/10\/wizualizacja-dom-z-drzwiami-1-1-25x17.jpg 25w\" sizes=\"(max-width: 800px) 100vw, 800px\" \/><\/p>\n<p>Parametry techniczne s\u0105 r\u00f3wnie wa\u017cne jak materia\u0142, z kt\u00f3rego wykonane s\u0105 okna. Szczeg\u00f3ln\u0105 uwag\u0119 nale\u017cy zwr\u00f3ci\u0107 na izolacyjno\u015b\u0107 termiczn\u0105 i akustyczn\u0105 okien oraz ich antyw\u0142amaniowo\u015b\u0107. Wszystkie te parametry powinny by\u0107 potwierdzone sprawozdaniem z bada\u0144 w niezale\u017cnym, certyfikowanym laboratorium. Odk\u0105d ocieplenie klimatu sta\u0142o si\u0119 powszechnie znanym faktem coraz bardziej zdajemy sobie spraw\u0119 z konieczno\u015bci oszcz\u0119dzania ciep\u0142a i energii. St\u0105d okna i drzwi podlegaj\u0105 rygorystycznym normom dotycz\u0105cym przepuszczalno\u015bci ciep\u0142a. Od tego roku wsp\u00f3\u0142czynnik przenikania ciep\u0142a dla okien to 0,9 W\/m\u00b2K (w 2014 roku by\u0142o to a\u017c 1,7\/1,8 W\/m\u00b2K). Im ni\u017cszy wsp\u00f3\u0142czynnik, tym mniej ciep\u0142a ucieka z naszego domu, a my mamy ni\u017csze rachunki za ogrzewanie. Mieszkaj\u0105c przy ruchliwej ulicy warto z kolei zainwestowa\u0107 w okna o izolacyjno\u015bci akustycznej 40 dB, kt\u00f3re poprawi\u0105 komfort akustyczny mieszka\u0144c\u00f3w i zapewni\u0105 przyjemn\u0105 cisz\u0119, potrzebn\u0105 zw\u0142aszcza dla os\u00f3b pracuj\u0105cych w systemie home office. Kolejnym parametrem jest antyw\u0142amaniowo\u015b\u0107. Czy wiecie, \u017ce okna s\u0105 jedn\u0105 z najcz\u0119\u015bciej wybieranych dr\u00f3g przez w\u0142amywaczy? Dlatego powinny by\u0107 wyposa\u017cone w okucia antyw\u0142amaniowe. Dobrze by by\u0142o, gdyby posiada\u0142y r\u00f3wnie\u017c potwierdzon\u0105 badaniami klas\u0119 odporno\u015bci na w\u0142amanie minimum na poziomie <a href=\"https:\/\/www.drzwi-cal.pl\/en\/bezpieczne-drzwi\/\">RC2<\/a>.<\/p>\n<p>Opr\u00f3cz w\u0142a\u015bciwo\u015bci technicznych wa\u017cny jest r\u00f3wnie\u017c design okien, i nie mamy tu na my\u015bli ich wielko\u015bci czy kszta\u0142tu. Okna musz\u0105 by\u0107 zgrane kolorystycznie z drzwiami wej\u015bciowymi, a tak\u017ce ogrodzeniem, bram\u0105 gara\u017cow\u0105, a cz\u0119sto tak\u017ce takimi detalami jak rynny, dach\u00f3wki czy podsufitka. Mamy wtedy pewno\u015b\u0107, \u017ce nasz dom b\u0119dzie estetyczny i sp\u00f3jny kolorystycznie. O dopasowaniu okien, drzwi i bram r\u00f3wnie\u017c dowiecie si\u0119 wi\u0119cej z naszego <strong><a href=\"https:\/\/www.drzwi-cal.pl\/en\/podcast\/drzwi-dopasowane-do-okien-i-bram\/\">podcastu.<\/a><\/strong><\/p>\n<h2><strong>Okna niezwyk\u0142e, czyli akcesoria dodatkowe i smart windows<\/strong><\/h2>\n<p><img decoding=\"async\" class=\"alignleft wp-image-7172\" src=\"https:\/\/www.drzwi-cal.pl\/wp-content\/uploads\/2019\/11\/Render-frontu-domu-Ciep\u0142y-pr\u00f3g-20191021-A5-4000px-e1573815486760.jpg\" alt=\"drzwi zewn\u0119trzne drewniane\" width=\"800\" height=\"600\" \/><\/p>\n<p>Okna nie musz\u0105 by\u0107 tylko portalami, przez kt\u00f3re wida\u0107 \u015bwiat. Mog\u0105 zapewnia\u0107 w domu przyjazny mikroklimat i dba\u0107 o nasze zdrowie i dobre samopoczucie. Mo\u017cna tego dokona\u0107 dzi\u0119ki okuciom umo\u017cliwiaj\u0105cym mikrowentylacj\u0119, czyli minimalne rozszczelnienie okna. Rozwi\u0105zanie to jest bardzo szeroko stosowane, a u niekt\u00f3rych producent\u00f3w jest wr\u0119cz standardem. Jest to najprostszy spos\u00f3b na pozbycie si\u0119 nadmiaru wilgoci z pomieszcze\u0144 i zapobiegni\u0119cie skraplaniu si\u0119 wody. Kolejnym rozwi\u0105zaniem, cz\u0119sto stosowanym w \u0142azienkach s\u0105 nawiewniki, czyli urz\u0105dzenia montowane na g\u00f3rze okna, kt\u00f3re pozwalaj\u0105 na ci\u0105g\u0142\u0105 wymian\u0119 powietrza bez konieczno\u015bci pami\u0119tania o rozwarciu okna. Przydatn\u0105 funkcj\u0105 jest r\u00f3wnie\u017c stopniowanie uchy\u0142u skrzyd\u0142a, kt\u00f3re pozwala na kilkustopniowe regulowanie odchylenia skrzyd\u0142a od ramy, dzi\u0119ki czemu sterujemy wymian\u0105 powietrza, a dzi\u0119ki specjalnej konstrukcji oku\u0107 zapobiegamy przypadkowemu zatrza\u015bni\u0119ciu si\u0119 okna.<\/p>\n<p>Nowoczesne okna to okna smart, kt\u00f3re wpisuj\u0105 si\u0119 w trend inteligentnych dom\u00f3w. Standardem staj\u0105 si\u0119 okna sterowane pilotem lub te\u017c zdalnie poprzez aplikacj\u0119 mobiln\u0105, dzi\u0119ki czemu zawsze jeste\u015bmy pewni czy przed wyjazdem zamkn\u0119li\u015bmy wszystkie okna, a przy d\u0142u\u017cszej nieobecno\u015bci mo\u017cemy przewietrzy\u0107 pomieszczenia, aby po powrocie z wakacji nie czu\u0107 nieprzyjemnego zaduchu. Okna mog\u0105 by\u0107 r\u00f3wnie\u017c po\u0142\u0105czone z systemem alarmowym, a tak\u017ce by\u0107 sterowane automatycznie. Co to znaczy? Nasze okna mog\u0105 samodzielnie zamyka\u0107 si\u0119, gdy zacznie pada\u0107 deszcze lub regulowa\u0107 mikroklimat w pomieszczeniu dzi\u0119ki czujnikom wilgoci i temperatury.<\/p>\n<p>Kupuj\u0105c okna powinni\u015bmy zawsze pami\u0119ta\u0107, \u017ce nie wymieniamy ich co roku. Dlatego warto zainwestowa\u0107 wi\u0119cej i mie\u0107 pewno\u015b\u0107, \u017ce wybrany produkt b\u0119dzie naszym oknem na \u015bwiat przez kilka lub nawet kilkana\u015bcie lat. A maj\u0105c na uwadze, \u017ce jeste\u015bmy coraz bardziej zabiegani i rozproszeni szczeg\u00f3lnie wzi\u0105\u0107 pod uwag\u0119 zakup smart okien.<\/p>\n<p>Autorka: Natalia Kiler, technolo\u017cka CAL prawdziwe drzwi<\/p>\n<p>&nbsp;<\/p>\n","protected":false},"featured_media":10406,"comment_status":"closed","ping_status":"closed","template":"","meta":[],"class_list":["post-10403","dc_blog","type-dc_blog","status-publish","has-post-thumbnail","hentry","dc_blog_tagi-design"],"acf":[],"yoast_head":"<!-- This site is optimized with the Yoast SEO plugin v26.5 - https:\/\/yoast.com\/wordpress\/plugins\/seo\/ -->\n<title>Jak wybra\u0107 okna na lata? Dobre drewno, PVC, a mo\u017ce aluminium?<\/title>\n<meta name=\"description\" content=\"Budujesz lub remontujesz dom i zastanawiasz si\u0119 jakie okna wybra\u0107, by po latach nie \u017ca\u0142owa\u0107? Dzi\u015b pokr\u00f3tce rozja\u015bnimy Ci te kwestie.\" \/>\n<meta name=\"robots\" content=\"index, follow, max-snippet:-1, max-image-preview:large, max-video-preview:-1\" \/>\n<link rel=\"canonical\" href=\"https:\/\/www.drzwi-cal.pl\/en\/blog\/jakie-okna-wybrac\/\" \/>\n<meta property=\"og:locale\" content=\"en_US\" \/>\n<meta property=\"og:type\" content=\"article\" \/>\n<meta property=\"og:title\" content=\"Jak wybra\u0107 okna na lata?\" \/>\n<meta property=\"og:description\" content=\"Budujesz lub remontujesz dom i zastanawiasz si\u0119 jakie okna wybra\u0107, by po latach nie \u017ca\u0142owa\u0107? Dzi\u015b pokr\u00f3tce rozja\u015bnimy Ci te kwestie i u\u0142atwimy dokonanie zakupu okien na lata.\" \/>\n<meta property=\"og:url\" content=\"https:\/\/www.drzwi-cal.pl\/en\/blog\/jakie-okna-wybrac\/\" \/>\n<meta property=\"og:site_name\" content=\"Drzwi zewn\u0119trzne i wewn\u0119trzne premium\" \/>\n<meta property=\"article:publisher\" content=\"https:\/\/www.facebook.com\/drzwical\/\" \/>\n<meta property=\"article:modified_time\" content=\"2026-04-08T20:13:33+00:00\" \/>\n<meta property=\"og:image\" content=\"https:\/\/www.drzwi-cal.pl\/wp-content\/uploads\/2021\/02\/modern-living-room-3d-rendering-1-scaled.jpg\" \/>\n\t<meta property=\"og:image:width\" content=\"2560\" \/>\n\t<meta property=\"og:image:height\" content=\"1463\" \/>\n\t<meta property=\"og:image:type\" content=\"image\/jpeg\" \/>\n<meta name=\"twitter:card\" content=\"summary_large_image\" \/>\n<meta name=\"twitter:label1\" content=\"Est. reading time\" \/>\n\t<meta name=\"twitter:data1\" content=\"4 minutes\" \/>\n<script type=\"application\/ld+json\" class=\"yoast-schema-graph\">{\"@context\":\"https:\/\/schema.org\",\"@graph\":[{\"@type\":\"WebPage\",\"@id\":\"https:\/\/www.drzwi-cal.pl\/en\/blog\/jakie-okna-wybrac\/\",\"url\":\"https:\/\/www.drzwi-cal.pl\/en\/blog\/jakie-okna-wybrac\/\",\"name\":\"Jak wybra\u0107 okna na lata? Dobre drewno, PVC, a mo\u017ce aluminium?\",\"isPartOf\":{\"@id\":\"https:\/\/www.drzwi-cal.pl\/en\/#website\"},\"primaryImageOfPage\":{\"@id\":\"https:\/\/www.drzwi-cal.pl\/en\/blog\/jakie-okna-wybrac\/#primaryimage\"},\"image\":{\"@id\":\"https:\/\/www.drzwi-cal.pl\/en\/blog\/jakie-okna-wybrac\/#primaryimage\"},\"thumbnailUrl\":\"https:\/\/www.drzwi-cal.pl\/wp-content\/uploads\/2021\/02\/modern-living-room-3d-rendering-1-scaled.jpg\",\"datePublished\":\"2021-02-26T13:41:40+00:00\",\"dateModified\":\"2026-04-08T20:13:33+00:00\",\"description\":\"Budujesz lub remontujesz dom i zastanawiasz si\u0119 jakie okna wybra\u0107, by po latach nie \u017ca\u0142owa\u0107? Dzi\u015b pokr\u00f3tce rozja\u015bnimy Ci te kwestie.\",\"breadcrumb\":{\"@id\":\"https:\/\/www.drzwi-cal.pl\/en\/blog\/jakie-okna-wybrac\/#breadcrumb\"},\"inLanguage\":\"en-US\",\"potentialAction\":[{\"@type\":\"ReadAction\",\"target\":[\"https:\/\/www.drzwi-cal.pl\/en\/blog\/jakie-okna-wybrac\/\"]}]},{\"@type\":\"ImageObject\",\"inLanguage\":\"en-US\",\"@id\":\"https:\/\/www.drzwi-cal.pl\/en\/blog\/jakie-okna-wybrac\/#primaryimage\",\"url\":\"https:\/\/www.drzwi-cal.pl\/wp-content\/uploads\/2021\/02\/modern-living-room-3d-rendering-1-scaled.jpg\",\"contentUrl\":\"https:\/\/www.drzwi-cal.pl\/wp-content\/uploads\/2021\/02\/modern-living-room-3d-rendering-1-scaled.jpg\",\"width\":2560,\"height\":1463,\"caption\":\"Jakie okna wybra\u0107\"},{\"@type\":\"BreadcrumbList\",\"@id\":\"https:\/\/www.drzwi-cal.pl\/en\/blog\/jakie-okna-wybrac\/#breadcrumb\",\"itemListElement\":[{\"@type\":\"ListItem\",\"position\":1,\"name\":\"CAL prawdziwe drzwi\",\"item\":\"https:\/\/www.drzwi-cal.pl\/en\/\"},{\"@type\":\"ListItem\",\"position\":2,\"name\":\"Blog\",\"item\":\"https:\/\/www.drzwi-cal.pl\/en\/blog\/\"},{\"@type\":\"ListItem\",\"position\":3,\"name\":\"Jak wybra\u0107 okna na lata?\"}]},{\"@type\":\"WebSite\",\"@id\":\"https:\/\/www.drzwi-cal.pl\/en\/#website\",\"url\":\"https:\/\/www.drzwi-cal.pl\/en\/\",\"name\":\"Drzwi zewn\u0119trzne i wewn\u0119trzne premium\",\"description\":\"Wybierz tylko kolor i model swoich drzwi zewn\u0119trznych CAL, bo ciep\u0142o i bezpiecze\u0144stwo masz zawsze w cenie! Dobierz pasuj\u0105ce drewniane drzwi wewn\u0119trzne CAL.\",\"publisher\":{\"@id\":\"https:\/\/www.drzwi-cal.pl\/en\/#organization\"},\"potentialAction\":[{\"@type\":\"SearchAction\",\"target\":{\"@type\":\"EntryPoint\",\"urlTemplate\":\"https:\/\/www.drzwi-cal.pl\/en\/?s={search_term_string}\"},\"query-input\":{\"@type\":\"PropertyValueSpecification\",\"valueRequired\":true,\"valueName\":\"search_term_string\"}}],\"inLanguage\":\"en-US\"},{\"@type\":\"Organization\",\"@id\":\"https:\/\/www.drzwi-cal.pl\/en\/#organization\",\"name\":\"Drzwi CAL\",\"alternateName\":\"Prawdziwe drzwi CAL\",\"url\":\"https:\/\/www.drzwi-cal.pl\/en\/\",\"logo\":{\"@type\":\"ImageObject\",\"inLanguage\":\"en-US\",\"@id\":\"https:\/\/www.drzwi-cal.pl\/en\/#\/schema\/logo\/image\/\",\"url\":\"https:\/\/www.drzwi-cal.pl\/wp-content\/uploads\/2018\/08\/CAL.jpg\",\"contentUrl\":\"https:\/\/www.drzwi-cal.pl\/wp-content\/uploads\/2018\/08\/CAL.jpg\",\"width\":1667,\"height\":750,\"caption\":\"Drzwi CAL\"},\"image\":{\"@id\":\"https:\/\/www.drzwi-cal.pl\/en\/#\/schema\/logo\/image\/\"},\"sameAs\":[\"https:\/\/www.facebook.com\/drzwical\/\",\"https:\/\/www.instagram.com\/drzwical\/\",\"https:\/\/www.linkedin.com\/company\/drzwi-cal\",\"https:\/\/www.youtube.com\/user\/drzwical\/\"]}]}<\/script>\n<!-- \/ Yoast SEO plugin. -->","yoast_head_json":{"title":"Jak wybra\u0107 okna na lata? Dobre drewno, PVC, a mo\u017ce aluminium?","description":"Budujesz lub remontujesz dom i zastanawiasz si\u0119 jakie okna wybra\u0107, by po latach nie \u017ca\u0142owa\u0107? Dzi\u015b pokr\u00f3tce rozja\u015bnimy Ci te kwestie.","robots":{"index":"index","follow":"follow","max-snippet":"max-snippet:-1","max-image-preview":"max-image-preview:large","max-video-preview":"max-video-preview:-1"},"canonical":"https:\/\/www.drzwi-cal.pl\/en\/blog\/jakie-okna-wybrac\/","og_locale":"en_US","og_type":"article","og_title":"Jak wybra\u0107 okna na lata?","og_description":"Budujesz lub remontujesz dom i zastanawiasz si\u0119 jakie okna wybra\u0107, by po latach nie \u017ca\u0142owa\u0107? Dzi\u015b pokr\u00f3tce rozja\u015bnimy Ci te kwestie i u\u0142atwimy dokonanie zakupu okien na lata.","og_url":"https:\/\/www.drzwi-cal.pl\/en\/blog\/jakie-okna-wybrac\/","og_site_name":"Drzwi zewn\u0119trzne i wewn\u0119trzne premium","article_publisher":"https:\/\/www.facebook.com\/drzwical\/","article_modified_time":"2026-04-08T20:13:33+00:00","og_image":[{"width":2560,"height":1463,"url":"https:\/\/www.drzwi-cal.pl\/wp-content\/uploads\/2021\/02\/modern-living-room-3d-rendering-1-scaled.jpg","type":"image\/jpeg"}],"twitter_card":"summary_large_image","twitter_misc":{"Est. reading time":"4 minutes"},"schema":{"@context":"https:\/\/schema.org","@graph":[{"@type":"WebPage","@id":"https:\/\/www.drzwi-cal.pl\/en\/blog\/jakie-okna-wybrac\/","url":"https:\/\/www.drzwi-cal.pl\/en\/blog\/jakie-okna-wybrac\/","name":"Jak wybra\u0107 okna na lata? Dobre drewno, PVC, a mo\u017ce aluminium?","isPartOf":{"@id":"https:\/\/www.drzwi-cal.pl\/en\/#website"},"primaryImageOfPage":{"@id":"https:\/\/www.drzwi-cal.pl\/en\/blog\/jakie-okna-wybrac\/#primaryimage"},"image":{"@id":"https:\/\/www.drzwi-cal.pl\/en\/blog\/jakie-okna-wybrac\/#primaryimage"},"thumbnailUrl":"https:\/\/www.drzwi-cal.pl\/wp-content\/uploads\/2021\/02\/modern-living-room-3d-rendering-1-scaled.jpg","datePublished":"2021-02-26T13:41:40+00:00","dateModified":"2026-04-08T20:13:33+00:00","description":"Budujesz lub remontujesz dom i zastanawiasz si\u0119 jakie okna wybra\u0107, by po latach nie \u017ca\u0142owa\u0107? Dzi\u015b pokr\u00f3tce rozja\u015bnimy Ci te kwestie.","breadcrumb":{"@id":"https:\/\/www.drzwi-cal.pl\/en\/blog\/jakie-okna-wybrac\/#breadcrumb"},"inLanguage":"en-US","potentialAction":[{"@type":"ReadAction","target":["https:\/\/www.drzwi-cal.pl\/en\/blog\/jakie-okna-wybrac\/"]}]},{"@type":"ImageObject","inLanguage":"en-US","@id":"https:\/\/www.drzwi-cal.pl\/en\/blog\/jakie-okna-wybrac\/#primaryimage","url":"https:\/\/www.drzwi-cal.pl\/wp-content\/uploads\/2021\/02\/modern-living-room-3d-rendering-1-scaled.jpg","contentUrl":"https:\/\/www.drzwi-cal.pl\/wp-content\/uploads\/2021\/02\/modern-living-room-3d-rendering-1-scaled.jpg","width":2560,"height":1463,"caption":"Jakie okna wybra\u0107"},{"@type":"BreadcrumbList","@id":"https:\/\/www.drzwi-cal.pl\/en\/blog\/jakie-okna-wybrac\/#breadcrumb","itemListElement":[{"@type":"ListItem","position":1,"name":"CAL prawdziwe drzwi","item":"https:\/\/www.drzwi-cal.pl\/en\/"},{"@type":"ListItem","position":2,"name":"Blog","item":"https:\/\/www.drzwi-cal.pl\/en\/blog\/"},{"@type":"ListItem","position":3,"name":"Jak wybra\u0107 okna na lata?"}]},{"@type":"WebSite","@id":"https:\/\/www.drzwi-cal.pl\/en\/#website","url":"https:\/\/www.drzwi-cal.pl\/en\/","name":"Drzwi zewn\u0119trzne i wewn\u0119trzne premium","description":"Wybierz tylko kolor i model swoich drzwi zewn\u0119trznych CAL, bo ciep\u0142o i bezpiecze\u0144stwo masz zawsze w cenie! Dobierz pasuj\u0105ce drewniane drzwi wewn\u0119trzne CAL.","publisher":{"@id":"https:\/\/www.drzwi-cal.pl\/en\/#organization"},"potentialAction":[{"@type":"SearchAction","target":{"@type":"EntryPoint","urlTemplate":"https:\/\/www.drzwi-cal.pl\/en\/?s={search_term_string}"},"query-input":{"@type":"PropertyValueSpecification","valueRequired":true,"valueName":"search_term_string"}}],"inLanguage":"en-US"},{"@type":"Organization","@id":"https:\/\/www.drzwi-cal.pl\/en\/#organization","name":"Drzwi CAL","alternateName":"Prawdziwe drzwi CAL","url":"https:\/\/www.drzwi-cal.pl\/en\/","logo":{"@type":"ImageObject","inLanguage":"en-US","@id":"https:\/\/www.drzwi-cal.pl\/en\/#\/schema\/logo\/image\/","url":"https:\/\/www.drzwi-cal.pl\/wp-content\/uploads\/2018\/08\/CAL.jpg","contentUrl":"https:\/\/www.drzwi-cal.pl\/wp-content\/uploads\/2018\/08\/CAL.jpg","width":1667,"height":750,"caption":"Drzwi CAL"},"image":{"@id":"https:\/\/www.drzwi-cal.pl\/en\/#\/schema\/logo\/image\/"},"sameAs":["https:\/\/www.facebook.com\/drzwical\/","https:\/\/www.instagram.com\/drzwical\/","https:\/\/www.linkedin.com\/company\/drzwi-cal","https:\/\/www.youtube.com\/user\/drzwical\/"]}]}},"_links":{"self":[{"href":"https:\/\/www.drzwi-cal.pl\/en\/wp-json\/wp\/v2\/blog\/10403","targetHints":{"allow":["GET"]}}],"collection":[{"href":"https:\/\/www.drzwi-cal.pl\/en\/wp-json\/wp\/v2\/blog"}],"about":[{"href":"https:\/\/www.drzwi-cal.pl\/en\/wp-json\/wp\/v2\/types\/dc_blog"}],"replies":[{"embeddable":true,"href":"https:\/\/www.drzwi-cal.pl\/en\/wp-json\/wp\/v2\/comments?post=10403"}],"version-history":[{"count":1,"href":"https:\/\/www.drzwi-cal.pl\/en\/wp-json\/wp\/v2\/blog\/10403\/revisions"}],"predecessor-version":[{"id":23557,"href":"https:\/\/www.drzwi-cal.pl\/en\/wp-json\/wp\/v2\/blog\/10403\/revisions\/23557"}],"wp:featuredmedia":[{"embeddable":true,"href":"https:\/\/www.drzwi-cal.pl\/en\/wp-json\/wp\/v2\/media\/10406"}],"wp:attachment":[{"href":"https:\/\/www.drzwi-cal.pl\/en\/wp-json\/wp\/v2\/media?parent=10403"}],"curies":[{"name":"wp","href":"https:\/\/api.w.org\/{rel}","templated":true}]}}