{"id":10616,"date":"2021-03-18T13:47:32","date_gmt":"2021-03-18T12:47:32","guid":{"rendered":"https:\/\/www.drzwi-cal.pl\/?post_type=dc_blog&#038;p=10616"},"modified":"2022-02-21T07:21:56","modified_gmt":"2022-02-21T06:21:56","slug":"a-jak-ty-obchodzisz-miedzynarodowy-dzien-lasu","status":"publish","type":"dc_blog","link":"https:\/\/www.drzwi-cal.pl\/en\/blog\/a-jak-ty-obchodzisz-miedzynarodowy-dzien-lasu\/","title":{"rendered":"A jak Ty obchodzisz Mi\u0119dzynarodowy Dzie\u0144 Lasu?"},"content":{"rendered":"<h2><strong><img fetchpriority=\"high\" decoding=\"async\" class=\"alignnone wp-image-3395\" src=\"https:\/\/www.drzwi-cal.pl\/wp-content\/uploads\/2018\/05\/IMG_5578.jpg\" alt=\"\u015bwiatowy dzie\u0144 lasu\" width=\"972\" height=\"547\" srcset=\"https:\/\/www.drzwi-cal.pl\/wp-content\/uploads\/2018\/05\/IMG_5578.jpg 5472w, https:\/\/www.drzwi-cal.pl\/wp-content\/uploads\/2018\/05\/IMG_5578-150x84.jpg 150w, https:\/\/www.drzwi-cal.pl\/wp-content\/uploads\/2018\/05\/IMG_5578-300x169.jpg 300w, https:\/\/www.drzwi-cal.pl\/wp-content\/uploads\/2018\/05\/IMG_5578-768x432.jpg 768w, https:\/\/www.drzwi-cal.pl\/wp-content\/uploads\/2018\/05\/IMG_5578-1024x576.jpg 1024w, https:\/\/www.drzwi-cal.pl\/wp-content\/uploads\/2018\/05\/IMG_5578-1920x1080.jpg 1920w, https:\/\/www.drzwi-cal.pl\/wp-content\/uploads\/2018\/05\/IMG_5578-960x540.jpg 960w, https:\/\/www.drzwi-cal.pl\/wp-content\/uploads\/2018\/05\/IMG_5578-640x360.jpg 640w, https:\/\/www.drzwi-cal.pl\/wp-content\/uploads\/2018\/05\/IMG_5578-204x115.jpg 204w, https:\/\/www.drzwi-cal.pl\/wp-content\/uploads\/2018\/05\/IMG_5578-25x14.jpg 25w\" sizes=\"(max-width: 972px) 100vw, 972px\" \/><\/strong><\/h2>\n<h2><strong>Ziemia bez las\u00f3w i drzew\u2026?<\/strong><\/h2>\n<p>\u015arodowisko le\u015bne daje nam tyle sk\u0142adnik\u00f3w niezb\u0119dnych do \u017cycia, \u017ce Ziemia bez las\u00f3w i drzew by\u0142aby zupe\u0142nie innym miejscem. Przede wszystkim jak wszyscy dobrze wiemy, drzewa odpowiadaj\u0105 za poch\u0142anianie szkodliwego dla nas dwutlenku w\u0119gla i produkuj\u0105 tlen. Czy wiesz, \u017ce 60-letnia sosna produkuje tlen niezb\u0119dny do \u017cycia dla 3 os\u00f3b, a jeden hektar lasu poch\u0142ania rocznie nawet 3600 kg w\u0119gla, czyli mniej wi\u0119cej tyle, ile w ci\u0105gu godziny wydziela 200 os\u00f3b? <a href=\"#_ftn1\" name=\"_ftnref1\">[1]<\/a> I oczywi\u015bcie wi\u0119kszo\u015b\u0107 z Was w tej chwili pomy\u015bla\u0142a o sezonie grzewczym, piecach i kominkach, kt\u00f3re przecie\u017c s\u0105 odpowiedzialne za powstawanie smogu zimn\u0105. I jak te dwie informacje maj\u0105 si\u0119 do siebie? Ta druga jest powielanym od lat fake newsem. Odpowiednio wysuszone i spalane drewno nie jest szkodliwe dla \u015brodowiska. Dodatkowo jest to jedyne paliwo o zerowym bilansie dwutlenku w\u0119gla. Co to oznacza? W trakcie wzrostu drzewa pobieraj\u0105 tak\u0105 ilo\u015b\u0107 dwutlenku w\u0119gla, jak\u0105 oddaj\u0105 w trakcie spalania \u2013 bilans wychodzi na zero. Mo\u017cna wi\u0119c powiedzie\u0107, \u017ce <u>odpowiedzialne<\/u> palenie drewnem, zgodne ze sztuk\u0105, jest wr\u0119cz ekologiczne.<\/p>\n<h2><strong>Lasy, czyli skarbnica cennych substancji<\/strong><\/h2>\n<p>Syrop klonowy, olejek arganowy, mi\u00f3d lipowy, perfumy o zapachu drzewa sanda\u0142owego (m.in. s\u0142ynne Chanel No 5!) \u2013 przyk\u0142ad\u00f3w zastosowa\u0144 sk\u0142adnik\u00f3w pozyskanych z drzew w przemy\u015ble kosmetycznym i leczniczym mo\u017cna by wypisa\u0107 wiele. Bez las\u00f3w nie by\u0142oby wielu lek\u00f3w i kosmetyk\u00f3w, kt\u00f3re masz w szafkach w domu i u\u017cywasz na co dzie\u0144. A przecie\u017c lasy to nie tylko drzewa. To tak\u017ce krzewy, \u015bci\u00f3\u0142ka i wszystkie organizmy w niej \u017cyj\u0105ce, kt\u00f3re r\u00f3wnie\u017c dostarczaj\u0105 nam warto\u015bciowych pierwiastk\u00f3w i substancji.<\/p>\n<h2><strong>W zdrowym lesie, zdrowy duch (dzie\u0144 lasu)<\/strong><\/h2>\n<p>M\u00f3wi\u0105c o lasach, nie mo\u017cna zapomnie\u0107 o ich walorach przyrodniczych i rekreacyjnych. W ko\u0144cu nic tak nie relaksuje i nie wprawia w dobry humor, jak spacer na \u015bwie\u017cym powietrzu, w\u015br\u00f3d szumu stuletnich sosen, z trzaskaj\u0105cym pod stopami igliwiem i \u015bpiewem ptak\u00f3w. Spacer po lesie aktywizuje wszystkie zmys\u0142y, wp\u0142ywa na popraw\u0119 nastroju, polepsza nasz\u0105 kondycj\u0119 fizyczn\u0105, a tak\u017ce ma w\u0142a\u015bciwo\u015bci lecznicze. W Polsce zdecydowana wi\u0119kszo\u015b\u0107 las\u00f3w to lasy sosnowe. Dlaczego warto wybra\u0107 si\u0119 na spacer do sosnowego boru? Nie tylko ukoimy nasze zmys\u0142y, ale tak\u017ce obni\u017cymy ci\u015bnienie i zaserwujemy swoim p\u0142ucom naturaln\u0105, zdrowotn\u0105 inhalacj\u0119. Leczenie lasem to ca\u0142a odr\u0119bna dziedzina nauki, zwana sylwoterapi\u0105 czy te\u017c drzewolecznictwem.<\/p>\n<p><img decoding=\"async\" class=\"alignnone wp-image-3398\" src=\"https:\/\/www.drzwi-cal.pl\/wp-content\/uploads\/2018\/05\/IMG_5649.jpg\" alt=\"dzie\u0144 lasu\" width=\"970\" height=\"646\" srcset=\"https:\/\/www.drzwi-cal.pl\/wp-content\/uploads\/2018\/05\/IMG_5649.jpg 5472w, https:\/\/www.drzwi-cal.pl\/wp-content\/uploads\/2018\/05\/IMG_5649-150x100.jpg 150w, https:\/\/www.drzwi-cal.pl\/wp-content\/uploads\/2018\/05\/IMG_5649-300x200.jpg 300w, https:\/\/www.drzwi-cal.pl\/wp-content\/uploads\/2018\/05\/IMG_5649-768x512.jpg 768w, https:\/\/www.drzwi-cal.pl\/wp-content\/uploads\/2018\/05\/IMG_5649-1024x683.jpg 1024w, https:\/\/www.drzwi-cal.pl\/wp-content\/uploads\/2018\/05\/IMG_5649-1920x1280.jpg 1920w, https:\/\/www.drzwi-cal.pl\/wp-content\/uploads\/2018\/05\/IMG_5649-960x640.jpg 960w, https:\/\/www.drzwi-cal.pl\/wp-content\/uploads\/2018\/05\/IMG_5649-640x427.jpg 640w, https:\/\/www.drzwi-cal.pl\/wp-content\/uploads\/2018\/05\/IMG_5649-204x136.jpg 204w, https:\/\/www.drzwi-cal.pl\/wp-content\/uploads\/2018\/05\/IMG_5649-25x17.jpg 25w\" sizes=\"(max-width: 970px) 100vw, 970px\" \/><\/p>\n<h2><strong>Idea Mi\u0119dzynarodowego Dnia Lasu 2021<\/strong><\/h2>\n<p>Maj\u0105c na uwadze wszystkie zalety i korzy\u015bci jakie czerpiemy z le\u015bnych dar\u00f3w, 21 marca zosta\u0142 ustanowiony przez ONZ Mi\u0119dzynarodowym Dniem Las\u00f3w. W tym roku has\u0142em przewodnim jest: \u201eOdbudowa las\u00f3w: droga do odnowy i dobrego samopoczucia\u201d. Mimo wiedzy jak\u0105 dzi\u015b posiadamy i niepodwa\u017calnych korzy\u015bci jakie daj\u0105 nam lasy, s\u0105 kraje w kt\u00f3rych nadal nie dba si\u0119 o zr\u00f3wnowa\u017con\u0105 gospodark\u0119 le\u015bn\u0105 i wycina si\u0119 je rabunkowo dla korzy\u015bci finansowych lub pod pola uprawne. Tegoroczny Mi\u0119dzynarodowy Dzie\u0144 Las\u00f3w ma zwr\u00f3ci\u0107 nasz\u0105 uwag\u0119 na konieczno\u015b\u0107 ochrony i odnowy powierzchni le\u015bnych.<\/p>\n<h2><strong>Spo\u0142eczna odpowiedzialno\u015b\u0107 sektora drzewnego<\/strong><\/h2>\n<p><img decoding=\"async\" class=\"alignnone wp-image-3397\" src=\"https:\/\/www.drzwi-cal.pl\/wp-content\/uploads\/2018\/05\/IMG_5642-e1538385150340.jpg\" alt=\"spo\u0142eczna odpowiedzialno\u015b\u0107 biznesu\" width=\"800\" height=\"533\" \/><\/p>\n<p>Z dobrodziejstw lasu korzysta tak\u017ce sektor drzewny, odpowiedziany za produkcj\u0119 dom\u00f3w z drewna, papieru, p\u0142yt meblowych, pod\u0142\u00f3g czy stolarki budowlanej. Co prawda ka\u017cda powa\u017cna firma pozyskuje drewno ze sprawdzonych \u017ar\u00f3de\u0142, a surowiec posiada stosowne, potwierdzaj\u0105ce to certyfikaty tj. FSC czy PEFC. Nie ka\u017cda jednak firma organizuje akcje spo\u0142eczne maj\u0105ce na celu szerzenie wiedzy o pozyskaniu i wykorzystaniu drewna czy prowadzi nasadzenia. Tak\u0105 odpowiedzialn\u0105 spo\u0142ecznie firm\u0105 jest mi\u0119dzy innymi marka CAL Prawdziwe Drzwi, kt\u00f3ra co roku organizuje akcj\u0119 sadzenia drzew, w kt\u00f3rej bior\u0105 udzia\u0142 nie tylko pracownicy firmy, ale tak\u017ce firm wsp\u00f3\u0142pracuj\u0105cych. W ten spos\u00f3b oddajemy naturze to co ona nam da\u0142a, czyli surowiec z kt\u00f3rego wykonujemy pi\u0119kne, drewniane drzwi klasy premium. W 2018 roku zasadzili\u015bmy 20 tysi\u0119cy sadzonek na terenie Nadle\u015bnictwa Szczerba, natomiast w 2019 roku sadzili\u015bmy drzewa na terenie planowanego parku w mie\u015bcie Suwa\u0142ki, w kt\u00f3rym produkujemy nasze drzwi. W 2020 roku ze wzgl\u0119du na obostrzenia epidemiczne nie mogli\u015bmy zorganizowa\u0107 naszej akcji, ale mamy gor\u0105c\u0105 nadziej\u0119, \u017ce jesieni\u0105 zn\u00f3w zrzeszymy si\u0119 z zapa\u0142em w sercach, szpadlami i saperkami w d\u0142oniach i b\u0119dziemy sadzili drzewa, aby \u201ewyr\u00f3wna\u0107 rachunki\u201d z Matk\u0105 Natur\u0105.<\/p>\n<p>Autorka: Natalia Kiler, technolo\u017cka CAL prawdziwe drzwi<\/p>\n<p><a href=\"#_ftnref1\" name=\"_ftn1\">[1]<\/a> https:\/\/www.poznan.lasy.gov.pl\/swieto-drzewa<\/p>\n<p>&nbsp;<\/p>\n","protected":false},"featured_media":652,"comment_status":"open","ping_status":"closed","template":"","meta":[],"class_list":["post-10616","dc_blog","type-dc_blog","status-publish","has-post-thumbnail","hentry","dc_blog_tagi-ekologia","dc_blog_tagi-firma"],"acf":[],"yoast_head":"<!-- This site is optimized with the Yoast SEO plugin v26.5 - https:\/\/yoast.com\/wordpress\/plugins\/seo\/ -->\n<title>A jak Ty obchodzisz Mi\u0119dzynarodowy Dzie\u0144 Lasu?<\/title>\n<meta name=\"description\" content=\"Za\u0142\u00f3\u017c wygodne obuwie, ciep\u0142y sweter i zaczerpnij le\u015bnego powietrza. O darach, jakie daj\u0105 nam lasy w dzie\u0144 lasu i nie tylko oraz korzy\u015bciach ze spacer\u00f3w przeczytasz we wpisie.\" \/>\n<meta name=\"robots\" content=\"index, follow, max-snippet:-1, max-image-preview:large, max-video-preview:-1\" \/>\n<link rel=\"canonical\" href=\"https:\/\/www.drzwi-cal.pl\/en\/blog\/a-jak-ty-obchodzisz-miedzynarodowy-dzien-lasu\/\" \/>\n<meta property=\"og:locale\" content=\"en_US\" \/>\n<meta property=\"og:type\" content=\"article\" \/>\n<meta property=\"og:title\" content=\"A jak Ty obchodzisz Mi\u0119dzynarodowy Dzie\u0144 Lasu?\" \/>\n<meta property=\"og:description\" content=\"Za\u0142\u00f3\u017c wygodne obuwie, ciep\u0142y sweter i zaczerpnij \u015bwie\u017cego, le\u015bnego powietrza. O darach jakie daj\u0105 nam lasy i korzy\u015bciach ze spacer\u00f3w po le\u015bnych rozdro\u017cach przeczytasz we wpisie.\" \/>\n<meta property=\"og:url\" content=\"https:\/\/www.drzwi-cal.pl\/en\/blog\/a-jak-ty-obchodzisz-miedzynarodowy-dzien-lasu\/\" \/>\n<meta property=\"og:site_name\" content=\"Drzwi zewn\u0119trzne i wewn\u0119trzne premium\" \/>\n<meta property=\"article:publisher\" content=\"https:\/\/www.facebook.com\/drzwical\/\" \/>\n<meta property=\"article:modified_time\" content=\"2022-02-21T06:21:56+00:00\" \/>\n<meta property=\"og:image\" content=\"https:\/\/www.drzwi-cal.pl\/wp-content\/uploads\/2019\/05\/IMG_7673-e1557130313185.jpg\" \/>\n\t<meta property=\"og:image:width\" content=\"2000\" \/>\n\t<meta property=\"og:image:height\" content=\"1333\" \/>\n\t<meta property=\"og:image:type\" content=\"image\/jpeg\" \/>\n<meta name=\"twitter:card\" content=\"summary_large_image\" \/>\n<meta name=\"twitter:label1\" content=\"Est. reading time\" \/>\n\t<meta name=\"twitter:data1\" content=\"5 minutes\" \/>\n<script type=\"application\/ld+json\" class=\"yoast-schema-graph\">{\"@context\":\"https:\/\/schema.org\",\"@graph\":[{\"@type\":\"WebPage\",\"@id\":\"https:\/\/www.drzwi-cal.pl\/en\/blog\/a-jak-ty-obchodzisz-miedzynarodowy-dzien-lasu\/\",\"url\":\"https:\/\/www.drzwi-cal.pl\/en\/blog\/a-jak-ty-obchodzisz-miedzynarodowy-dzien-lasu\/\",\"name\":\"A jak Ty obchodzisz Mi\u0119dzynarodowy Dzie\u0144 Lasu?\",\"isPartOf\":{\"@id\":\"https:\/\/www.drzwi-cal.pl\/en\/#website\"},\"primaryImageOfPage\":{\"@id\":\"https:\/\/www.drzwi-cal.pl\/en\/blog\/a-jak-ty-obchodzisz-miedzynarodowy-dzien-lasu\/#primaryimage\"},\"image\":{\"@id\":\"https:\/\/www.drzwi-cal.pl\/en\/blog\/a-jak-ty-obchodzisz-miedzynarodowy-dzien-lasu\/#primaryimage\"},\"thumbnailUrl\":\"https:\/\/www.drzwi-cal.pl\/wp-content\/uploads\/2017\/09\/home_slide_3.jpg\",\"datePublished\":\"2021-03-18T12:47:32+00:00\",\"dateModified\":\"2022-02-21T06:21:56+00:00\",\"description\":\"Za\u0142\u00f3\u017c wygodne obuwie, ciep\u0142y sweter i zaczerpnij le\u015bnego powietrza. O darach, jakie daj\u0105 nam lasy w dzie\u0144 lasu i nie tylko oraz korzy\u015bciach ze spacer\u00f3w przeczytasz we wpisie.\",\"breadcrumb\":{\"@id\":\"https:\/\/www.drzwi-cal.pl\/en\/blog\/a-jak-ty-obchodzisz-miedzynarodowy-dzien-lasu\/#breadcrumb\"},\"inLanguage\":\"en-US\",\"potentialAction\":[{\"@type\":\"ReadAction\",\"target\":[\"https:\/\/www.drzwi-cal.pl\/en\/blog\/a-jak-ty-obchodzisz-miedzynarodowy-dzien-lasu\/\"]}]},{\"@type\":\"ImageObject\",\"inLanguage\":\"en-US\",\"@id\":\"https:\/\/www.drzwi-cal.pl\/en\/blog\/a-jak-ty-obchodzisz-miedzynarodowy-dzien-lasu\/#primaryimage\",\"url\":\"https:\/\/www.drzwi-cal.pl\/wp-content\/uploads\/2017\/09\/home_slide_3.jpg\",\"contentUrl\":\"https:\/\/www.drzwi-cal.pl\/wp-content\/uploads\/2017\/09\/home_slide_3.jpg\",\"width\":1920,\"height\":960,\"caption\":\"Drewniane drzwi wej\u015bciowe CAL\"},{\"@type\":\"BreadcrumbList\",\"@id\":\"https:\/\/www.drzwi-cal.pl\/en\/blog\/a-jak-ty-obchodzisz-miedzynarodowy-dzien-lasu\/#breadcrumb\",\"itemListElement\":[{\"@type\":\"ListItem\",\"position\":1,\"name\":\"CAL prawdziwe drzwi\",\"item\":\"https:\/\/www.drzwi-cal.pl\/en\/\"},{\"@type\":\"ListItem\",\"position\":2,\"name\":\"Blog\",\"item\":\"https:\/\/www.drzwi-cal.pl\/en\/blog\/\"},{\"@type\":\"ListItem\",\"position\":3,\"name\":\"A jak Ty obchodzisz Mi\u0119dzynarodowy Dzie\u0144 Lasu?\"}]},{\"@type\":\"WebSite\",\"@id\":\"https:\/\/www.drzwi-cal.pl\/en\/#website\",\"url\":\"https:\/\/www.drzwi-cal.pl\/en\/\",\"name\":\"Drzwi zewn\u0119trzne i wewn\u0119trzne premium\",\"description\":\"Wybierz tylko kolor i model swoich drzwi zewn\u0119trznych CAL, bo ciep\u0142o i bezpiecze\u0144stwo masz zawsze w cenie! Dobierz pasuj\u0105ce drewniane drzwi wewn\u0119trzne CAL.\",\"publisher\":{\"@id\":\"https:\/\/www.drzwi-cal.pl\/en\/#organization\"},\"potentialAction\":[{\"@type\":\"SearchAction\",\"target\":{\"@type\":\"EntryPoint\",\"urlTemplate\":\"https:\/\/www.drzwi-cal.pl\/en\/?s={search_term_string}\"},\"query-input\":{\"@type\":\"PropertyValueSpecification\",\"valueRequired\":true,\"valueName\":\"search_term_string\"}}],\"inLanguage\":\"en-US\"},{\"@type\":\"Organization\",\"@id\":\"https:\/\/www.drzwi-cal.pl\/en\/#organization\",\"name\":\"Drzwi CAL\",\"alternateName\":\"Prawdziwe drzwi CAL\",\"url\":\"https:\/\/www.drzwi-cal.pl\/en\/\",\"logo\":{\"@type\":\"ImageObject\",\"inLanguage\":\"en-US\",\"@id\":\"https:\/\/www.drzwi-cal.pl\/en\/#\/schema\/logo\/image\/\",\"url\":\"https:\/\/www.drzwi-cal.pl\/wp-content\/uploads\/2018\/08\/CAL.jpg\",\"contentUrl\":\"https:\/\/www.drzwi-cal.pl\/wp-content\/uploads\/2018\/08\/CAL.jpg\",\"width\":1667,\"height\":750,\"caption\":\"Drzwi CAL\"},\"image\":{\"@id\":\"https:\/\/www.drzwi-cal.pl\/en\/#\/schema\/logo\/image\/\"},\"sameAs\":[\"https:\/\/www.facebook.com\/drzwical\/\",\"https:\/\/www.instagram.com\/drzwical\/\",\"https:\/\/www.linkedin.com\/company\/drzwi-cal\",\"https:\/\/www.youtube.com\/user\/drzwical\/\"]}]}<\/script>\n<!-- \/ Yoast SEO plugin. -->","yoast_head_json":{"title":"A jak Ty obchodzisz Mi\u0119dzynarodowy Dzie\u0144 Lasu?","description":"Za\u0142\u00f3\u017c wygodne obuwie, ciep\u0142y sweter i zaczerpnij le\u015bnego powietrza. O darach, jakie daj\u0105 nam lasy w dzie\u0144 lasu i nie tylko oraz korzy\u015bciach ze spacer\u00f3w przeczytasz we wpisie.","robots":{"index":"index","follow":"follow","max-snippet":"max-snippet:-1","max-image-preview":"max-image-preview:large","max-video-preview":"max-video-preview:-1"},"canonical":"https:\/\/www.drzwi-cal.pl\/en\/blog\/a-jak-ty-obchodzisz-miedzynarodowy-dzien-lasu\/","og_locale":"en_US","og_type":"article","og_title":"A jak Ty obchodzisz Mi\u0119dzynarodowy Dzie\u0144 Lasu?","og_description":"Za\u0142\u00f3\u017c wygodne obuwie, ciep\u0142y sweter i zaczerpnij \u015bwie\u017cego, le\u015bnego powietrza. O darach jakie daj\u0105 nam lasy i korzy\u015bciach ze spacer\u00f3w po le\u015bnych rozdro\u017cach przeczytasz we wpisie.","og_url":"https:\/\/www.drzwi-cal.pl\/en\/blog\/a-jak-ty-obchodzisz-miedzynarodowy-dzien-lasu\/","og_site_name":"Drzwi zewn\u0119trzne i wewn\u0119trzne premium","article_publisher":"https:\/\/www.facebook.com\/drzwical\/","article_modified_time":"2022-02-21T06:21:56+00:00","og_image":[{"width":2000,"height":1333,"url":"https:\/\/www.drzwi-cal.pl\/wp-content\/uploads\/2019\/05\/IMG_7673-e1557130313185.jpg","type":"image\/jpeg"}],"twitter_card":"summary_large_image","twitter_misc":{"Est. reading time":"5 minutes"},"schema":{"@context":"https:\/\/schema.org","@graph":[{"@type":"WebPage","@id":"https:\/\/www.drzwi-cal.pl\/en\/blog\/a-jak-ty-obchodzisz-miedzynarodowy-dzien-lasu\/","url":"https:\/\/www.drzwi-cal.pl\/en\/blog\/a-jak-ty-obchodzisz-miedzynarodowy-dzien-lasu\/","name":"A jak Ty obchodzisz Mi\u0119dzynarodowy Dzie\u0144 Lasu?","isPartOf":{"@id":"https:\/\/www.drzwi-cal.pl\/en\/#website"},"primaryImageOfPage":{"@id":"https:\/\/www.drzwi-cal.pl\/en\/blog\/a-jak-ty-obchodzisz-miedzynarodowy-dzien-lasu\/#primaryimage"},"image":{"@id":"https:\/\/www.drzwi-cal.pl\/en\/blog\/a-jak-ty-obchodzisz-miedzynarodowy-dzien-lasu\/#primaryimage"},"thumbnailUrl":"https:\/\/www.drzwi-cal.pl\/wp-content\/uploads\/2017\/09\/home_slide_3.jpg","datePublished":"2021-03-18T12:47:32+00:00","dateModified":"2022-02-21T06:21:56+00:00","description":"Za\u0142\u00f3\u017c wygodne obuwie, ciep\u0142y sweter i zaczerpnij le\u015bnego powietrza. O darach, jakie daj\u0105 nam lasy w dzie\u0144 lasu i nie tylko oraz korzy\u015bciach ze spacer\u00f3w przeczytasz we wpisie.","breadcrumb":{"@id":"https:\/\/www.drzwi-cal.pl\/en\/blog\/a-jak-ty-obchodzisz-miedzynarodowy-dzien-lasu\/#breadcrumb"},"inLanguage":"en-US","potentialAction":[{"@type":"ReadAction","target":["https:\/\/www.drzwi-cal.pl\/en\/blog\/a-jak-ty-obchodzisz-miedzynarodowy-dzien-lasu\/"]}]},{"@type":"ImageObject","inLanguage":"en-US","@id":"https:\/\/www.drzwi-cal.pl\/en\/blog\/a-jak-ty-obchodzisz-miedzynarodowy-dzien-lasu\/#primaryimage","url":"https:\/\/www.drzwi-cal.pl\/wp-content\/uploads\/2017\/09\/home_slide_3.jpg","contentUrl":"https:\/\/www.drzwi-cal.pl\/wp-content\/uploads\/2017\/09\/home_slide_3.jpg","width":1920,"height":960,"caption":"Drewniane drzwi wej\u015bciowe CAL"},{"@type":"BreadcrumbList","@id":"https:\/\/www.drzwi-cal.pl\/en\/blog\/a-jak-ty-obchodzisz-miedzynarodowy-dzien-lasu\/#breadcrumb","itemListElement":[{"@type":"ListItem","position":1,"name":"CAL prawdziwe drzwi","item":"https:\/\/www.drzwi-cal.pl\/en\/"},{"@type":"ListItem","position":2,"name":"Blog","item":"https:\/\/www.drzwi-cal.pl\/en\/blog\/"},{"@type":"ListItem","position":3,"name":"A jak Ty obchodzisz Mi\u0119dzynarodowy Dzie\u0144 Lasu?"}]},{"@type":"WebSite","@id":"https:\/\/www.drzwi-cal.pl\/en\/#website","url":"https:\/\/www.drzwi-cal.pl\/en\/","name":"Drzwi zewn\u0119trzne i wewn\u0119trzne premium","description":"Wybierz tylko kolor i model swoich drzwi zewn\u0119trznych CAL, bo ciep\u0142o i bezpiecze\u0144stwo masz zawsze w cenie! Dobierz pasuj\u0105ce drewniane drzwi wewn\u0119trzne CAL.","publisher":{"@id":"https:\/\/www.drzwi-cal.pl\/en\/#organization"},"potentialAction":[{"@type":"SearchAction","target":{"@type":"EntryPoint","urlTemplate":"https:\/\/www.drzwi-cal.pl\/en\/?s={search_term_string}"},"query-input":{"@type":"PropertyValueSpecification","valueRequired":true,"valueName":"search_term_string"}}],"inLanguage":"en-US"},{"@type":"Organization","@id":"https:\/\/www.drzwi-cal.pl\/en\/#organization","name":"Drzwi CAL","alternateName":"Prawdziwe drzwi CAL","url":"https:\/\/www.drzwi-cal.pl\/en\/","logo":{"@type":"ImageObject","inLanguage":"en-US","@id":"https:\/\/www.drzwi-cal.pl\/en\/#\/schema\/logo\/image\/","url":"https:\/\/www.drzwi-cal.pl\/wp-content\/uploads\/2018\/08\/CAL.jpg","contentUrl":"https:\/\/www.drzwi-cal.pl\/wp-content\/uploads\/2018\/08\/CAL.jpg","width":1667,"height":750,"caption":"Drzwi CAL"},"image":{"@id":"https:\/\/www.drzwi-cal.pl\/en\/#\/schema\/logo\/image\/"},"sameAs":["https:\/\/www.facebook.com\/drzwical\/","https:\/\/www.instagram.com\/drzwical\/","https:\/\/www.linkedin.com\/company\/drzwi-cal","https:\/\/www.youtube.com\/user\/drzwical\/"]}]}},"_links":{"self":[{"href":"https:\/\/www.drzwi-cal.pl\/en\/wp-json\/wp\/v2\/blog\/10616","targetHints":{"allow":["GET"]}}],"collection":[{"href":"https:\/\/www.drzwi-cal.pl\/en\/wp-json\/wp\/v2\/blog"}],"about":[{"href":"https:\/\/www.drzwi-cal.pl\/en\/wp-json\/wp\/v2\/types\/dc_blog"}],"replies":[{"embeddable":true,"href":"https:\/\/www.drzwi-cal.pl\/en\/wp-json\/wp\/v2\/comments?post=10616"}],"version-history":[{"count":0,"href":"https:\/\/www.drzwi-cal.pl\/en\/wp-json\/wp\/v2\/blog\/10616\/revisions"}],"wp:featuredmedia":[{"embeddable":true,"href":"https:\/\/www.drzwi-cal.pl\/en\/wp-json\/wp\/v2\/media\/652"}],"wp:attachment":[{"href":"https:\/\/www.drzwi-cal.pl\/en\/wp-json\/wp\/v2\/media?parent=10616"}],"curies":[{"name":"wp","href":"https:\/\/api.w.org\/{rel}","templated":true}]}}