{"id":10924,"date":"2021-04-21T10:38:28","date_gmt":"2021-04-21T08:38:28","guid":{"rendered":"https:\/\/www.drzwi-cal.pl\/?post_type=dc_blog&#038;p=10924"},"modified":"2026-04-08T22:14:20","modified_gmt":"2026-04-08T20:14:20","slug":"drzwi-suwalki-cal-prawdziwe-drzwi-z-malowniczej-suwalszczyzny","status":"publish","type":"dc_blog","link":"https:\/\/www.drzwi-cal.pl\/en\/blog\/drzwi-suwalki-cal-prawdziwe-drzwi-z-malowniczej-suwalszczyzny\/","title":{"rendered":"Drzwi CAL &#8211; prawdziwe drzwi z malowniczej Suwalszczyzny"},"content":{"rendered":"<h2><strong>CAL prawdziwe drzwi \u2013 firma z histori\u0105, Twoja Suwalszczyzna<\/strong><\/h2>\n<p>Drzwi CAL to rodzinna firma produkuj\u0105ca drewniane <a href=\"\/drzwi-zewnetrzne\/\">drzwi zewn\u0119trzne<\/a> i wewn\u0119trzne, maj\u0105ca sw\u0105 siedzib\u0119 w malowniczej krainie, jak\u0105 jest Suwalszczyzna. Fundamenty pod jej budow\u0119 35 lat temu w\u0142asnymi r\u0119kami k\u0142ad\u0142 mi\u0119dzy innymi obecny w\u0142a\u015bciciel Zbigniew Cywi\u0144ski. Historia jest niezwyk\u0142a, bo pieni\u0105dze na budow\u0119 zak\u0142adu pochodzi\u0142y mi\u0119dzy innymi ze\u2026 sprzeda\u017cy czosnku na lokalnym rynku! Przez ponad trzy dekady za\u0142oga rozros\u0142a si\u0119 od 10 os\u00f3b pocz\u0105tkowo do ponad 100 pracownik\u00f3w obecnie, a drzwi marki CAL wyznaczaj\u0105 trendy i standardy na rynku. Je\u015bli zaciekawi\u0142a Ci\u0119 fascynuj\u0105ca historia powstania rodzinnej firmy z Suwa\u0142k, produkuj\u0105cej drewniane drzwi, obejrzyj nasz <strong><a href=\"https:\/\/www.youtube.com\/watch?v=qDsPoi-O22o\">kr\u00f3tki klip o jej powstaniu<\/a><\/strong> i przy\u015bwiecaj\u0105cych jej w\u0142a\u015bcicielom warto\u015bciach.<\/p>\n<p><a href=\"https:\/\/www.drzwi-cal.pl\/wp-content\/uploads\/2021\/04\/suwaki-region-5388407_1920.jpg\"><img fetchpriority=\"high\" decoding=\"async\" class=\"alignnone wp-image-10927\" src=\"https:\/\/www.drzwi-cal.pl\/wp-content\/uploads\/2021\/04\/suwaki-region-5388407_1920.jpg\" alt=\"\" width=\"450\" height=\"338\" srcset=\"https:\/\/www.drzwi-cal.pl\/wp-content\/uploads\/2021\/04\/suwaki-region-5388407_1920.jpg 1920w, https:\/\/www.drzwi-cal.pl\/wp-content\/uploads\/2021\/04\/suwaki-region-5388407_1920-300x225.jpg 300w, https:\/\/www.drzwi-cal.pl\/wp-content\/uploads\/2021\/04\/suwaki-region-5388407_1920-1024x768.jpg 1024w, https:\/\/www.drzwi-cal.pl\/wp-content\/uploads\/2021\/04\/suwaki-region-5388407_1920-150x113.jpg 150w, https:\/\/www.drzwi-cal.pl\/wp-content\/uploads\/2021\/04\/suwaki-region-5388407_1920-768x576.jpg 768w, https:\/\/www.drzwi-cal.pl\/wp-content\/uploads\/2021\/04\/suwaki-region-5388407_1920-1536x1152.jpg 1536w, https:\/\/www.drzwi-cal.pl\/wp-content\/uploads\/2021\/04\/suwaki-region-5388407_1920-960x720.jpg 960w, https:\/\/www.drzwi-cal.pl\/wp-content\/uploads\/2021\/04\/suwaki-region-5388407_1920-640x480.jpg 640w, https:\/\/www.drzwi-cal.pl\/wp-content\/uploads\/2021\/04\/suwaki-region-5388407_1920-204x153.jpg 204w, https:\/\/www.drzwi-cal.pl\/wp-content\/uploads\/2021\/04\/suwaki-region-5388407_1920-25x19.jpg 25w\" sizes=\"(max-width: 450px) 100vw, 450px\" \/><\/a><\/p>\n<h2><strong>Drewniane drzwi z Suwalszczyzny (drzwi Suwa\u0142ki)<\/strong><\/h2>\n<p>Jako firma uto\u017csamiamy si\u0119 z miejscem, z kt\u00f3rego pochodzimy i w kt\u00f3rym wytwarzamy nasze wyj\u0105tkowe, drewniane drzwi. Dlatego cz\u0119\u015bci naszych modeli drzwi wewn\u0119trznych nadali\u015bmy nazwy miejscowo\u015bci i zbiornik\u00f3w wodnych, znajduj\u0105cych si\u0119 na Suwalszczy\u017anie i Podlasiu, ale tak\u017ce nieodleg\u0142ej Warmii i Mazurach. St\u0105d w naszej ofercie znajdziecie Kisajno, Ha\u0144cz\u0119, Niegocin czy Necko. Z kolei w ho\u0142dzie dla pi\u0119kna naszej polskiej przyrody, nazwali\u015bmy modele naszych drzwi zewn\u0119trznych z kolekcji Klasycznej nazwami mi\u0119dzy innymi szczyt\u00f3w g\u00f3rskich. Tak wi\u0119c w kolekcji tej znajdziecie takie modele jak \u015anie\u017cka, R\u00f3wnica czy Szczeliniec.<\/p>\n<h2><strong>Drzwi zewn\u0119trzne premium &#8211; Suwalszczyzna w Twoim domu<\/strong><\/h2>\n<p>Maj\u0105c 35-letnie do\u015bwiadczenie w produkcji drzwi jeste\u015bmy pewni wysokiej jako\u015bci oferowanych przez nas produkt\u00f3w. Nasz\u0105 misj\u0105 jest wytwarzanie drzwi dla ludzi ceni\u0105cych prawd\u0119, pi\u0119kno i natur\u0119. Takie dok\u0142adnie s\u0105 nasze drzwi zewn\u0119trzne \u2013 prawdziwe i naturalne. Poniewa\u017c wykonane z drewna, a tak\u017ce niezaprzeczalnie pi\u0119kne i wyko\u0144czone w ka\u017cdym szczeg\u00f3le, dzi\u0119ki udzia\u0142owi w tym etapie prac ludzkich r\u0105k. Jeste\u015bmy liderem produkcji drzwi zewn\u0119trznych w Polsce i bezustannie doskonalimy nasze produkty, aby spe\u0142nia\u0142y najwy\u017csze standardy. Wprowadzane przez nas innowacje tj. wr\u0119g antywywa\u017ceniowy czy opatentowana <a href=\"https:\/\/www.drzwi-cal.pl\/termiczna-oslona-podproza-2\/\">Termiczna Os\u0142ona Podpro\u017ca TOP<\/a>\u00ae staj\u0105 si\u0119 p\u00f3\u017aniej standardem na rynku. To drzwi dopasowane do Ciebie, robione przez mieszka\u0144c\u00f3w Suwa\u0142k, dla mieszka\u0144c\u00f3w Suwa\u0142k i wszystkich mi\u0142o\u015bnik\u00f3w dobrego rzemios\u0142a, pi\u0119kna oraz produkt\u00f3w zaawansowanych technologicznie.<\/p>\n<p>&nbsp;<\/p>\n<p><a href=\"https:\/\/www.drzwi-cal.pl\/wp-content\/uploads\/2021\/04\/Wiktoria_dwuskrzydlowa_ral5003_2-1.jpg\"><img decoding=\"async\" class=\"alignnone wp-image-10908 size-medium\" src=\"https:\/\/www.drzwi-cal.pl\/wp-content\/uploads\/2021\/04\/Wiktoria_dwuskrzydlowa_ral5003_2-1-283x300.jpg\" alt=\"\" width=\"283\" height=\"300\" srcset=\"https:\/\/www.drzwi-cal.pl\/wp-content\/uploads\/2021\/04\/Wiktoria_dwuskrzydlowa_ral5003_2-1-283x300.jpg 283w, https:\/\/www.drzwi-cal.pl\/wp-content\/uploads\/2021\/04\/Wiktoria_dwuskrzydlowa_ral5003_2-1-967x1024.jpg 967w, https:\/\/www.drzwi-cal.pl\/wp-content\/uploads\/2021\/04\/Wiktoria_dwuskrzydlowa_ral5003_2-1-142x150.jpg 142w, https:\/\/www.drzwi-cal.pl\/wp-content\/uploads\/2021\/04\/Wiktoria_dwuskrzydlowa_ral5003_2-1-768x813.jpg 768w, https:\/\/www.drzwi-cal.pl\/wp-content\/uploads\/2021\/04\/Wiktoria_dwuskrzydlowa_ral5003_2-1-1451x1536.jpg 1451w, https:\/\/www.drzwi-cal.pl\/wp-content\/uploads\/2021\/04\/Wiktoria_dwuskrzydlowa_ral5003_2-1-960x1016.jpg 960w, https:\/\/www.drzwi-cal.pl\/wp-content\/uploads\/2021\/04\/Wiktoria_dwuskrzydlowa_ral5003_2-1-640x678.jpg 640w, https:\/\/www.drzwi-cal.pl\/wp-content\/uploads\/2021\/04\/Wiktoria_dwuskrzydlowa_ral5003_2-1-204x216.jpg 204w, https:\/\/www.drzwi-cal.pl\/wp-content\/uploads\/2021\/04\/Wiktoria_dwuskrzydlowa_ral5003_2-1-25x26.jpg 25w, https:\/\/www.drzwi-cal.pl\/wp-content\/uploads\/2021\/04\/Wiktoria_dwuskrzydlowa_ral5003_2-1.jpg 1704w\" sizes=\"(max-width: 283px) 100vw, 283px\" \/><\/a><\/p>\n<h2><strong>Drzwi zewn\u0119trzne z Suwalszczyzny \u2013 ciep\u0142e, bezpieczne, na wymiar<\/strong><\/h2>\n<p>Doskonale zdajemy sobie spraw\u0119, \u017ce obecnie drzwi wej\u015bciowe to nie tylko przej\u015bcie z podw\u00f3rka do domu. To tak\u017ce ozdoba elewacji, ale przede wszystkim zapora przed zimnem i nieproszonymi go\u015b\u0107mi. Dlatego nieustannie ulepszamy nasze drzwi zewn\u0119trzne, a \u017ceby potwierdzi\u0107 ich jako\u015b\u0107 i w\u0142a\u015bciwo\u015bci, przeprowadzamy im badania w akredytowanych laboratoriach. Dzi\u0119ki temu mo\u017cecie u nas zam\u00f3wi\u0107 ciep\u0142e drzwi zewn\u0119trzne z Suwalszczyzny (drzwi Suwa\u0142ki), spe\u0142niaj\u0105ce wymagania surowych norm budowlanych. To tak\u017ce drzwi zewn\u0119trzne z certyfikatem niemieckiego Passive House Institut z przeznaczeniem do dom\u00f3w pasywnych. A co najwa\u017cniejsze to tak\u017ce bezpieczne drzwi zewn\u0119trzne w klasie antyw\u0142amaniowej <a href=\"https:\/\/www.drzwi-cal.pl\/en\/bezpieczne-drzwi\/\">RC2<\/a> i RC3.<\/p>\n<p>Znacz\u0105c\u0105 cz\u0119\u015b\u0107 naszej produkcji stanowi\u0105 konstrukcje robione na wymiar i wed\u0142ug projektu klienta. Tu prawie nie ma dla nas rzeczy niemo\u017cliwych \u2013 potrafimy spe\u0142ni\u0107 niemal wszystkie marzenia o wyj\u0105tkowych drzwiach wej\u015bciowych. Ma\u0142e, du\u017ce, z na\u015bwietlami, w nietypowym kolorze czy kszta\u0142cie, szklone i pe\u0142ne, z klapk\u0105 dla zwierzaka czy wrzutnikiem na listy. Zajrzyj na nasz\u0105 <strong><a href=\"https:\/\/www.drzwi-cal.pl\/drzwi-zewnetrzne-zdjecia-produktowe\/\">stron\u0119 z realizacjami<\/a><\/strong> i przekonaj si\u0119.<\/p>\n<p>Czy mo\u017cesz nas jeszcze czym\u015b zaskoczy\u0107? Je\u015bli kiedy\u015b odwiedzisz malownicz\u0105 Suwalszczyzn\u0119, to odpoczywaj\u0105c w\u015br\u00f3d kwiecistych \u0142\u0105k i lazurowych jezior, pomy\u015bl o prawdziwych drzwiach z Suwa\u0142k. Napisz do nas i pozw\u00f3l nam spe\u0142ni\u0107 swoje marzenie o pi\u0119knych i naturalnych drzwiach zewn\u0119trznych do Twojego domu <strong><a href=\"https:\/\/www.drzwi-cal.pl\/en\/gdzie-kupic\/\">(gdzie kupi\u0107?)<\/a><\/strong>. A je\u015bli ekologia i ochrona takich pi\u0119knych miejsc jak Suwalszczyzna jest dla Ciebie wa\u017cna zrelaksuj si\u0119 przy naszym <strong><a href=\"https:\/\/www.youtube.com\/watch?v=E44Qo2T7i1Q&amp;t=3s\">podca\u015bcie<\/a> <\/strong>i dowiedz si\u0119 jak dba\u0107 o ekologi\u0119 w domu i wybra\u0107 ciep\u0142e, pasywne drzwi zewn\u0119trzne.<\/p>\n<p>Autorka: Natalia Kiler, technolo\u017cka CAL prawdziwe drzwi<\/p>\n","protected":false},"featured_media":10940,"comment_status":"closed","ping_status":"closed","template":"","meta":[],"class_list":["post-10924","dc_blog","type-dc_blog","status-publish","has-post-thumbnail","hentry","dc_blog_tagi-firma"],"acf":[],"yoast_head":"<!-- This site is optimized with the Yoast SEO plugin v26.5 - https:\/\/yoast.com\/wordpress\/plugins\/seo\/ -->\n<title>Drzwi CAL - prawdziwe drzwi z malowniczej Suwalszczyzny . Zobacz!<\/title>\n<meta name=\"description\" content=\"Drzwi Suwa\u0142ki | Co wsp\u00f3lnego maj\u0105 malownicze tereny rekreacyjne z drewnianymi drzwiami produkowanymi na Suwalszczy\u017anie? Dowiedz si\u0119 wi\u0119cej!\" \/>\n<meta name=\"robots\" content=\"index, follow, max-snippet:-1, max-image-preview:large, max-video-preview:-1\" \/>\n<link rel=\"canonical\" href=\"https:\/\/www.drzwi-cal.pl\/en\/blog\/drzwi-suwalki-cal-prawdziwe-drzwi-z-malowniczej-suwalszczyzny\/\" \/>\n<meta property=\"og:locale\" content=\"en_US\" \/>\n<meta property=\"og:type\" content=\"article\" \/>\n<meta property=\"og:title\" content=\"Drzwi CAL - prawdziwe drzwi z malowniczej Suwalszczyzny\" \/>\n<meta property=\"og:description\" content=\"Drzwi Suwa\u0142ki | Ka\u017cdy kto podr\u00f3\u017cuje po Polsce z pewno\u015bci\u0105 kojarzy takie nazwy jak R\u00f3wnica, \u015anie\u017cka, Necko czy Ha\u0144cza. Je\u015bli kojarz\u0105 si\u0119 Wam one tylko z urokliwymi zak\u0105tkami Polski, to po przeczytaniu poni\u017cszego wpisu niew\u0105tpliwie si\u0119 to zmieni. Co wsp\u00f3lnego maj\u0105 malownicze tereny rekreacyjne z drewnianymi drzwiami produkowanymi na Suwalszczy\u017anie?\" \/>\n<meta property=\"og:url\" content=\"https:\/\/www.drzwi-cal.pl\/en\/blog\/drzwi-suwalki-cal-prawdziwe-drzwi-z-malowniczej-suwalszczyzny\/\" \/>\n<meta property=\"og:site_name\" content=\"Drzwi zewn\u0119trzne i wewn\u0119trzne premium\" \/>\n<meta property=\"article:publisher\" content=\"https:\/\/www.facebook.com\/drzwical\/\" \/>\n<meta property=\"article:modified_time\" content=\"2026-04-08T20:14:20+00:00\" \/>\n<meta property=\"og:image\" content=\"https:\/\/www.drzwi-cal.pl\/wp-content\/uploads\/2021\/04\/1473df18-a68b-4f18-bfe5-4a8c984b3a94.jpeg\" \/>\n\t<meta property=\"og:image:width\" content=\"1600\" \/>\n\t<meta property=\"og:image:height\" content=\"1200\" \/>\n\t<meta property=\"og:image:type\" content=\"image\/jpeg\" \/>\n<meta name=\"twitter:card\" content=\"summary_large_image\" \/>\n<meta name=\"twitter:label1\" content=\"Est. reading time\" \/>\n\t<meta name=\"twitter:data1\" content=\"3 minutes\" \/>\n<script type=\"application\/ld+json\" class=\"yoast-schema-graph\">{\"@context\":\"https:\/\/schema.org\",\"@graph\":[{\"@type\":\"WebPage\",\"@id\":\"https:\/\/www.drzwi-cal.pl\/en\/blog\/drzwi-suwalki-cal-prawdziwe-drzwi-z-malowniczej-suwalszczyzny\/\",\"url\":\"https:\/\/www.drzwi-cal.pl\/en\/blog\/drzwi-suwalki-cal-prawdziwe-drzwi-z-malowniczej-suwalszczyzny\/\",\"name\":\"Drzwi CAL - prawdziwe drzwi z malowniczej Suwalszczyzny . Zobacz!\",\"isPartOf\":{\"@id\":\"https:\/\/www.drzwi-cal.pl\/en\/#website\"},\"primaryImageOfPage\":{\"@id\":\"https:\/\/www.drzwi-cal.pl\/en\/blog\/drzwi-suwalki-cal-prawdziwe-drzwi-z-malowniczej-suwalszczyzny\/#primaryimage\"},\"image\":{\"@id\":\"https:\/\/www.drzwi-cal.pl\/en\/blog\/drzwi-suwalki-cal-prawdziwe-drzwi-z-malowniczej-suwalszczyzny\/#primaryimage\"},\"thumbnailUrl\":\"https:\/\/www.drzwi-cal.pl\/wp-content\/uploads\/2021\/04\/1473df18-a68b-4f18-bfe5-4a8c984b3a94.jpeg\",\"datePublished\":\"2021-04-21T08:38:28+00:00\",\"dateModified\":\"2026-04-08T20:14:20+00:00\",\"description\":\"Drzwi Suwa\u0142ki | Co wsp\u00f3lnego maj\u0105 malownicze tereny rekreacyjne z drewnianymi drzwiami produkowanymi na Suwalszczy\u017anie? Dowiedz si\u0119 wi\u0119cej!\",\"breadcrumb\":{\"@id\":\"https:\/\/www.drzwi-cal.pl\/en\/blog\/drzwi-suwalki-cal-prawdziwe-drzwi-z-malowniczej-suwalszczyzny\/#breadcrumb\"},\"inLanguage\":\"en-US\",\"potentialAction\":[{\"@type\":\"ReadAction\",\"target\":[\"https:\/\/www.drzwi-cal.pl\/en\/blog\/drzwi-suwalki-cal-prawdziwe-drzwi-z-malowniczej-suwalszczyzny\/\"]}]},{\"@type\":\"ImageObject\",\"inLanguage\":\"en-US\",\"@id\":\"https:\/\/www.drzwi-cal.pl\/en\/blog\/drzwi-suwalki-cal-prawdziwe-drzwi-z-malowniczej-suwalszczyzny\/#primaryimage\",\"url\":\"https:\/\/www.drzwi-cal.pl\/wp-content\/uploads\/2021\/04\/1473df18-a68b-4f18-bfe5-4a8c984b3a94.jpeg\",\"contentUrl\":\"https:\/\/www.drzwi-cal.pl\/wp-content\/uploads\/2021\/04\/1473df18-a68b-4f18-bfe5-4a8c984b3a94.jpeg\",\"width\":1600,\"height\":1200,\"caption\":\"Pogodna Suwalszczyzna\"},{\"@type\":\"BreadcrumbList\",\"@id\":\"https:\/\/www.drzwi-cal.pl\/en\/blog\/drzwi-suwalki-cal-prawdziwe-drzwi-z-malowniczej-suwalszczyzny\/#breadcrumb\",\"itemListElement\":[{\"@type\":\"ListItem\",\"position\":1,\"name\":\"CAL prawdziwe drzwi\",\"item\":\"https:\/\/www.drzwi-cal.pl\/en\/\"},{\"@type\":\"ListItem\",\"position\":2,\"name\":\"Blog\",\"item\":\"https:\/\/www.drzwi-cal.pl\/en\/blog\/\"},{\"@type\":\"ListItem\",\"position\":3,\"name\":\"Drzwi CAL &#8211; prawdziwe drzwi z malowniczej Suwalszczyzny\"}]},{\"@type\":\"WebSite\",\"@id\":\"https:\/\/www.drzwi-cal.pl\/en\/#website\",\"url\":\"https:\/\/www.drzwi-cal.pl\/en\/\",\"name\":\"Drzwi zewn\u0119trzne i wewn\u0119trzne premium\",\"description\":\"Wybierz tylko kolor i model swoich drzwi zewn\u0119trznych CAL, bo ciep\u0142o i bezpiecze\u0144stwo masz zawsze w cenie! Dobierz pasuj\u0105ce drewniane drzwi wewn\u0119trzne CAL.\",\"publisher\":{\"@id\":\"https:\/\/www.drzwi-cal.pl\/en\/#organization\"},\"potentialAction\":[{\"@type\":\"SearchAction\",\"target\":{\"@type\":\"EntryPoint\",\"urlTemplate\":\"https:\/\/www.drzwi-cal.pl\/en\/?s={search_term_string}\"},\"query-input\":{\"@type\":\"PropertyValueSpecification\",\"valueRequired\":true,\"valueName\":\"search_term_string\"}}],\"inLanguage\":\"en-US\"},{\"@type\":\"Organization\",\"@id\":\"https:\/\/www.drzwi-cal.pl\/en\/#organization\",\"name\":\"Drzwi CAL\",\"alternateName\":\"Prawdziwe drzwi CAL\",\"url\":\"https:\/\/www.drzwi-cal.pl\/en\/\",\"logo\":{\"@type\":\"ImageObject\",\"inLanguage\":\"en-US\",\"@id\":\"https:\/\/www.drzwi-cal.pl\/en\/#\/schema\/logo\/image\/\",\"url\":\"https:\/\/www.drzwi-cal.pl\/wp-content\/uploads\/2018\/08\/CAL.jpg\",\"contentUrl\":\"https:\/\/www.drzwi-cal.pl\/wp-content\/uploads\/2018\/08\/CAL.jpg\",\"width\":1667,\"height\":750,\"caption\":\"Drzwi CAL\"},\"image\":{\"@id\":\"https:\/\/www.drzwi-cal.pl\/en\/#\/schema\/logo\/image\/\"},\"sameAs\":[\"https:\/\/www.facebook.com\/drzwical\/\",\"https:\/\/www.instagram.com\/drzwical\/\",\"https:\/\/www.linkedin.com\/company\/drzwi-cal\",\"https:\/\/www.youtube.com\/user\/drzwical\/\"]}]}<\/script>\n<!-- \/ Yoast SEO plugin. -->","yoast_head_json":{"title":"Drzwi CAL - prawdziwe drzwi z malowniczej Suwalszczyzny . Zobacz!","description":"Drzwi Suwa\u0142ki | Co wsp\u00f3lnego maj\u0105 malownicze tereny rekreacyjne z drewnianymi drzwiami produkowanymi na Suwalszczy\u017anie? Dowiedz si\u0119 wi\u0119cej!","robots":{"index":"index","follow":"follow","max-snippet":"max-snippet:-1","max-image-preview":"max-image-preview:large","max-video-preview":"max-video-preview:-1"},"canonical":"https:\/\/www.drzwi-cal.pl\/en\/blog\/drzwi-suwalki-cal-prawdziwe-drzwi-z-malowniczej-suwalszczyzny\/","og_locale":"en_US","og_type":"article","og_title":"Drzwi CAL - prawdziwe drzwi z malowniczej Suwalszczyzny","og_description":"Drzwi Suwa\u0142ki | Ka\u017cdy kto podr\u00f3\u017cuje po Polsce z pewno\u015bci\u0105 kojarzy takie nazwy jak R\u00f3wnica, \u015anie\u017cka, Necko czy Ha\u0144cza. Je\u015bli kojarz\u0105 si\u0119 Wam one tylko z urokliwymi zak\u0105tkami Polski, to po przeczytaniu poni\u017cszego wpisu niew\u0105tpliwie si\u0119 to zmieni. Co wsp\u00f3lnego maj\u0105 malownicze tereny rekreacyjne z drewnianymi drzwiami produkowanymi na Suwalszczy\u017anie?","og_url":"https:\/\/www.drzwi-cal.pl\/en\/blog\/drzwi-suwalki-cal-prawdziwe-drzwi-z-malowniczej-suwalszczyzny\/","og_site_name":"Drzwi zewn\u0119trzne i wewn\u0119trzne premium","article_publisher":"https:\/\/www.facebook.com\/drzwical\/","article_modified_time":"2026-04-08T20:14:20+00:00","og_image":[{"width":1600,"height":1200,"url":"https:\/\/www.drzwi-cal.pl\/wp-content\/uploads\/2021\/04\/1473df18-a68b-4f18-bfe5-4a8c984b3a94.jpeg","type":"image\/jpeg"}],"twitter_card":"summary_large_image","twitter_misc":{"Est. reading time":"3 minutes"},"schema":{"@context":"https:\/\/schema.org","@graph":[{"@type":"WebPage","@id":"https:\/\/www.drzwi-cal.pl\/en\/blog\/drzwi-suwalki-cal-prawdziwe-drzwi-z-malowniczej-suwalszczyzny\/","url":"https:\/\/www.drzwi-cal.pl\/en\/blog\/drzwi-suwalki-cal-prawdziwe-drzwi-z-malowniczej-suwalszczyzny\/","name":"Drzwi CAL - prawdziwe drzwi z malowniczej Suwalszczyzny . Zobacz!","isPartOf":{"@id":"https:\/\/www.drzwi-cal.pl\/en\/#website"},"primaryImageOfPage":{"@id":"https:\/\/www.drzwi-cal.pl\/en\/blog\/drzwi-suwalki-cal-prawdziwe-drzwi-z-malowniczej-suwalszczyzny\/#primaryimage"},"image":{"@id":"https:\/\/www.drzwi-cal.pl\/en\/blog\/drzwi-suwalki-cal-prawdziwe-drzwi-z-malowniczej-suwalszczyzny\/#primaryimage"},"thumbnailUrl":"https:\/\/www.drzwi-cal.pl\/wp-content\/uploads\/2021\/04\/1473df18-a68b-4f18-bfe5-4a8c984b3a94.jpeg","datePublished":"2021-04-21T08:38:28+00:00","dateModified":"2026-04-08T20:14:20+00:00","description":"Drzwi Suwa\u0142ki | Co wsp\u00f3lnego maj\u0105 malownicze tereny rekreacyjne z drewnianymi drzwiami produkowanymi na Suwalszczy\u017anie? Dowiedz si\u0119 wi\u0119cej!","breadcrumb":{"@id":"https:\/\/www.drzwi-cal.pl\/en\/blog\/drzwi-suwalki-cal-prawdziwe-drzwi-z-malowniczej-suwalszczyzny\/#breadcrumb"},"inLanguage":"en-US","potentialAction":[{"@type":"ReadAction","target":["https:\/\/www.drzwi-cal.pl\/en\/blog\/drzwi-suwalki-cal-prawdziwe-drzwi-z-malowniczej-suwalszczyzny\/"]}]},{"@type":"ImageObject","inLanguage":"en-US","@id":"https:\/\/www.drzwi-cal.pl\/en\/blog\/drzwi-suwalki-cal-prawdziwe-drzwi-z-malowniczej-suwalszczyzny\/#primaryimage","url":"https:\/\/www.drzwi-cal.pl\/wp-content\/uploads\/2021\/04\/1473df18-a68b-4f18-bfe5-4a8c984b3a94.jpeg","contentUrl":"https:\/\/www.drzwi-cal.pl\/wp-content\/uploads\/2021\/04\/1473df18-a68b-4f18-bfe5-4a8c984b3a94.jpeg","width":1600,"height":1200,"caption":"Pogodna Suwalszczyzna"},{"@type":"BreadcrumbList","@id":"https:\/\/www.drzwi-cal.pl\/en\/blog\/drzwi-suwalki-cal-prawdziwe-drzwi-z-malowniczej-suwalszczyzny\/#breadcrumb","itemListElement":[{"@type":"ListItem","position":1,"name":"CAL prawdziwe drzwi","item":"https:\/\/www.drzwi-cal.pl\/en\/"},{"@type":"ListItem","position":2,"name":"Blog","item":"https:\/\/www.drzwi-cal.pl\/en\/blog\/"},{"@type":"ListItem","position":3,"name":"Drzwi CAL &#8211; prawdziwe drzwi z malowniczej Suwalszczyzny"}]},{"@type":"WebSite","@id":"https:\/\/www.drzwi-cal.pl\/en\/#website","url":"https:\/\/www.drzwi-cal.pl\/en\/","name":"Drzwi zewn\u0119trzne i wewn\u0119trzne premium","description":"Wybierz tylko kolor i model swoich drzwi zewn\u0119trznych CAL, bo ciep\u0142o i bezpiecze\u0144stwo masz zawsze w cenie! Dobierz pasuj\u0105ce drewniane drzwi wewn\u0119trzne CAL.","publisher":{"@id":"https:\/\/www.drzwi-cal.pl\/en\/#organization"},"potentialAction":[{"@type":"SearchAction","target":{"@type":"EntryPoint","urlTemplate":"https:\/\/www.drzwi-cal.pl\/en\/?s={search_term_string}"},"query-input":{"@type":"PropertyValueSpecification","valueRequired":true,"valueName":"search_term_string"}}],"inLanguage":"en-US"},{"@type":"Organization","@id":"https:\/\/www.drzwi-cal.pl\/en\/#organization","name":"Drzwi CAL","alternateName":"Prawdziwe drzwi CAL","url":"https:\/\/www.drzwi-cal.pl\/en\/","logo":{"@type":"ImageObject","inLanguage":"en-US","@id":"https:\/\/www.drzwi-cal.pl\/en\/#\/schema\/logo\/image\/","url":"https:\/\/www.drzwi-cal.pl\/wp-content\/uploads\/2018\/08\/CAL.jpg","contentUrl":"https:\/\/www.drzwi-cal.pl\/wp-content\/uploads\/2018\/08\/CAL.jpg","width":1667,"height":750,"caption":"Drzwi CAL"},"image":{"@id":"https:\/\/www.drzwi-cal.pl\/en\/#\/schema\/logo\/image\/"},"sameAs":["https:\/\/www.facebook.com\/drzwical\/","https:\/\/www.instagram.com\/drzwical\/","https:\/\/www.linkedin.com\/company\/drzwi-cal","https:\/\/www.youtube.com\/user\/drzwical\/"]}]}},"_links":{"self":[{"href":"https:\/\/www.drzwi-cal.pl\/en\/wp-json\/wp\/v2\/blog\/10924","targetHints":{"allow":["GET"]}}],"collection":[{"href":"https:\/\/www.drzwi-cal.pl\/en\/wp-json\/wp\/v2\/blog"}],"about":[{"href":"https:\/\/www.drzwi-cal.pl\/en\/wp-json\/wp\/v2\/types\/dc_blog"}],"replies":[{"embeddable":true,"href":"https:\/\/www.drzwi-cal.pl\/en\/wp-json\/wp\/v2\/comments?post=10924"}],"version-history":[{"count":2,"href":"https:\/\/www.drzwi-cal.pl\/en\/wp-json\/wp\/v2\/blog\/10924\/revisions"}],"predecessor-version":[{"id":23568,"href":"https:\/\/www.drzwi-cal.pl\/en\/wp-json\/wp\/v2\/blog\/10924\/revisions\/23568"}],"wp:featuredmedia":[{"embeddable":true,"href":"https:\/\/www.drzwi-cal.pl\/en\/wp-json\/wp\/v2\/media\/10940"}],"wp:attachment":[{"href":"https:\/\/www.drzwi-cal.pl\/en\/wp-json\/wp\/v2\/media?parent=10924"}],"curies":[{"name":"wp","href":"https:\/\/api.w.org\/{rel}","templated":true}]}}