{"id":10980,"date":"2021-05-17T09:08:42","date_gmt":"2021-05-17T07:08:42","guid":{"rendered":"https:\/\/www.drzwi-cal.pl\/?post_type=dc_blog&#038;p=10980"},"modified":"2025-01-29T11:32:01","modified_gmt":"2025-01-29T10:32:01","slug":"kryteria-doboru-progu-do-drzwi-wejsciowych","status":"publish","type":"dc_blog","link":"https:\/\/www.drzwi-cal.pl\/en\/blog\/kryteria-doboru-progu-do-drzwi-wejsciowych\/","title":{"rendered":"Kryteria doboru progu do drzwi wej\u015bciowych"},"content":{"rendered":"<h3 style=\"text-align: center;\"><a title=\"drzwi wewn\u0119trzne\" href=\"https:\/\/www.drzwi-cal.pl\/drzwi-wewnetrzne\/\">Sprawd\u017a ofert\u0119! Na Drzwi wewn\u0119trzne<\/a><\/h3>\n<p>Drzwi zewn\u0119trzne to produkt sk\u0142adaj\u0105cy si\u0119 z trzech podstawowych element\u00f3w: skrzyd\u0142a, o\u015bcie\u017cnicy i progu. Ka\u017cdy z tych element\u00f3w ma wp\u0142yw na termoizolacyjno\u015b\u0107 drzwi, jednak szczeg\u00f3lnie wa\u017cn\u0105 rol\u0119 w tej kwestii odgrywa pr\u00f3g. Jaki powinien by\u0107 dobry pr\u00f3g aby drzwi by\u0142y szczelne, a przedsionek ciep\u0142y?<\/p>\n<h3 style=\"text-align: center;\"><a title=\"drzwi zewn\u0119trzne\" href=\"https:\/\/www.drzwi-cal.pl\/drzwi-zewnetrzne\/\">Sprawd\u017a ofert\u0119! Na Drzwi zewn\u0119trzne<\/a><\/h3>\n<h2><strong>Pr\u00f3g do drzwi \u2013 klucz do ciep\u0142ego przedsionka<\/strong><\/h2>\n<p>Przegl\u0105daj\u0105c oferty producent\u00f3w drzwi zewn\u0119trznych, mamy mo\u017cliwo\u015b\u0107 wyboru ich konstrukcji, koloru, designu skrzyd\u0142a, rodzaju szklenia czy oku\u0107. Warto jednak zwr\u00f3ci\u0107 uwag\u0119, czy producent oferuje mo\u017cliwo\u015b\u0107 dostosowania progu do naszych potrzeb. Dobrze dobrany pr\u00f3g pe\u0142ni kluczow\u0105 rol\u0119 w izolacji termicznej, zmniejszaj\u0105c ryzyko powstawania mostk\u00f3w termicznych. Dzi\u0119ki temu ciep\u0142o nie ucieka z wn\u0119trza, a zimne powietrze i kurz nie dostaj\u0105 si\u0119 do \u015brodka.<\/p>\n<p>W\u0142a\u015bciwy pr\u00f3g ma r\u00f3wnie\u017c wp\u0142yw na izolacj\u0119 akustyczn\u0105 drzwi. Aby spe\u0142nia\u0142 wszystkie swoje funkcje przez d\u0142ugie lata musi by\u0107 niezawodny, wytrzyma\u0142y i stabilnie osadzony. Zw\u0142aszcza je\u015bli jeste\u015bmy aktywni, a nasz dom charakteryzuje si\u0119 du\u017cym nat\u0119\u017ceniem ruchu.\u00a0Dobry jako\u015bciowo pr\u00f3g powinien by\u0107 trwa\u0142y, odporny na uszkodzenia mechaniczne i zapewnia\u0107 odpowiedni\u0105 izolacj\u0119 akustyczn\u0105. Progi metalowe, zw\u0142aszcza wykonane z aluminium, cechuj\u0105 si\u0119 wysok\u0105 odporno\u015bci\u0105 i estetycznym wyko\u0144czeniem. Wa\u017cna jest r\u00f3wnie\u017c ich dost\u0119pno\u015b\u0107 w r\u00f3\u017cnych materia\u0142ach, takich jak drewno czy PCV, co pozwala na idealne dopasowanie do ka\u017cdego wn\u0119trza. Warto zwr\u00f3ci\u0107 uwag\u0119 na elementy dodatkowe, takie jak uszczelka czy listwa progowa, kt\u00f3re zwi\u0119kszaj\u0105 trwa\u0142o\u015b\u0107 i estetyk\u0119 ca\u0142o\u015bci.<\/p>\n<p><a href=\"https:\/\/www.drzwi-cal.pl\/wp-content\/uploads\/2019\/11\/Render-frontu-domu-Ciep\u0142y-pr\u00f3g-20191021-A5-4000px-e1573815486760.jpg\"><img fetchpriority=\"high\" decoding=\"async\" class=\"alignnone wp-image-7172\" src=\"https:\/\/www.drzwi-cal.pl\/wp-content\/uploads\/2019\/11\/Render-frontu-domu-Ciep\u0142y-pr\u00f3g-20191021-A5-4000px-1024x768.jpg\" alt=\"pr\u00f3g do drzwi\" width=\"600\" height=\"450\" \/><\/a><\/p>\n<h2><strong>Jaki pr\u00f3g do drzwi wej\u015bciowych drewnianych?<\/strong><\/h2>\n<p>Drewniane drzwi\u00a0zazwyczaj maj\u0105 drewniany pr\u00f3g \u2013 tego typu stwierdzenie przeczytacie na wielu blogach internetowych. Nie jest ono jednak prawd\u0105 i wprowadza w b\u0142\u0105d. Czo\u0142owi producenci drewnianych drzwi zewn\u0119trznych jako standard stosuj\u0105 zazwyczaj progi aluminiowe. Drewniane progi natomiast s\u0105 dost\u0119pne jako opcja za dop\u0142at\u0105 lub dedykowane do starszych, bardziej klasycznych kolekcji. Warto sprawdzi\u0107, jaki rodzaj progu najlepiej spe\u0142ni wymagania u\u017cytkowe oraz estetyczne.<\/p>\n<p>Dlaczego standardem jest pr\u00f3g aluminiowy, a nie drewniany? Aluminiowy pr\u00f3g, dzi\u0119ki komorom powietrznym, skutecznie zmniejsza powstawanie mostk\u00f3w termicznych i zapobiega przemarzaniu. Dodatkowo charakteryzuje si\u0119 trwa\u0142o\u015bci\u0105, odporno\u015bci\u0105 na warunki atmosferyczne i nie wymaga szczeg\u00f3lnej konserwacji. Drewniany pr\u00f3g, cho\u0107 dekoracyjny, jest bardziej podatny na zawilgocenie oraz uszkodzenia i mo\u017ce wymaga\u0107 cz\u0119stszej piel\u0119gnacji. Po latach intensywnego u\u017cytkowania w pomieszczeniach o du\u017cym nat\u0119\u017ceniu ruchu, mo\u017ce by\u0107 konieczna jego wymiana.<\/p>\n<p>Przy zakupie prog\u00f3w do drzwi zewn\u0119trznych, nale\u017cy zwr\u00f3ci\u0107 uwag\u0119 na ich wymiar oraz powierzchni\u0119, kt\u00f3ra powinna by\u0107 idealnie dostosowana do pod\u0142ogi. Wa\u017cna jest \u0142atwo\u015b\u0107 monta\u017cu oraz stabilne osadzenie, kt\u00f3re zapewnia bezpiecze\u0144stwo i szczelno\u015b\u0107. W przypadku prog\u00f3w drewnianych konieczna jest dodatkowa ochrona lakiernicza, by wyd\u0142u\u017cy\u0107 ich \u017cywotno\u015b\u0107. <u>Wsp\u00f3\u0142czesne progi drzwiowe do budynk\u00f3w mieszkalnych musz\u0105 by\u0107 r\u00f3wnie\u017c wykonane zgodnie z obowi\u0105zuj\u0105cymi przepisami budowlanymi. Te okre\u015blaj\u0105 przede wszystkim dopuszczaln\u0105 wysoko\u015b\u0107 progu, kt\u00f3ra nie mo\u017ce przekroczy\u0107 20 mm.<\/u><\/p>\n<h2><strong>Zgrany duet \u2013 ciep\u0142y pr\u00f3g i ciep\u0142y monta\u017c<\/strong><\/h2>\n<p>W ostatnich latach coraz wi\u0119cej m\u00f3wi si\u0119 o ciep\u0142ym monta\u017cu o\u015bcie\u017cnicy drzwiowej, realizowanym przy u\u017cyciu ta\u015bm termoizolacyjnych, kt\u00f3re skutecznie zabezpieczaj\u0105 przed wilgoci\u0105. Decyduj\u0105c si\u0119 na taki spos\u00f3b monta\u017cu, warto r\u00f3wnie\u017c rozwa\u017cy\u0107 ciep\u0142y monta\u017c progu drzwiowego, szczeg\u00f3lnie w przypadku drzwi zewn\u0119trznych i wewn\u0119trznych. Dlaczego to rozwi\u0105zanie zyskuje na popularno\u015bci i jakie korzy\u015bci przynosi?<\/p>\n<p>Ciep\u0142y monta\u017c progu opiera si\u0119 na zastosowaniu termicznego progu z wype\u0142nionymi powietrzem komorami, kt\u00f3re efektywnie izoluj\u0105 przestrze\u0144 pod progiem. Aby zapewni\u0107 maksymaln\u0105 skuteczno\u015b\u0107, taki pr\u00f3g powinien by\u0107 montowany na warstwie ocieplenia \u2013 najcz\u0119\u015bciej z purenitu. Purenit to materia\u0142 o niskiej nasi\u0105kliwo\u015bci, wysokiej jako\u015bci i doskona\u0142ych w\u0142a\u015bciwo\u015bciach termoizolacyjnych, kt\u00f3ry r\u00f3wnocze\u015bnie zabezpiecza przed wilgoci\u0105 oraz pomaga wyr\u00f3wna\u0107 powierzchni\u0119.<\/p>\n<p>Taki monta\u017c pozwala zmniejszy\u0107 straty ciep\u0142a, zapewniaj\u0105c przyjemnie ciep\u0142y przedsionek na d\u0142ugie lata. Brak odpowiedniego monta\u017cu lub jego niew\u0142a\u015bciwe wykonanie mo\u017ce prowadzi\u0107 do powa\u017cnych problem\u00f3w, takich jak wy\u017csze koszty ogrzewania czy uszkodzenia drzwi, kt\u00f3re nie s\u0105 obj\u0119te gwarancj\u0105.<\/p>\n<p><a href=\"https:\/\/www.drzwi-cal.pl\/wp-content\/uploads\/2017\/09\/top_5.jpg\"><img decoding=\"async\" class=\"alignnone wp-image-396 size-full\" src=\"https:\/\/www.drzwi-cal.pl\/wp-content\/uploads\/2017\/09\/top_5.jpg\" alt=\"pr\u00f3g do drzwi\" width=\"350\" height=\"343\" srcset=\"https:\/\/www.drzwi-cal.pl\/wp-content\/uploads\/2017\/09\/top_5.jpg 350w, https:\/\/www.drzwi-cal.pl\/wp-content\/uploads\/2017\/09\/top_5-150x147.jpg 150w, https:\/\/www.drzwi-cal.pl\/wp-content\/uploads\/2017\/09\/top_5-300x294.jpg 300w, https:\/\/www.drzwi-cal.pl\/wp-content\/uploads\/2017\/09\/top_5-204x200.jpg 204w, https:\/\/www.drzwi-cal.pl\/wp-content\/uploads\/2017\/09\/top_5-70x70.jpg 70w, https:\/\/www.drzwi-cal.pl\/wp-content\/uploads\/2017\/09\/top_5-25x25.jpg 25w\" sizes=\"(max-width: 350px) 100vw, 350px\" \/><\/a><\/p>\n<h2><strong>Innowacja CAL \u2013 Termiczna Os\u0142ona Podpro\u017ca<\/strong><\/h2>\n<p>Niekt\u00f3rzy producenci wyprzedzili trendy i wprowadzili w\u0142asne, innowacyjne rozwi\u0105zania w kwestii ciep\u0142ego monta\u017cu. Tak\u0105 firm\u0105 jest mi\u0119dzy innymi CAL Prawdziwe drzwi, kt\u00f3ra w 2013 roku opatentowa\u0142a nowatorskie rozwi\u0105zanie \u2013 Termiczn\u0105 Os\u0142on\u0119 Podpro\u017ca. Jest to kilkuelementowy, prosty w monta\u017cu i efektywny w dzia\u0142aniu zestaw <u>przeznaczony<\/u> do drzwi CAL. <u>Konstrukcja Termicznej Os\u0142ony Podpro\u017ca polega na spi\u0119ciu z progiem dw\u00f3ch poszerze\u0144, hydroizolacji oraz specjalnie nafrezowanego bloku z twardego polistyrenu spienionego. Powinien by\u0107 on posadowiony na wypoziomowanej podwalinie z purenitu lub innego wytrzyma\u0142ego i termoizolacyjnego materia\u0142u.<\/u> Konstruktorom zale\u017ca\u0142o przede wszystkim na funkcjonalno\u015bci rozwi\u0105zania, \u0142atwym monta\u017cu oraz maksymalnej izolacji termicznej \u2013 <u>podpro\u017ce si\u0119ga poni\u017cej poziomu betonowej posadzki, dzi\u0119ki czemu eliminuje mostki termiczne.<\/u> Wi\u0119cej o tym innowacyjnym, wyj\u0105tkowym na rynku stolarki rozwi\u0105zaniu przeczytacie <a href=\"https:\/\/www.drzwi-cal.pl\/termiczna-oslona-podproza-2\/\">tutaj<\/a>.<\/p>\n<p><a href=\"https:\/\/www.drzwi-cal.pl\/wp-content\/uploads\/2021\/02\/TOP-Arctic-1.jpg\"><img decoding=\"async\" class=\"alignnone wp-image-10103 size-medium\" src=\"https:\/\/www.drzwi-cal.pl\/wp-content\/uploads\/2021\/02\/TOP-Arctic-1-300x300.jpg\" alt=\"pr\u00f3g do drzwi\" width=\"300\" height=\"300\" srcset=\"https:\/\/www.drzwi-cal.pl\/wp-content\/uploads\/2021\/02\/TOP-Arctic-1-300x300.jpg 300w, https:\/\/www.drzwi-cal.pl\/wp-content\/uploads\/2021\/02\/TOP-Arctic-1-1024x1024.jpg 1024w, https:\/\/www.drzwi-cal.pl\/wp-content\/uploads\/2021\/02\/TOP-Arctic-1-150x150.jpg 150w, https:\/\/www.drzwi-cal.pl\/wp-content\/uploads\/2021\/02\/TOP-Arctic-1-768x768.jpg 768w, https:\/\/www.drzwi-cal.pl\/wp-content\/uploads\/2021\/02\/TOP-Arctic-1-960x960.jpg 960w, https:\/\/www.drzwi-cal.pl\/wp-content\/uploads\/2021\/02\/TOP-Arctic-1-640x640.jpg 640w, https:\/\/www.drzwi-cal.pl\/wp-content\/uploads\/2021\/02\/TOP-Arctic-1-204x204.jpg 204w, https:\/\/www.drzwi-cal.pl\/wp-content\/uploads\/2021\/02\/TOP-Arctic-1-120x120.jpg 120w, https:\/\/www.drzwi-cal.pl\/wp-content\/uploads\/2021\/02\/TOP-Arctic-1-70x70.jpg 70w, https:\/\/www.drzwi-cal.pl\/wp-content\/uploads\/2021\/02\/TOP-Arctic-1-25x25.jpg 25w, https:\/\/www.drzwi-cal.pl\/wp-content\/uploads\/2021\/02\/TOP-Arctic-1.jpg 1500w\" sizes=\"(max-width: 300px) 100vw, 300px\" \/><\/a><\/p>\n<p>Autorka: Natalia Kiler, technolo\u017cka CAL prawdziwe drzwi<\/p>\n","protected":false},"featured_media":10981,"comment_status":"open","ping_status":"closed","template":"","meta":[],"class_list":["post-10980","dc_blog","type-dc_blog","status-publish","has-post-thumbnail","hentry","dc_blog_tagi-budowa-domu","dc_blog_tagi-top-rozwiazania"],"acf":[],"yoast_head":"<!-- This site is optimized with the Yoast SEO plugin v26.5 - https:\/\/yoast.com\/wordpress\/plugins\/seo\/ -->\n<title>Kryteria doboru progu do drzwi wej\u015bciowych - sprawd\u017a je!<\/title>\n<meta name=\"description\" content=\"Jaki powinien by\u0107 dobry pr\u00f3g do drzwi, aby te by\u0142y szczelne, a przedsionek ciep\u0142y? Sprawd\u017a porady ekspert\u00f3w w poni\u017cszym wpisie!\" \/>\n<meta name=\"robots\" content=\"index, follow, max-snippet:-1, max-image-preview:large, max-video-preview:-1\" \/>\n<link rel=\"canonical\" href=\"https:\/\/www.drzwi-cal.pl\/en\/blog\/kryteria-doboru-progu-do-drzwi-wejsciowych\/\" \/>\n<meta property=\"og:locale\" content=\"en_US\" \/>\n<meta property=\"og:type\" content=\"article\" \/>\n<meta property=\"og:title\" content=\"Pr\u00f3g do drzwi \u2013 klucz do ciep\u0142ego przedsionka\" \/>\n<meta property=\"og:description\" content=\"Drzwi zewn\u0119trzne to produkt sk\u0142adaj\u0105cy si\u0119 z trzech podstawowych element\u00f3w: skrzyd\u0142a, o\u015bcie\u017cnicy i progu. Ka\u017cdy z tych element\u00f3w ma wp\u0142yw na termoizolacyjno\u015b\u0107 drzwi, jednak szczeg\u00f3lnie wa\u017cn\u0105 rol\u0119 w tej kwestii odgrywa pr\u00f3g. Jaki powinien by\u0107 dobry pr\u00f3g aby drzwi by\u0142y szczelne, a przedsionek ciep\u0142y?\" \/>\n<meta property=\"og:url\" content=\"https:\/\/www.drzwi-cal.pl\/en\/blog\/kryteria-doboru-progu-do-drzwi-wejsciowych\/\" \/>\n<meta property=\"og:site_name\" content=\"Drzwi zewn\u0119trzne i wewn\u0119trzne premium\" \/>\n<meta property=\"article:publisher\" content=\"https:\/\/www.facebook.com\/drzwical\/\" \/>\n<meta property=\"article:modified_time\" content=\"2025-01-29T10:32:01+00:00\" \/>\n<meta property=\"og:image\" content=\"https:\/\/www.drzwi-cal.pl\/wp-content\/uploads\/2021\/02\/TOP-Arctic-1.jpg\" \/>\n\t<meta property=\"og:image:width\" content=\"1500\" \/>\n\t<meta property=\"og:image:height\" content=\"1500\" \/>\n\t<meta property=\"og:image:type\" content=\"image\/jpeg\" \/>\n<meta name=\"twitter:card\" content=\"summary_large_image\" \/>\n<meta name=\"twitter:label1\" content=\"Est. reading time\" \/>\n\t<meta name=\"twitter:data1\" content=\"6 minutes\" \/>\n<script type=\"application\/ld+json\" class=\"yoast-schema-graph\">{\"@context\":\"https:\/\/schema.org\",\"@graph\":[{\"@type\":\"WebPage\",\"@id\":\"https:\/\/www.drzwi-cal.pl\/en\/blog\/kryteria-doboru-progu-do-drzwi-wejsciowych\/\",\"url\":\"https:\/\/www.drzwi-cal.pl\/en\/blog\/kryteria-doboru-progu-do-drzwi-wejsciowych\/\",\"name\":\"Kryteria doboru progu do drzwi wej\u015bciowych - sprawd\u017a je!\",\"isPartOf\":{\"@id\":\"https:\/\/www.drzwi-cal.pl\/en\/#website\"},\"primaryImageOfPage\":{\"@id\":\"https:\/\/www.drzwi-cal.pl\/en\/blog\/kryteria-doboru-progu-do-drzwi-wejsciowych\/#primaryimage\"},\"image\":{\"@id\":\"https:\/\/www.drzwi-cal.pl\/en\/blog\/kryteria-doboru-progu-do-drzwi-wejsciowych\/#primaryimage\"},\"thumbnailUrl\":\"https:\/\/www.drzwi-cal.pl\/wp-content\/uploads\/2021\/05\/Bez-nazwy-1-1.jpg\",\"datePublished\":\"2021-05-17T07:08:42+00:00\",\"dateModified\":\"2025-01-29T10:32:01+00:00\",\"description\":\"Jaki powinien by\u0107 dobry pr\u00f3g do drzwi, aby te by\u0142y szczelne, a przedsionek ciep\u0142y? Sprawd\u017a porady ekspert\u00f3w w poni\u017cszym wpisie!\",\"breadcrumb\":{\"@id\":\"https:\/\/www.drzwi-cal.pl\/en\/blog\/kryteria-doboru-progu-do-drzwi-wejsciowych\/#breadcrumb\"},\"inLanguage\":\"en-US\",\"potentialAction\":[{\"@type\":\"ReadAction\",\"target\":[\"https:\/\/www.drzwi-cal.pl\/en\/blog\/kryteria-doboru-progu-do-drzwi-wejsciowych\/\"]}]},{\"@type\":\"ImageObject\",\"inLanguage\":\"en-US\",\"@id\":\"https:\/\/www.drzwi-cal.pl\/en\/blog\/kryteria-doboru-progu-do-drzwi-wejsciowych\/#primaryimage\",\"url\":\"https:\/\/www.drzwi-cal.pl\/wp-content\/uploads\/2021\/05\/Bez-nazwy-1-1.jpg\",\"contentUrl\":\"https:\/\/www.drzwi-cal.pl\/wp-content\/uploads\/2021\/05\/Bez-nazwy-1-1.jpg\",\"width\":1400,\"height\":684,\"caption\":\"pr\u00f3g drzwiowy\"},{\"@type\":\"BreadcrumbList\",\"@id\":\"https:\/\/www.drzwi-cal.pl\/en\/blog\/kryteria-doboru-progu-do-drzwi-wejsciowych\/#breadcrumb\",\"itemListElement\":[{\"@type\":\"ListItem\",\"position\":1,\"name\":\"CAL prawdziwe drzwi\",\"item\":\"https:\/\/www.drzwi-cal.pl\/en\/\"},{\"@type\":\"ListItem\",\"position\":2,\"name\":\"Blog\",\"item\":\"https:\/\/www.drzwi-cal.pl\/en\/blog\/\"},{\"@type\":\"ListItem\",\"position\":3,\"name\":\"Kryteria doboru progu do drzwi wej\u015bciowych\"}]},{\"@type\":\"WebSite\",\"@id\":\"https:\/\/www.drzwi-cal.pl\/en\/#website\",\"url\":\"https:\/\/www.drzwi-cal.pl\/en\/\",\"name\":\"Drzwi zewn\u0119trzne i wewn\u0119trzne premium\",\"description\":\"Wybierz tylko kolor i model swoich drzwi zewn\u0119trznych CAL, bo ciep\u0142o i bezpiecze\u0144stwo masz zawsze w cenie! Dobierz pasuj\u0105ce drewniane drzwi wewn\u0119trzne CAL.\",\"publisher\":{\"@id\":\"https:\/\/www.drzwi-cal.pl\/en\/#organization\"},\"potentialAction\":[{\"@type\":\"SearchAction\",\"target\":{\"@type\":\"EntryPoint\",\"urlTemplate\":\"https:\/\/www.drzwi-cal.pl\/en\/?s={search_term_string}\"},\"query-input\":{\"@type\":\"PropertyValueSpecification\",\"valueRequired\":true,\"valueName\":\"search_term_string\"}}],\"inLanguage\":\"en-US\"},{\"@type\":\"Organization\",\"@id\":\"https:\/\/www.drzwi-cal.pl\/en\/#organization\",\"name\":\"Drzwi CAL\",\"alternateName\":\"Prawdziwe drzwi CAL\",\"url\":\"https:\/\/www.drzwi-cal.pl\/en\/\",\"logo\":{\"@type\":\"ImageObject\",\"inLanguage\":\"en-US\",\"@id\":\"https:\/\/www.drzwi-cal.pl\/en\/#\/schema\/logo\/image\/\",\"url\":\"https:\/\/www.drzwi-cal.pl\/wp-content\/uploads\/2018\/08\/CAL.jpg\",\"contentUrl\":\"https:\/\/www.drzwi-cal.pl\/wp-content\/uploads\/2018\/08\/CAL.jpg\",\"width\":1667,\"height\":750,\"caption\":\"Drzwi CAL\"},\"image\":{\"@id\":\"https:\/\/www.drzwi-cal.pl\/en\/#\/schema\/logo\/image\/\"},\"sameAs\":[\"https:\/\/www.facebook.com\/drzwical\/\",\"https:\/\/www.instagram.com\/drzwical\/\",\"https:\/\/www.linkedin.com\/company\/drzwi-cal\",\"https:\/\/www.youtube.com\/user\/drzwical\/\"]}]}<\/script>\n<!-- \/ Yoast SEO plugin. -->","yoast_head_json":{"title":"Kryteria doboru progu do drzwi wej\u015bciowych - sprawd\u017a je!","description":"Jaki powinien by\u0107 dobry pr\u00f3g do drzwi, aby te by\u0142y szczelne, a przedsionek ciep\u0142y? Sprawd\u017a porady ekspert\u00f3w w poni\u017cszym wpisie!","robots":{"index":"index","follow":"follow","max-snippet":"max-snippet:-1","max-image-preview":"max-image-preview:large","max-video-preview":"max-video-preview:-1"},"canonical":"https:\/\/www.drzwi-cal.pl\/en\/blog\/kryteria-doboru-progu-do-drzwi-wejsciowych\/","og_locale":"en_US","og_type":"article","og_title":"Pr\u00f3g do drzwi \u2013 klucz do ciep\u0142ego przedsionka","og_description":"Drzwi zewn\u0119trzne to produkt sk\u0142adaj\u0105cy si\u0119 z trzech podstawowych element\u00f3w: skrzyd\u0142a, o\u015bcie\u017cnicy i progu. Ka\u017cdy z tych element\u00f3w ma wp\u0142yw na termoizolacyjno\u015b\u0107 drzwi, jednak szczeg\u00f3lnie wa\u017cn\u0105 rol\u0119 w tej kwestii odgrywa pr\u00f3g. Jaki powinien by\u0107 dobry pr\u00f3g aby drzwi by\u0142y szczelne, a przedsionek ciep\u0142y?","og_url":"https:\/\/www.drzwi-cal.pl\/en\/blog\/kryteria-doboru-progu-do-drzwi-wejsciowych\/","og_site_name":"Drzwi zewn\u0119trzne i wewn\u0119trzne premium","article_publisher":"https:\/\/www.facebook.com\/drzwical\/","article_modified_time":"2025-01-29T10:32:01+00:00","og_image":[{"width":1500,"height":1500,"url":"https:\/\/www.drzwi-cal.pl\/wp-content\/uploads\/2021\/02\/TOP-Arctic-1.jpg","type":"image\/jpeg"}],"twitter_card":"summary_large_image","twitter_misc":{"Est. reading time":"6 minutes"},"schema":{"@context":"https:\/\/schema.org","@graph":[{"@type":"WebPage","@id":"https:\/\/www.drzwi-cal.pl\/en\/blog\/kryteria-doboru-progu-do-drzwi-wejsciowych\/","url":"https:\/\/www.drzwi-cal.pl\/en\/blog\/kryteria-doboru-progu-do-drzwi-wejsciowych\/","name":"Kryteria doboru progu do drzwi wej\u015bciowych - sprawd\u017a je!","isPartOf":{"@id":"https:\/\/www.drzwi-cal.pl\/en\/#website"},"primaryImageOfPage":{"@id":"https:\/\/www.drzwi-cal.pl\/en\/blog\/kryteria-doboru-progu-do-drzwi-wejsciowych\/#primaryimage"},"image":{"@id":"https:\/\/www.drzwi-cal.pl\/en\/blog\/kryteria-doboru-progu-do-drzwi-wejsciowych\/#primaryimage"},"thumbnailUrl":"https:\/\/www.drzwi-cal.pl\/wp-content\/uploads\/2021\/05\/Bez-nazwy-1-1.jpg","datePublished":"2021-05-17T07:08:42+00:00","dateModified":"2025-01-29T10:32:01+00:00","description":"Jaki powinien by\u0107 dobry pr\u00f3g do drzwi, aby te by\u0142y szczelne, a przedsionek ciep\u0142y? Sprawd\u017a porady ekspert\u00f3w w poni\u017cszym wpisie!","breadcrumb":{"@id":"https:\/\/www.drzwi-cal.pl\/en\/blog\/kryteria-doboru-progu-do-drzwi-wejsciowych\/#breadcrumb"},"inLanguage":"en-US","potentialAction":[{"@type":"ReadAction","target":["https:\/\/www.drzwi-cal.pl\/en\/blog\/kryteria-doboru-progu-do-drzwi-wejsciowych\/"]}]},{"@type":"ImageObject","inLanguage":"en-US","@id":"https:\/\/www.drzwi-cal.pl\/en\/blog\/kryteria-doboru-progu-do-drzwi-wejsciowych\/#primaryimage","url":"https:\/\/www.drzwi-cal.pl\/wp-content\/uploads\/2021\/05\/Bez-nazwy-1-1.jpg","contentUrl":"https:\/\/www.drzwi-cal.pl\/wp-content\/uploads\/2021\/05\/Bez-nazwy-1-1.jpg","width":1400,"height":684,"caption":"pr\u00f3g drzwiowy"},{"@type":"BreadcrumbList","@id":"https:\/\/www.drzwi-cal.pl\/en\/blog\/kryteria-doboru-progu-do-drzwi-wejsciowych\/#breadcrumb","itemListElement":[{"@type":"ListItem","position":1,"name":"CAL prawdziwe drzwi","item":"https:\/\/www.drzwi-cal.pl\/en\/"},{"@type":"ListItem","position":2,"name":"Blog","item":"https:\/\/www.drzwi-cal.pl\/en\/blog\/"},{"@type":"ListItem","position":3,"name":"Kryteria doboru progu do drzwi wej\u015bciowych"}]},{"@type":"WebSite","@id":"https:\/\/www.drzwi-cal.pl\/en\/#website","url":"https:\/\/www.drzwi-cal.pl\/en\/","name":"Drzwi zewn\u0119trzne i wewn\u0119trzne premium","description":"Wybierz tylko kolor i model swoich drzwi zewn\u0119trznych CAL, bo ciep\u0142o i bezpiecze\u0144stwo masz zawsze w cenie! Dobierz pasuj\u0105ce drewniane drzwi wewn\u0119trzne CAL.","publisher":{"@id":"https:\/\/www.drzwi-cal.pl\/en\/#organization"},"potentialAction":[{"@type":"SearchAction","target":{"@type":"EntryPoint","urlTemplate":"https:\/\/www.drzwi-cal.pl\/en\/?s={search_term_string}"},"query-input":{"@type":"PropertyValueSpecification","valueRequired":true,"valueName":"search_term_string"}}],"inLanguage":"en-US"},{"@type":"Organization","@id":"https:\/\/www.drzwi-cal.pl\/en\/#organization","name":"Drzwi CAL","alternateName":"Prawdziwe drzwi CAL","url":"https:\/\/www.drzwi-cal.pl\/en\/","logo":{"@type":"ImageObject","inLanguage":"en-US","@id":"https:\/\/www.drzwi-cal.pl\/en\/#\/schema\/logo\/image\/","url":"https:\/\/www.drzwi-cal.pl\/wp-content\/uploads\/2018\/08\/CAL.jpg","contentUrl":"https:\/\/www.drzwi-cal.pl\/wp-content\/uploads\/2018\/08\/CAL.jpg","width":1667,"height":750,"caption":"Drzwi CAL"},"image":{"@id":"https:\/\/www.drzwi-cal.pl\/en\/#\/schema\/logo\/image\/"},"sameAs":["https:\/\/www.facebook.com\/drzwical\/","https:\/\/www.instagram.com\/drzwical\/","https:\/\/www.linkedin.com\/company\/drzwi-cal","https:\/\/www.youtube.com\/user\/drzwical\/"]}]}},"_links":{"self":[{"href":"https:\/\/www.drzwi-cal.pl\/en\/wp-json\/wp\/v2\/blog\/10980","targetHints":{"allow":["GET"]}}],"collection":[{"href":"https:\/\/www.drzwi-cal.pl\/en\/wp-json\/wp\/v2\/blog"}],"about":[{"href":"https:\/\/www.drzwi-cal.pl\/en\/wp-json\/wp\/v2\/types\/dc_blog"}],"replies":[{"embeddable":true,"href":"https:\/\/www.drzwi-cal.pl\/en\/wp-json\/wp\/v2\/comments?post=10980"}],"version-history":[{"count":2,"href":"https:\/\/www.drzwi-cal.pl\/en\/wp-json\/wp\/v2\/blog\/10980\/revisions"}],"predecessor-version":[{"id":20662,"href":"https:\/\/www.drzwi-cal.pl\/en\/wp-json\/wp\/v2\/blog\/10980\/revisions\/20662"}],"wp:featuredmedia":[{"embeddable":true,"href":"https:\/\/www.drzwi-cal.pl\/en\/wp-json\/wp\/v2\/media\/10981"}],"wp:attachment":[{"href":"https:\/\/www.drzwi-cal.pl\/en\/wp-json\/wp\/v2\/media?parent=10980"}],"curies":[{"name":"wp","href":"https:\/\/api.w.org\/{rel}","templated":true}]}}