{"id":12857,"date":"2022-05-05T12:50:50","date_gmt":"2022-05-05T10:50:50","guid":{"rendered":"https:\/\/www.drzwi-cal.pl\/?post_type=dc_blog&#038;p=12857"},"modified":"2025-11-03T17:03:50","modified_gmt":"2025-11-03T16:03:50","slug":"oswietlenie-drzwi-zewnetrznych-do-domu","status":"publish","type":"dc_blog","link":"https:\/\/www.drzwi-cal.pl\/en\/blog\/oswietlenie-drzwi-zewnetrznych-do-domu\/","title":{"rendered":"O\u015bwietlenie drzwi zewn\u0119trznych do domu"},"content":{"rendered":"<h3 style=\"text-align: center;\"><a title=\"drzwi wewn\u0119trzne\" href=\"https:\/\/www.drzwi-cal.pl\/drzwi-wewnetrzne\/\">Sprawd\u017a ofert\u0119! Na Drzwi wewn\u0119trzne<\/a><\/h3>\n<h2>Dob\u00f3r lamp i kinkiet\u00f3w do drzwi zewn\u0119trznych<\/h2>\n<p>Czy zdarzy\u0142o Ci si\u0119 wraca\u0107 do domu po zmierzchu i po omacku trafia\u0107 kluczem do zamka? A jeszcze wcze\u015bniej po omacku szuka\u0107 ich w kieszeniach\/torebce? Albo potkn\u0105\u0107 si\u0119 o schody, kt\u00f3rych nie zauwa\u017cy\u0142e\u015b\/a\u015b? Pierwsze dwie z przedstawionych sytuacji to strata czasu i pewna irytacja, ostatnia z nich mo\u017ce by\u0107 niebezpieczna i skutkowa\u0107 co najmniej st\u0142uczeniem. Zapobiec im mo\u017ce dobrze wybrane <b>o\u015bwietlenie drzwi zewn\u0119trznych domu<\/b>. Aby takie by\u0142o, nale\u017cy kierowa\u0107 si\u0119 kilkoma zasadami.<\/p>\n<h3 style=\"text-align: center;\"><a title=\"drzwi zewn\u0119trzne\" href=\"https:\/\/www.drzwi-cal.pl\/drzwi-zewnetrzne\/\">Sprawd\u017a ofert\u0119! Na Drzwi zewn\u0119trzne<\/a><\/h3>\n<p>Efektywne<strong> o\u015bwietlenie zewn\u0119trzne nad drzwiami<\/strong> powinno znajdowa\u0107 si\u0119 nie na wprost drzwi, ale najlepiej nad nimi. Warto poszuka\u0107 pasuj\u0105cej, wisz\u0105cej lampy, kt\u00f3ra b\u0119dzie rzuca\u0142a mi\u0119kkie \u015bwiat\u0142o r\u00f3wnomiernie na ca\u0142y ganek. Drugim sposobem na do\u015bwietlenie strefy wej\u015bcia do domu s\u0105 boczne kinkiety na \u015bcianach po obu stronach drzwi. Wyb\u00f3r konkretnego typu lampy podyktowany b\u0119dzie oczywi\u015bcie ilo\u015bci\u0105 posiadanego miejsca i mo\u017cliwo\u015bci\u0105 monta\u017cu oraz pod\u0142\u0105czenia elektrycznego. Dobrze rozmieszczone \u015bwiat\u0142o sprawia, \u017ce \u015bcie\u017cka i schody s\u0105 lepiej widoczne, co zwi\u0119ksza bezpiecze\u0144stwo i komfort ich u\u017cytkowania po\u00a0zmroku.<\/p>\n<p>&nbsp;<\/p>\n<p><a href=\"https:\/\/www.drzwi-cal.pl\/wp-content\/uploads\/2021\/03\/smeralda_wizualizacja-scaled.jpg\"><img fetchpriority=\"high\" decoding=\"async\" class=\"alignnone wp-image-10444\" src=\"https:\/\/www.drzwi-cal.pl\/wp-content\/uploads\/2021\/03\/smeralda_wizualizacja-1024x682.jpg\" alt=\"O\u015bwietlenie drzwi\" width=\"785\" height=\"523\" srcset=\"https:\/\/www.drzwi-cal.pl\/wp-content\/uploads\/2021\/03\/smeralda_wizualizacja-1024x682.jpg 1024w, https:\/\/www.drzwi-cal.pl\/wp-content\/uploads\/2021\/03\/smeralda_wizualizacja-300x200.jpg 300w, https:\/\/www.drzwi-cal.pl\/wp-content\/uploads\/2021\/03\/smeralda_wizualizacja-150x100.jpg 150w, https:\/\/www.drzwi-cal.pl\/wp-content\/uploads\/2021\/03\/smeralda_wizualizacja-768x511.jpg 768w, https:\/\/www.drzwi-cal.pl\/wp-content\/uploads\/2021\/03\/smeralda_wizualizacja-1536x1022.jpg 1536w, https:\/\/www.drzwi-cal.pl\/wp-content\/uploads\/2021\/03\/smeralda_wizualizacja-2048x1363.jpg 2048w, https:\/\/www.drzwi-cal.pl\/wp-content\/uploads\/2021\/03\/smeralda_wizualizacja-1920x1278.jpg 1920w, https:\/\/www.drzwi-cal.pl\/wp-content\/uploads\/2021\/03\/smeralda_wizualizacja-960x639.jpg 960w, https:\/\/www.drzwi-cal.pl\/wp-content\/uploads\/2021\/03\/smeralda_wizualizacja-640x426.jpg 640w, https:\/\/www.drzwi-cal.pl\/wp-content\/uploads\/2021\/03\/smeralda_wizualizacja-204x136.jpg 204w, https:\/\/www.drzwi-cal.pl\/wp-content\/uploads\/2021\/03\/smeralda_wizualizacja-25x17.jpg 25w\" sizes=\"(max-width: 785px) 100vw, 785px\" \/><\/a><\/p>\n<h2>O\u015bwietlenie drzwi zewn\u0119trznych, a \u017ar\u00f3d\u0142o \u015bwiat\u0142a<\/h2>\n<p>Oprawa o\u015bwietleniowa spe\u0142nia w znacz\u0105cej mierze funkcj\u0119 dekoracyjn\u0105. Ma pasowa\u0107 stylem do stylu domu, podkre\u015bla\u0107 go lub by\u0107 po prostu nienachalna. Chc\u0105c, aby iluminacja by\u0142a nie tylko designerska, ale tak\u017ce funkcjonalna szczeg\u00f3ln\u0105 uwag\u0119 nale\u017cy po\u015bwi\u0119ci\u0107 wyborowi \u017car\u00f3wki.<\/p>\n<p>Jednym z jej podstawowym parametr\u00f3w jest temperatura barwowa. W uproszczeniu dzieli si\u0119 j\u0105 na trzy grupy: \u015bwiat\u0142o zimne, neutralne i ciep\u0142e. Barwa zimna jest energetyczna i pobudza nasz organizm do pracy, barwa naturalna jest najbardziej zbli\u017cona do \u015bwiat\u0142a s\u0142onecznego, natomiast ciep\u0142a odpowiada za przytulny klimat wn\u0119trz i jest najcz\u0119\u015bciej wybierana, r\u00f3wnie\u017c jako <u>o\u015bwietlenie <\/u><strong>drzwi\u00a0do domu<\/strong>.<\/p>\n<p>Temperatur\u0119 \u015bwiat\u0142a okre\u015bla si\u0119 w Kelvinach. \u015awiat\u0142o bia\u0142e ciep\u0142e charakteryzuje si\u0119 temperatur\u0105 barwow\u0105 poni\u017cej 3900 K. Im mniej Kelvin\u00f3w tym cieplejszy i bardziej \u017c\u00f3\u0142ty odcie\u0144 \u015bwiat\u0142a przyjemny efekt wizualny po zmroku.<\/p>\n<p>&nbsp;<\/p>\n<p><a href=\"https:\/\/www.drzwi-cal.pl\/wp-content\/uploads\/2022\/04\/Filmowa_CALUDIA_dark_grey-scaled.jpg\"><img decoding=\"async\" class=\"alignnone wp-image-12770 size-large\" src=\"https:\/\/www.drzwi-cal.pl\/wp-content\/uploads\/2022\/04\/Filmowa_CALUDIA_dark_grey-1024x768.jpg\" alt=\"O\u015bwietlenie drzwi\" width=\"1024\" height=\"768\" srcset=\"https:\/\/www.drzwi-cal.pl\/wp-content\/uploads\/2022\/04\/Filmowa_CALUDIA_dark_grey-1024x768.jpg 1024w, https:\/\/www.drzwi-cal.pl\/wp-content\/uploads\/2022\/04\/Filmowa_CALUDIA_dark_grey-300x225.jpg 300w, https:\/\/www.drzwi-cal.pl\/wp-content\/uploads\/2022\/04\/Filmowa_CALUDIA_dark_grey-150x112.jpg 150w, https:\/\/www.drzwi-cal.pl\/wp-content\/uploads\/2022\/04\/Filmowa_CALUDIA_dark_grey-768x576.jpg 768w, https:\/\/www.drzwi-cal.pl\/wp-content\/uploads\/2022\/04\/Filmowa_CALUDIA_dark_grey-1536x1152.jpg 1536w, https:\/\/www.drzwi-cal.pl\/wp-content\/uploads\/2022\/04\/Filmowa_CALUDIA_dark_grey-2048x1536.jpg 2048w, https:\/\/www.drzwi-cal.pl\/wp-content\/uploads\/2022\/04\/Filmowa_CALUDIA_dark_grey-1920x1440.jpg 1920w, https:\/\/www.drzwi-cal.pl\/wp-content\/uploads\/2022\/04\/Filmowa_CALUDIA_dark_grey-960x720.jpg 960w, https:\/\/www.drzwi-cal.pl\/wp-content\/uploads\/2022\/04\/Filmowa_CALUDIA_dark_grey-640x480.jpg 640w, https:\/\/www.drzwi-cal.pl\/wp-content\/uploads\/2022\/04\/Filmowa_CALUDIA_dark_grey-204x153.jpg 204w, https:\/\/www.drzwi-cal.pl\/wp-content\/uploads\/2022\/04\/Filmowa_CALUDIA_dark_grey-25x19.jpg 25w\" sizes=\"(max-width: 1024px) 100vw, 1024px\" \/><\/a><\/p>\n<p>&nbsp;<\/p>\n<h2>Ekologiczne o\u015bwietlenie zewn\u0119trzne domu<\/h2>\n<p>\u017bar\u00f3wki tradycyjne, tak zwane \u017carowe, powoli przechodz\u0105 do historii. Ich miejsce zajmuj\u0105 produkty bardziej ekologiczne wyr\u00f3\u017cniaj\u0105ce si\u0119 bardzo d\u0142ug\u0105 \u017cywotno\u015bci\u0105. Najpopularniejszym obecnie rodzajem\u00a0<strong>o\u015bwietlenia drzwi\u00a0do domu<\/strong><u>,<\/u> ale tak\u017ce ogrodu i wn\u0119trz, s\u0105 \u017car\u00f3wki i ta\u015bmy LED. Zu\u017cywaj\u0105 one o wiele mniej energii ni\u017c tradycyjne \u017car\u00f3wki, a s\u0105 du\u017co bardziej trwa\u0142e, dzi\u0119ki czemu nawet kilkana\u015bcie lat nie musimy martwi\u0107 si\u0119 wymian\u0105 o\u015bwietlenia. Ich dodatkow\u0105 zalet\u0105 jest szeroki wyb\u00f3r kolor\u00f3w \u015bwiat\u0142a oraz mo\u017cliwo\u015b\u0107 sterowania ich nat\u0119\u017ceniem. Mo\u017cemy wybra\u0107 wszystkie odcienie \u015bwiat\u0142a bia\u0142ego oraz kolory RGB.<\/p>\n<p data-start=\"3885\" data-end=\"4210\">Zastosowanie o\u015bwietlenia LED przynosi r\u00f3wnie\u017c realne oszcz\u0119dno\u015bci energii i koszt\u00f3w eksploatacji.\u00a0<strong>O\u015bwietlenie zewn\u0119trzne domu <\/strong>LED mo\u017cna te\u017c w prosty i tani spos\u00f3b zautomatyzowa\u0107, np. przy pomocy czujnika ruchu, kt\u00f3ry w\u0142\u0105cza si\u0119 i wy\u0142\u0105cza automatycznie.<\/p>\n<h3>Lampy zasilane energi\u0105 s\u0142oneczn\u0105<\/h3>\n<p>Drugim rodzajem ekologicznego o\u015bwietlenia ogrodowego s\u0105 lampy solarne zasilane energi\u0105 ze s\u0142o\u0144ca. Do ich efektywnego dzia\u0142ania wystarczy nawet niewielka ilo\u015b\u0107 \u015bwiat\u0142a dziennego. S\u0105 produkowane w ka\u017cdej formie: od lamp wisz\u0105cych, przez stoj\u0105ce (sprawd\u017a ogrodowe lampiony solarne), na\u015bcienne, po gruntowe. Jednymi z najpopularniejszych i naj\u0142atwiejszych w monta\u017cu s\u0105 modele po prostu wbijane w ziemi\u0119. Ich jedyn\u0105 wad\u0105 jest konieczno\u015b\u0107 umieszczenia ich w na\u015bwietlonym miejscu, by w trakcie dnia mog\u0142y si\u0119 na\u0142adowa\u0107 energi\u0105 s\u0142oneczn\u0105. Takie rozwi\u0105zania \u015bwietnie sprawdzaj\u0105 si\u0119 r\u00f3wnie\u017c jako uzupe\u0142niaj\u0105ce \u017ar\u00f3d\u0142a \u015bwiat\u0142a.<\/p>\n<p>&nbsp;<\/p>\n<p><a href=\"https:\/\/www.drzwi-cal.pl\/wp-content\/uploads\/2020\/06\/Jak-wybra\u0107-drzwi-zewn\u0119trzne-do-domu-materia\u0142-wykonania.jpg\"><img decoding=\"async\" class=\"alignnone wp-image-8424\" src=\"https:\/\/www.drzwi-cal.pl\/wp-content\/uploads\/2020\/06\/Jak-wybra\u0107-drzwi-zewn\u0119trzne-do-domu-materia\u0142-wykonania.jpg\" alt=\"O\u015bwietlenie drzwi\" width=\"1025\" height=\"769\" srcset=\"https:\/\/www.drzwi-cal.pl\/wp-content\/uploads\/2020\/06\/Jak-wybra\u0107-drzwi-zewn\u0119trzne-do-domu-materia\u0142-wykonania.jpg 1920w, https:\/\/www.drzwi-cal.pl\/wp-content\/uploads\/2020\/06\/Jak-wybra\u0107-drzwi-zewn\u0119trzne-do-domu-materia\u0142-wykonania-300x225.jpg 300w, https:\/\/www.drzwi-cal.pl\/wp-content\/uploads\/2020\/06\/Jak-wybra\u0107-drzwi-zewn\u0119trzne-do-domu-materia\u0142-wykonania-1024x768.jpg 1024w, https:\/\/www.drzwi-cal.pl\/wp-content\/uploads\/2020\/06\/Jak-wybra\u0107-drzwi-zewn\u0119trzne-do-domu-materia\u0142-wykonania-150x113.jpg 150w, https:\/\/www.drzwi-cal.pl\/wp-content\/uploads\/2020\/06\/Jak-wybra\u0107-drzwi-zewn\u0119trzne-do-domu-materia\u0142-wykonania-768x576.jpg 768w, https:\/\/www.drzwi-cal.pl\/wp-content\/uploads\/2020\/06\/Jak-wybra\u0107-drzwi-zewn\u0119trzne-do-domu-materia\u0142-wykonania-1536x1152.jpg 1536w, https:\/\/www.drzwi-cal.pl\/wp-content\/uploads\/2020\/06\/Jak-wybra\u0107-drzwi-zewn\u0119trzne-do-domu-materia\u0142-wykonania-960x720.jpg 960w, https:\/\/www.drzwi-cal.pl\/wp-content\/uploads\/2020\/06\/Jak-wybra\u0107-drzwi-zewn\u0119trzne-do-domu-materia\u0142-wykonania-640x480.jpg 640w, https:\/\/www.drzwi-cal.pl\/wp-content\/uploads\/2020\/06\/Jak-wybra\u0107-drzwi-zewn\u0119trzne-do-domu-materia\u0142-wykonania-204x153.jpg 204w, https:\/\/www.drzwi-cal.pl\/wp-content\/uploads\/2020\/06\/Jak-wybra\u0107-drzwi-zewn\u0119trzne-do-domu-materia\u0142-wykonania-25x19.jpg 25w\" sizes=\"(max-width: 1025px) 100vw, 1025px\" \/><\/a><\/p>\n<p>&nbsp;<\/p>\n<h2>Zintegrowane o\u015bwietlenie drzwi wej\u015bciowych<\/h2>\n<p>Je\u015bli nie chcesz roz\u015bwietla\u0107 ogrodu i strefy wej\u015bcia do domu, a jednocze\u015bnie chcesz wyeliminowa\u0107 problem z nocnym otwieraniem drzwi zewn\u0119trznych mo\u017cesz zamontowa\u0107 punktowy system o\u015bwietlenia tylko w skrzydle drzwiowym. Mo\u017cliwo\u015bci takie daj\u0105 nowoczesne antaby, w kt\u00f3rych za niewielk\u0105 op\u0142at\u0105 mo\u017cna zainstalowa\u0107 ekologiczne o\u015bwietlenie LED. Jest ono na tyle mocne by o\u015bwietli\u0107 okolice zamka i nienachalnie podkre\u015bli\u0107 stref\u0119 wej\u015bciow\u0105.<\/p>\n<p>Mo\u017cesz r\u00f3wnie\u017c w og\u00f3le zrezygnowa\u0107 z otwierania drzwi\u00a0kluczem. Sprawd\u017a jak to zrobi\u0107 w oddzielnym wpisie: <a href=\"https:\/\/www.drzwi-cal.pl\/en\/blog\/klucz-do-drzwi-standard-czy-relikt-przeszlosci\/\">https:\/\/www.drzwi-cal.pl\/blog\/klucz-do-drzwi-standard-czy-relikt-przeszlosci\/<\/a><\/p>\n<p data-start=\"5692\" data-end=\"6192\">Lampy zewn\u0119trzne i o\u015bwietlenie drzwi mog\u0105 w niedrogi i prosty spos\u00f3b odmieni\u0107 wygl\u0105d naszego domu, a jednocze\u015bnie zwi\u0119kszy\u0107 bezpiecze\u0144stwo i komfort codziennego u\u017cytkowania po zmroku. Dlatego aran\u017cuj\u0105c otoczenie domu, warto po\u015bwi\u0119ci\u0107 chwil\u0119 na zakup odpowiedniego o\u015bwietlenia \u2013 zar\u00f3wno g\u0142\u00f3wnego, jak i uzupe\u0142niaj\u0105cego. Czasem wystarczy spacer alejk\u0105 z o\u015bwietleniem w sklepie budowlanym, mo\u017ce akurat wpadnie Ci w oko lampa lub kinkiet, kt\u00f3ry odmieni Tw\u00f3j dom noc\u0105.<\/p>\n<p>&nbsp;<\/p>\n<p>Autorka: Natalia Kiler, technolo\u017cka CAL prawdziwe drzwi<\/p>\n","protected":false},"featured_media":10444,"comment_status":"open","ping_status":"closed","template":"","meta":[],"class_list":["post-12857","dc_blog","type-dc_blog","status-publish","has-post-thumbnail","hentry","dc_blog_tagi-design","dc_blog_tagi-top-rozwiazania"],"acf":[],"yoast_head":"<!-- This site is optimized with the Yoast SEO plugin v26.5 - https:\/\/yoast.com\/wordpress\/plugins\/seo\/ -->\n<title>O\u015bwietlenie drzwi zewn\u0119trznych do domu | Drzwi-Cal.pl<\/title>\n<meta name=\"description\" content=\"Dowiedz si\u0119 jakie o\u015bwietlenie wybra\u0107 do drzwi zewn\u0119trznych swojego domu, na co zwr\u00f3ci\u0107 uwag\u0119 oraz jakie produkty spe\u0142ni\u0105 Twoje oczekiwania.\" \/>\n<meta name=\"robots\" content=\"index, follow, max-snippet:-1, max-image-preview:large, max-video-preview:-1\" \/>\n<link rel=\"canonical\" href=\"https:\/\/www.drzwi-cal.pl\/en\/blog\/oswietlenie-drzwi-zewnetrznych-do-domu\/\" \/>\n<meta property=\"og:locale\" content=\"en_US\" \/>\n<meta property=\"og:type\" content=\"article\" \/>\n<meta property=\"og:title\" content=\"O\u015bwietlenie drzwi zewn\u0119trznych do domu | Drzwi-Cal.pl\" \/>\n<meta property=\"og:description\" content=\"Dowiedz si\u0119 jakie o\u015bwietlenie wybra\u0107 do drzwi zewn\u0119trznych swojego domu, na co zwr\u00f3ci\u0107 uwag\u0119 oraz jakie produkty spe\u0142ni\u0105 Twoje oczekiwania.\" \/>\n<meta property=\"og:url\" content=\"https:\/\/www.drzwi-cal.pl\/en\/blog\/oswietlenie-drzwi-zewnetrznych-do-domu\/\" \/>\n<meta property=\"og:site_name\" content=\"Drzwi zewn\u0119trzne i wewn\u0119trzne premium\" \/>\n<meta property=\"article:publisher\" content=\"https:\/\/www.facebook.com\/drzwical\/\" \/>\n<meta property=\"article:modified_time\" content=\"2025-11-03T16:03:50+00:00\" \/>\n<meta property=\"og:image\" content=\"https:\/\/www.drzwi-cal.pl\/wp-content\/uploads\/2021\/03\/smeralda_wizualizacja-scaled.jpg\" \/>\n\t<meta property=\"og:image:width\" content=\"2560\" \/>\n\t<meta property=\"og:image:height\" content=\"1704\" \/>\n\t<meta property=\"og:image:type\" content=\"image\/jpeg\" \/>\n<meta name=\"twitter:card\" content=\"summary_large_image\" \/>\n<meta name=\"twitter:label1\" content=\"Est. reading time\" \/>\n\t<meta name=\"twitter:data1\" content=\"5 minutes\" \/>\n<script type=\"application\/ld+json\" class=\"yoast-schema-graph\">{\"@context\":\"https:\/\/schema.org\",\"@graph\":[{\"@type\":\"WebPage\",\"@id\":\"https:\/\/www.drzwi-cal.pl\/en\/blog\/oswietlenie-drzwi-zewnetrznych-do-domu\/\",\"url\":\"https:\/\/www.drzwi-cal.pl\/en\/blog\/oswietlenie-drzwi-zewnetrznych-do-domu\/\",\"name\":\"O\u015bwietlenie drzwi zewn\u0119trznych do domu | Drzwi-Cal.pl\",\"isPartOf\":{\"@id\":\"https:\/\/www.drzwi-cal.pl\/en\/#website\"},\"primaryImageOfPage\":{\"@id\":\"https:\/\/www.drzwi-cal.pl\/en\/blog\/oswietlenie-drzwi-zewnetrznych-do-domu\/#primaryimage\"},\"image\":{\"@id\":\"https:\/\/www.drzwi-cal.pl\/en\/blog\/oswietlenie-drzwi-zewnetrznych-do-domu\/#primaryimage\"},\"thumbnailUrl\":\"https:\/\/www.drzwi-cal.pl\/wp-content\/uploads\/2021\/03\/smeralda_wizualizacja-scaled.jpg\",\"datePublished\":\"2022-05-05T10:50:50+00:00\",\"dateModified\":\"2025-11-03T16:03:50+00:00\",\"description\":\"Dowiedz si\u0119 jakie o\u015bwietlenie wybra\u0107 do drzwi zewn\u0119trznych swojego domu, na co zwr\u00f3ci\u0107 uwag\u0119 oraz jakie produkty spe\u0142ni\u0105 Twoje oczekiwania.\",\"breadcrumb\":{\"@id\":\"https:\/\/www.drzwi-cal.pl\/en\/blog\/oswietlenie-drzwi-zewnetrznych-do-domu\/#breadcrumb\"},\"inLanguage\":\"en-US\",\"potentialAction\":[{\"@type\":\"ReadAction\",\"target\":[\"https:\/\/www.drzwi-cal.pl\/en\/blog\/oswietlenie-drzwi-zewnetrznych-do-domu\/\"]}]},{\"@type\":\"ImageObject\",\"inLanguage\":\"en-US\",\"@id\":\"https:\/\/www.drzwi-cal.pl\/en\/blog\/oswietlenie-drzwi-zewnetrznych-do-domu\/#primaryimage\",\"url\":\"https:\/\/www.drzwi-cal.pl\/wp-content\/uploads\/2021\/03\/smeralda_wizualizacja-scaled.jpg\",\"contentUrl\":\"https:\/\/www.drzwi-cal.pl\/wp-content\/uploads\/2021\/03\/smeralda_wizualizacja-scaled.jpg\",\"width\":2560,\"height\":1704,\"caption\":\"sidewalk by street wall &amp; door\"},{\"@type\":\"BreadcrumbList\",\"@id\":\"https:\/\/www.drzwi-cal.pl\/en\/blog\/oswietlenie-drzwi-zewnetrznych-do-domu\/#breadcrumb\",\"itemListElement\":[{\"@type\":\"ListItem\",\"position\":1,\"name\":\"CAL prawdziwe drzwi\",\"item\":\"https:\/\/www.drzwi-cal.pl\/en\/\"},{\"@type\":\"ListItem\",\"position\":2,\"name\":\"Blog\",\"item\":\"https:\/\/www.drzwi-cal.pl\/en\/blog\/\"},{\"@type\":\"ListItem\",\"position\":3,\"name\":\"O\u015bwietlenie drzwi zewn\u0119trznych do domu\"}]},{\"@type\":\"WebSite\",\"@id\":\"https:\/\/www.drzwi-cal.pl\/en\/#website\",\"url\":\"https:\/\/www.drzwi-cal.pl\/en\/\",\"name\":\"Drzwi zewn\u0119trzne i wewn\u0119trzne premium\",\"description\":\"Wybierz tylko kolor i model swoich drzwi zewn\u0119trznych CAL, bo ciep\u0142o i bezpiecze\u0144stwo masz zawsze w cenie! Dobierz pasuj\u0105ce drewniane drzwi wewn\u0119trzne CAL.\",\"publisher\":{\"@id\":\"https:\/\/www.drzwi-cal.pl\/en\/#organization\"},\"potentialAction\":[{\"@type\":\"SearchAction\",\"target\":{\"@type\":\"EntryPoint\",\"urlTemplate\":\"https:\/\/www.drzwi-cal.pl\/en\/?s={search_term_string}\"},\"query-input\":{\"@type\":\"PropertyValueSpecification\",\"valueRequired\":true,\"valueName\":\"search_term_string\"}}],\"inLanguage\":\"en-US\"},{\"@type\":\"Organization\",\"@id\":\"https:\/\/www.drzwi-cal.pl\/en\/#organization\",\"name\":\"Drzwi CAL\",\"alternateName\":\"Prawdziwe drzwi CAL\",\"url\":\"https:\/\/www.drzwi-cal.pl\/en\/\",\"logo\":{\"@type\":\"ImageObject\",\"inLanguage\":\"en-US\",\"@id\":\"https:\/\/www.drzwi-cal.pl\/en\/#\/schema\/logo\/image\/\",\"url\":\"https:\/\/www.drzwi-cal.pl\/wp-content\/uploads\/2018\/08\/CAL.jpg\",\"contentUrl\":\"https:\/\/www.drzwi-cal.pl\/wp-content\/uploads\/2018\/08\/CAL.jpg\",\"width\":1667,\"height\":750,\"caption\":\"Drzwi CAL\"},\"image\":{\"@id\":\"https:\/\/www.drzwi-cal.pl\/en\/#\/schema\/logo\/image\/\"},\"sameAs\":[\"https:\/\/www.facebook.com\/drzwical\/\",\"https:\/\/www.instagram.com\/drzwical\/\",\"https:\/\/www.linkedin.com\/company\/drzwi-cal\",\"https:\/\/www.youtube.com\/user\/drzwical\/\"]}]}<\/script>\n<!-- \/ Yoast SEO plugin. -->","yoast_head_json":{"title":"O\u015bwietlenie drzwi zewn\u0119trznych do domu | Drzwi-Cal.pl","description":"Dowiedz si\u0119 jakie o\u015bwietlenie wybra\u0107 do drzwi zewn\u0119trznych swojego domu, na co zwr\u00f3ci\u0107 uwag\u0119 oraz jakie produkty spe\u0142ni\u0105 Twoje oczekiwania.","robots":{"index":"index","follow":"follow","max-snippet":"max-snippet:-1","max-image-preview":"max-image-preview:large","max-video-preview":"max-video-preview:-1"},"canonical":"https:\/\/www.drzwi-cal.pl\/en\/blog\/oswietlenie-drzwi-zewnetrznych-do-domu\/","og_locale":"en_US","og_type":"article","og_title":"O\u015bwietlenie drzwi zewn\u0119trznych do domu | Drzwi-Cal.pl","og_description":"Dowiedz si\u0119 jakie o\u015bwietlenie wybra\u0107 do drzwi zewn\u0119trznych swojego domu, na co zwr\u00f3ci\u0107 uwag\u0119 oraz jakie produkty spe\u0142ni\u0105 Twoje oczekiwania.","og_url":"https:\/\/www.drzwi-cal.pl\/en\/blog\/oswietlenie-drzwi-zewnetrznych-do-domu\/","og_site_name":"Drzwi zewn\u0119trzne i wewn\u0119trzne premium","article_publisher":"https:\/\/www.facebook.com\/drzwical\/","article_modified_time":"2025-11-03T16:03:50+00:00","og_image":[{"width":2560,"height":1704,"url":"https:\/\/www.drzwi-cal.pl\/wp-content\/uploads\/2021\/03\/smeralda_wizualizacja-scaled.jpg","type":"image\/jpeg"}],"twitter_card":"summary_large_image","twitter_misc":{"Est. reading time":"5 minutes"},"schema":{"@context":"https:\/\/schema.org","@graph":[{"@type":"WebPage","@id":"https:\/\/www.drzwi-cal.pl\/en\/blog\/oswietlenie-drzwi-zewnetrznych-do-domu\/","url":"https:\/\/www.drzwi-cal.pl\/en\/blog\/oswietlenie-drzwi-zewnetrznych-do-domu\/","name":"O\u015bwietlenie drzwi zewn\u0119trznych do domu | Drzwi-Cal.pl","isPartOf":{"@id":"https:\/\/www.drzwi-cal.pl\/en\/#website"},"primaryImageOfPage":{"@id":"https:\/\/www.drzwi-cal.pl\/en\/blog\/oswietlenie-drzwi-zewnetrznych-do-domu\/#primaryimage"},"image":{"@id":"https:\/\/www.drzwi-cal.pl\/en\/blog\/oswietlenie-drzwi-zewnetrznych-do-domu\/#primaryimage"},"thumbnailUrl":"https:\/\/www.drzwi-cal.pl\/wp-content\/uploads\/2021\/03\/smeralda_wizualizacja-scaled.jpg","datePublished":"2022-05-05T10:50:50+00:00","dateModified":"2025-11-03T16:03:50+00:00","description":"Dowiedz si\u0119 jakie o\u015bwietlenie wybra\u0107 do drzwi zewn\u0119trznych swojego domu, na co zwr\u00f3ci\u0107 uwag\u0119 oraz jakie produkty spe\u0142ni\u0105 Twoje oczekiwania.","breadcrumb":{"@id":"https:\/\/www.drzwi-cal.pl\/en\/blog\/oswietlenie-drzwi-zewnetrznych-do-domu\/#breadcrumb"},"inLanguage":"en-US","potentialAction":[{"@type":"ReadAction","target":["https:\/\/www.drzwi-cal.pl\/en\/blog\/oswietlenie-drzwi-zewnetrznych-do-domu\/"]}]},{"@type":"ImageObject","inLanguage":"en-US","@id":"https:\/\/www.drzwi-cal.pl\/en\/blog\/oswietlenie-drzwi-zewnetrznych-do-domu\/#primaryimage","url":"https:\/\/www.drzwi-cal.pl\/wp-content\/uploads\/2021\/03\/smeralda_wizualizacja-scaled.jpg","contentUrl":"https:\/\/www.drzwi-cal.pl\/wp-content\/uploads\/2021\/03\/smeralda_wizualizacja-scaled.jpg","width":2560,"height":1704,"caption":"sidewalk by street wall &amp; door"},{"@type":"BreadcrumbList","@id":"https:\/\/www.drzwi-cal.pl\/en\/blog\/oswietlenie-drzwi-zewnetrznych-do-domu\/#breadcrumb","itemListElement":[{"@type":"ListItem","position":1,"name":"CAL prawdziwe drzwi","item":"https:\/\/www.drzwi-cal.pl\/en\/"},{"@type":"ListItem","position":2,"name":"Blog","item":"https:\/\/www.drzwi-cal.pl\/en\/blog\/"},{"@type":"ListItem","position":3,"name":"O\u015bwietlenie drzwi zewn\u0119trznych do domu"}]},{"@type":"WebSite","@id":"https:\/\/www.drzwi-cal.pl\/en\/#website","url":"https:\/\/www.drzwi-cal.pl\/en\/","name":"Drzwi zewn\u0119trzne i wewn\u0119trzne premium","description":"Wybierz tylko kolor i model swoich drzwi zewn\u0119trznych CAL, bo ciep\u0142o i bezpiecze\u0144stwo masz zawsze w cenie! Dobierz pasuj\u0105ce drewniane drzwi wewn\u0119trzne CAL.","publisher":{"@id":"https:\/\/www.drzwi-cal.pl\/en\/#organization"},"potentialAction":[{"@type":"SearchAction","target":{"@type":"EntryPoint","urlTemplate":"https:\/\/www.drzwi-cal.pl\/en\/?s={search_term_string}"},"query-input":{"@type":"PropertyValueSpecification","valueRequired":true,"valueName":"search_term_string"}}],"inLanguage":"en-US"},{"@type":"Organization","@id":"https:\/\/www.drzwi-cal.pl\/en\/#organization","name":"Drzwi CAL","alternateName":"Prawdziwe drzwi CAL","url":"https:\/\/www.drzwi-cal.pl\/en\/","logo":{"@type":"ImageObject","inLanguage":"en-US","@id":"https:\/\/www.drzwi-cal.pl\/en\/#\/schema\/logo\/image\/","url":"https:\/\/www.drzwi-cal.pl\/wp-content\/uploads\/2018\/08\/CAL.jpg","contentUrl":"https:\/\/www.drzwi-cal.pl\/wp-content\/uploads\/2018\/08\/CAL.jpg","width":1667,"height":750,"caption":"Drzwi CAL"},"image":{"@id":"https:\/\/www.drzwi-cal.pl\/en\/#\/schema\/logo\/image\/"},"sameAs":["https:\/\/www.facebook.com\/drzwical\/","https:\/\/www.instagram.com\/drzwical\/","https:\/\/www.linkedin.com\/company\/drzwi-cal","https:\/\/www.youtube.com\/user\/drzwical\/"]}]}},"_links":{"self":[{"href":"https:\/\/www.drzwi-cal.pl\/en\/wp-json\/wp\/v2\/blog\/12857","targetHints":{"allow":["GET"]}}],"collection":[{"href":"https:\/\/www.drzwi-cal.pl\/en\/wp-json\/wp\/v2\/blog"}],"about":[{"href":"https:\/\/www.drzwi-cal.pl\/en\/wp-json\/wp\/v2\/types\/dc_blog"}],"replies":[{"embeddable":true,"href":"https:\/\/www.drzwi-cal.pl\/en\/wp-json\/wp\/v2\/comments?post=12857"}],"version-history":[{"count":3,"href":"https:\/\/www.drzwi-cal.pl\/en\/wp-json\/wp\/v2\/blog\/12857\/revisions"}],"predecessor-version":[{"id":22270,"href":"https:\/\/www.drzwi-cal.pl\/en\/wp-json\/wp\/v2\/blog\/12857\/revisions\/22270"}],"wp:featuredmedia":[{"embeddable":true,"href":"https:\/\/www.drzwi-cal.pl\/en\/wp-json\/wp\/v2\/media\/10444"}],"wp:attachment":[{"href":"https:\/\/www.drzwi-cal.pl\/en\/wp-json\/wp\/v2\/media?parent=12857"}],"curies":[{"name":"wp","href":"https:\/\/api.w.org\/{rel}","templated":true}]}}