{"id":15841,"date":"2022-10-24T08:14:42","date_gmt":"2022-10-24T06:14:42","guid":{"rendered":"https:\/\/www.drzwi-cal.pl\/?post_type=dc_blog&#038;p=15841"},"modified":"2026-04-08T22:20:26","modified_gmt":"2026-04-08T20:20:26","slug":"jaka-szerokosc-drzwi-dla-osob-niepelnosprawnych-drzwi-cal","status":"publish","type":"dc_blog","link":"https:\/\/www.drzwi-cal.pl\/en\/blog\/jaka-szerokosc-drzwi-dla-osob-niepelnosprawnych-drzwi-cal\/","title":{"rendered":"Jaka szeroko\u015b\u0107 drzwi dla os\u00f3b niepe\u0142nosprawnych?"},"content":{"rendered":"<h2><strong><u>Szeroko\u015b\u0107 drzwi dla os\u00f3b z niepe\u0142nosprawno\u015bci\u0105 ruchow\u0105 <\/u><\/strong><strong>w \u015bwietle norm<\/strong><\/h2>\n<p data-start=\"59\" data-end=\"448\">Standardowe w\u00f3zki inwalidzkie maj\u0105 zazwyczaj oko\u0142o 60 \u2013 70 cm ca\u0142kowitej szeroko\u015bci. Z kolei standardowe drzwi wewn\u0119trzne maj\u0105 \u015bwiat\u0142o przej\u015bcia w o\u015bcie\u017cnicy 80 cm. Na logik\u0119 wida\u0107, \u017ce jest to troch\u0119 zbyt ma\u0142o, aby osoba na w\u00f3zku inwalidzkim mog\u0142a w swobodny spos\u00f3b je pokona\u0107. Co wi\u0119c o szeroko\u015bci <u>drzwi dla niepe\u0142nosprawnych<\/u> m\u00f3wi prawo?<\/p>\n<h3 style=\"text-align: center;\"><a title=\"drzwi wewn\u0119trzne\" href=\"https:\/\/www.drzwi-cal.pl\/drzwi-wewnetrzne\/\">Sprawd\u017a ofert\u0119! Na Drzwi wewn\u0119trzne<\/a><\/h3>\n<p data-start=\"450\" data-end=\"798\">Wed\u0142ug \u201eRozporz\u0105dzenia Ministra Infrastruktury w sprawie warunk\u00f3w technicznych jakim powinny odpowiada\u0107 budynki i ich usytuowanie\u201d drzwi wej\u015bciowe do budynku i og\u00f3lnodost\u0119pnych pomieszcze\u0144 u\u017cytkowych oraz do mieszka\u0144 powinny mie\u0107 w \u015bwietle o\u015bcie\u017cnicy co najmniej: szeroko\u015b\u0107 0,9 m i wysoko\u015b\u0107 2 m. Z kolei w przypadku zastosowania drzwi zewn\u0119trznych dwuskrzyd\u0142owych szeroko\u015b\u0107 skrzyd\u0142a g\u0142\u00f3wnego nie mo\u017ce by\u0107 mniejsza ni\u017c 0,9 m. Dodatkowo wysoko\u015b\u0107 prog\u00f3w nie mo\u017ce przekracza\u0107 20 mm wysoko\u015bci.<\/p>\n<h3 style=\"text-align: center;\"><a title=\"drzwi zewn\u0119trzne\" href=\"https:\/\/www.drzwi-cal.pl\/drzwi-zewnetrzne\/\">Sprawd\u017a ofert\u0119! Na Drzwi zewn\u0119trzne<\/a><\/h3>\n<p>Czym w \u015bwietle wy\u017cej wymienionego rozporz\u0105dzenia jest \u015bwiat\u0142o przej\u015bcia w o\u015bcie\u017cnicy? Wymagane w rozporz\u0105dzeniu wymiary nale\u017cy rozumie\u0107 jako uzyskane z uwzgl\u0119dnieniem wyko\u0144czenia powierzchni element\u00f3w budynku, a w odniesieniu do szeroko\u015bci drzwi \u2013 jako wymiary w \u015bwietle o\u015bcie\u017cnicy. To oznacza, \u017ce grubo\u015b\u0107 skrzyd\u0142a drzwi po otwarciu nie mo\u017ce pomniejsza\u0107 wymiaru szeroko\u015bci otworu w \u015bwietle o\u015bcie\u017cnicy<\/p>\n<p>&nbsp;<\/p>\n<p><a href=\"https:\/\/www.drzwi-cal.pl\/wp-content\/uploads\/2018\/03\/wiktoria_wincheser_sek.jpg\"><img fetchpriority=\"high\" decoding=\"async\" class=\"alignnone wp-image-15681 size-large\" src=\"https:\/\/www.drzwi-cal.pl\/wp-content\/uploads\/2018\/03\/wiktoria_wincheser_sek-790x1024.jpg\" alt=\"szerokie drzwi dla os\u00f3b niepe\u0142nosprawnych\" width=\"790\" height=\"1024\" srcset=\"https:\/\/www.drzwi-cal.pl\/wp-content\/uploads\/2018\/03\/wiktoria_wincheser_sek-790x1024.jpg 790w, https:\/\/www.drzwi-cal.pl\/wp-content\/uploads\/2018\/03\/wiktoria_wincheser_sek-232x300.jpg 232w, https:\/\/www.drzwi-cal.pl\/wp-content\/uploads\/2018\/03\/wiktoria_wincheser_sek-116x150.jpg 116w, https:\/\/www.drzwi-cal.pl\/wp-content\/uploads\/2018\/03\/wiktoria_wincheser_sek-768x995.jpg 768w, https:\/\/www.drzwi-cal.pl\/wp-content\/uploads\/2018\/03\/wiktoria_wincheser_sek-1185x1536.jpg 1185w, https:\/\/www.drzwi-cal.pl\/wp-content\/uploads\/2018\/03\/wiktoria_wincheser_sek-1580x2048.jpg 1580w, https:\/\/www.drzwi-cal.pl\/wp-content\/uploads\/2018\/03\/wiktoria_wincheser_sek-960x1244.jpg 960w, https:\/\/www.drzwi-cal.pl\/wp-content\/uploads\/2018\/03\/wiktoria_wincheser_sek-640x829.jpg 640w, https:\/\/www.drzwi-cal.pl\/wp-content\/uploads\/2018\/03\/wiktoria_wincheser_sek-204x264.jpg 204w, https:\/\/www.drzwi-cal.pl\/wp-content\/uploads\/2018\/03\/wiktoria_wincheser_sek-25x32.jpg 25w, https:\/\/www.drzwi-cal.pl\/wp-content\/uploads\/2018\/03\/wiktoria_wincheser_sek.jpg 1852w\" sizes=\"(max-width: 790px) 100vw, 790px\" \/><\/a><\/p>\n<p>&nbsp;<\/p>\n<h2><strong><u>Drzwi dla niepe\u0142nosprawnych<\/u><\/strong><strong> \u2013 szeroko\u015b\u0107 to nie wszystko<\/strong><\/h2>\n<p>My\u015bl\u0105c o wymianie drzwi i dostosowaniu budynku do potrzeb os\u00f3b poruszaj\u0105cych si\u0119 na w\u00f3zkach pod uwag\u0119 nale\u017cy wzi\u0105\u0107 nie tylko ich szeroko\u015b\u0107. Warto na przyk\u0142ad zrezygnowa\u0107 ze wstawiania du\u017cych portali, w kt\u00f3rych waga skrzyd\u0142a mo\u017ce znacz\u0105co utrudnia\u0107 ich otwarcie i zamkni\u0119cie osobom niepe\u0142nosprawnym. St\u0105d lepiej w miar\u0119 mo\u017cliwo\u015bci zrezygnowa\u0107 z bardzo wysokiej stolarki.<\/p>\n<p>Wa\u017cne s\u0105 r\u00f3wnie\u017c klamki i uchwyty. Powinny by\u0107 one tak umiejscowione, aby osoba na w\u00f3zku mog\u0142a spokojnie nimi manewrowa\u0107, a tak\u017ce wygodnie chwyci\u0107. Standardowa wysoko\u015b\u0107 klamki jest zazwyczaj odpowiednia, jednak w przypadku pochwyt\u00f3w warto si\u0119 zastanowi\u0107 d\u0142u\u017cej. Normalnie antaby montowane s\u0105 w pionie, blisko linii zamka. Warto rozwa\u017cy\u0107 pochwyt poziomy na wysoko\u015bci ich wyci\u0105gni\u0119tych r\u0105k, tak by bez trudu mogli po prostu pchn\u0105\u0107\/poci\u0105gn\u0105\u0107 skrzyd\u0142o. Przydatnym akcesorium w tym wypadku jest tak\u017ce funkcja dzie\u0144-noc realizowana, np. poprzez zaczep z funkcj\u0105 rolki lub przycisk w antabie. Dzi\u0119ki temu drzwi b\u0119dzie mo\u017cna otworzy\u0107 po prostu popychaj\u0105c\/ci\u0105gn\u0105c skrzyd\u0142o bez u\u017cycia klucza. Pami\u0119tajmy, \u017ce standardowe antaby nie s\u0105 w \u017caden spos\u00f3b po\u0142\u0105czone z zamkiem, przez co nie rozrygluj\u0105 nam drzwi tak jak zwyk\u0142a klamka).<\/p>\n<p>Zdecydowanie zrezygnuj r\u00f3wnie\u017c z mocno odstaj\u0105cych od skrzyd\u0142a ozd\u00f3b, kt\u00f3re ograniczaj\u0105 \u015bwiat\u0142o przej\u015bcia i mog\u0105 powodowa\u0107 k\u0142opot z przejazdem przez drzwi lub nawet bolesne obt\u0142uczenie.<\/p>\n<p>&nbsp;<\/p>\n<p><a href=\"https:\/\/www.drzwi-cal.pl\/wp-content\/uploads\/2020\/09\/Nigra.jpg\"><img decoding=\"async\" class=\"alignnone wp-image-9126\" src=\"https:\/\/www.drzwi-cal.pl\/wp-content\/uploads\/2020\/09\/Nigra-498x1024.jpg\" alt=\"drzwi dla niepe\u0142nosprawnych Szeroko\u015b\u0107 drzwi dla niepe\u0142nosprawnych normy szeroko\u015b\u0107 drzwi dla niepe\u0142nosprawnych\" width=\"353\" height=\"726\" srcset=\"https:\/\/www.drzwi-cal.pl\/wp-content\/uploads\/2020\/09\/Nigra-498x1024.jpg 498w, https:\/\/www.drzwi-cal.pl\/wp-content\/uploads\/2020\/09\/Nigra-146x300.jpg 146w, https:\/\/www.drzwi-cal.pl\/wp-content\/uploads\/2020\/09\/Nigra-73x150.jpg 73w, https:\/\/www.drzwi-cal.pl\/wp-content\/uploads\/2020\/09\/Nigra-768x1580.jpg 768w, https:\/\/www.drzwi-cal.pl\/wp-content\/uploads\/2020\/09\/Nigra-747x1536.jpg 747w, https:\/\/www.drzwi-cal.pl\/wp-content\/uploads\/2020\/09\/Nigra-996x2048.jpg 996w, https:\/\/www.drzwi-cal.pl\/wp-content\/uploads\/2020\/09\/Nigra-960x1975.jpg 960w, https:\/\/www.drzwi-cal.pl\/wp-content\/uploads\/2020\/09\/Nigra-640x1317.jpg 640w, https:\/\/www.drzwi-cal.pl\/wp-content\/uploads\/2020\/09\/Nigra-204x420.jpg 204w, https:\/\/www.drzwi-cal.pl\/wp-content\/uploads\/2020\/09\/Nigra-25x51.jpg 25w, https:\/\/www.drzwi-cal.pl\/wp-content\/uploads\/2020\/09\/Nigra.jpg 1101w\" sizes=\"(max-width: 353px) 100vw, 353px\" \/><\/a><\/p>\n<p>&nbsp;<\/p>\n<p><iframe title=\"YouTube video player\" src=\"https:\/\/www.youtube.com\/embed\/TziiwjU2noo\" width=\"560\" height=\"315\" frameborder=\"0\" allowfullscreen=\"allowfullscreen\"><\/iframe><\/p>\n<p>&nbsp;<\/p>\n<h2><strong>A mo\u017ce drzwi automatyczne?<\/strong><\/h2>\n<p>Je\u015bli mamy do wydania wi\u0119ksz\u0105 sum\u0119 pieni\u0119dzy mo\u017cna przemy\u015ble\u0107 zakup nowoczesnych drzwi z elektronik\u0105. Co mamy do wyboru? Na przyk\u0142ad drzwi zewn\u0119trzne wyposa\u017cone w automat otwieraj\u0105cy i powi\u0105zane z nim czujniki. To rozwi\u0105zanie w kt\u00f3rym drzwi samoistnie otworz\u0105 si\u0119, gdy znajdzie si\u0119 przed nimi osoba i zamkn\u0105 si\u0119, gdy przekroczy ona pr\u00f3g. Magia? Nie. To zwyk\u0142a automatyka w s\u0142u\u017cbie cz\u0142owieka. Dodatkowo dzi\u0119ki odpowiednio ustawionym czujnikom mo\u017cemy by\u0107 pewni, \u017ce skrzyd\u0142o nie otworzy si\u0119, je\u015bli b\u0119dziemy zbyt blisko niego czy nie zamknie si\u0119, je\u015bli b\u0119dziemy stali w progu. Bardzo wygodne rozwi\u0105zanie, jednak dosy\u0107 kosztowne. Takie drzwi produkowane s\u0105 zazwyczaj przez specjalistyczne firmy.<\/p>\n<p>Mo\u017cemy te\u017c kupi\u0107 drzwi uzbrojone w zamek elektryczny, a nast\u0119pnie dokupi\u0107 pozosta\u0142e wyposa\u017cenie i um\u00f3wi\u0107 na wizyt\u0119 automatyka, kt\u00f3ry to wszystko nam profesjonalnie pod\u0142\u0105czy. Drzwi pojedyncze z zamkiem elektrycznym, poziom\u0105 antab\u0105 i funkcj\u0105 dzie\u0144- noc kupicie m.in. w CAL. Wszystkie oczywi\u015bcie spe\u0142niaj\u0105 warunek \u015bwiat\u0142a przej\u015bcia 0,9 m na 2 m. (https:\/\/www.drzwi-cal.pl\/drzwi-zewnetrzne\/).<\/p>\n<p>&nbsp;<\/p>\n<p><iframe title=\"YouTube video player\" src=\"https:\/\/www.youtube.com\/embed\/dSaqnQAyCyw\" width=\"560\" height=\"315\" frameborder=\"0\" allowfullscreen=\"allowfullscreen\"><\/iframe><\/p>\n<p>&nbsp;<\/p>\n<h2>Warunki techniczne dla drzwi<\/h2>\n<div class=\"flex flex-grow flex-col max-w-full AIPRM__conversation__response\">\n<div class=\"min-h-[20px] text-message flex flex-col items-start whitespace-pre-wrap break-words [.text-message+&amp;]:mt-5 juice:w-full juice:items-end overflow-x-auto gap-2\" dir=\"auto\" data-message-author-role=\"assistant\" data-message-id=\"3b22abc6-657c-4774-8146-7993906bddee\">\n<div class=\"flex w-full flex-col gap-1 juice:empty:hidden juice:first:pt-[3px]\">\n<div class=\"markdown prose w-full break-words dark:prose-invert dark\">\n<p>Wed\u0142ug obowi\u0105zuj\u0105cych przepis\u00f3w, drzwi dla niepe\u0142nosprawnych musz\u0105 spe\u0142nia\u0107 konkretne wymogi techniczne, aby by\u0142y w pe\u0142ni funkcjonalne dla os\u00f3b z ograniczon\u0105 mobilno\u015bci\u0105. Minimalna szeroko\u015b\u0107 drzwi w \u015bwietle o\u015bcie\u017cnicy przy otwartych drzwiach powinna wynosi\u0107 90 cm, co oznacza, \u017ce grubo\u015b\u0107 skrzyd\u0142a nie mo\u017ce zmniejsza\u0107 tego wymiaru. <a href=\"https:\/\/www.drzwi-cal.pl\/en\/blog\/drzwi-wew-nietypowy-wymiar\/\">Wysoko\u015b\u0107 drzwi<\/a> powinna wynosi\u0107 co najmniej 200 cm, aby zapewni\u0107 komfort u\u017cytkowania i bezpieczne przej\u015bcie nawet dla os\u00f3b wy\u017cszych. Warto r\u00f3wnie\u017c zwr\u00f3ci\u0107 uwag\u0119 na to, aby drzwi mia\u0142y odpowiedni\u0105 stabilno\u015b\u0107 i \u0142atwo\u015b\u0107 obs\u0142ugi, co jest kluczowe dla os\u00f3b o ograniczonej sile fizycznej.<\/p>\n<h2>Przestrze\u0144 wok\u00f3\u0142 drzwi<\/h2>\n<p>Nale\u017cy zadba\u0107 o odpowiedni\u0105 przestrze\u0144 wok\u00f3\u0142 drzwi, aby osoby na w\u00f3zku lub o kulach mog\u0142y swobodnie manewrowa\u0107. Unikaj umieszczania mebli czy innych przeszk\u00f3d w bezpo\u015brednim s\u0105siedztwie drzwi, aby nie ogranicza\u0107 dost\u0119pno\u015bci. Stw\u00f3rz miejsce \u2013 okr\u0105g o promieniu ok. 150 cm przed drzwiami, co umo\u017cliwi \u0142atwe otwieranie i zamykanie drzwi oraz zapewni odpowiedni\u0105 przestrze\u0144 na wykonanie pe\u0142nego obrotu w\u00f3zka inwalidzkiego. Taki uk\u0142ad przestrzeni znacz\u0105co podnosi komfort u\u017cytkowania i zmniejsza ryzyko kolizji oraz potencjalnych uraz\u00f3w.<\/p>\n<h2>Drzwi przesuwne i \u0142amane<\/h2>\n<p>Alternatywnym rozwi\u0105zaniem mog\u0105 by\u0107 drzwi przesuwne albo \u0142amane, kt\u00f3re nie wymagaj\u0105 dodatkowej przestrzeni na otwarcie drzwi skrzyd\u0142owych. Drzwi przesuwne mog\u0105 by\u0107 montowane zar\u00f3wno na zewn\u0119trznej, jak i wewn\u0119trznej stronie drzwi, co zwi\u0119ksza elastyczno\u015b\u0107 aran\u017cacji wn\u0119trza. Takie rozwi\u0105zania s\u0105 istotne dla os\u00f3b z niepe\u0142nosprawno\u015bciami, poniewa\u017c minimalizuj\u0105 ryzyko kolizji i u\u0142atwiaj\u0105 codzienne funkcjonowanie. Dodatkowo, drzwi przesuwne cz\u0119sto s\u0105 \u0142atwiejsze do otwierania i zamykania, co jest szczeg\u00f3lnie wa\u017cne dla os\u00f3b o ograniczonej sile w r\u0119kach.<\/p>\n<h2>Jak dobra\u0107 drzwi dla os\u00f3b niepe\u0142nosprawnych?<\/h2>\n<p>Aby dobra\u0107 drzwi odpowiednie dla os\u00f3b z niepe\u0142nosprawno\u015bciami, nale\u017cy uwzgl\u0119dni\u0107 jej indywidualne potrzeby oraz dogodne warunki ruchu. Wa\u017cne jest, aby szerokie drzwi by\u0142y dostosowane do specyficznych wymaga\u0144 u\u017cytkownik\u00f3w, takich jak wysoko\u015b\u0107 klamek, rodzaj zamk\u00f3w czy dodatkowe funkcje automatycznego otwierania. Dobrze zaprojektowane drzwi mog\u0105 znacz\u0105co poprawi\u0107 komfort i bezpiecze\u0144stwo os\u00f3b z niepe\u0142nosprawno\u015bciami, pozwalaj\u0105c im na swobodne poruszanie si\u0119 po domu. Uwzgl\u0119dnienie takich element\u00f3w, jak \u0142atwo\u015b\u0107 monta\u017cu dodatkowych uchwyt\u00f3w oraz odpowiednie po\u0142o\u017cenie klamek, zapewnia pe\u0142n\u0105 funkcjonalno\u015b\u0107 i bezpiecze\u0144stwo u\u017cytkowania.<\/p>\n<\/div>\n<\/div>\n<\/div>\n<\/div>\n<h2><strong>Drzwi dla niepe\u0142nosprawnych \u2013 podsumowanie <\/strong><\/h2>\n<p><u>Szeroko\u015b\u0107 drzwi dla os\u00f3b niepe\u0142nosprawnych<\/u> to bardzo istotna rzecz, jednak nie jedyna na kt\u00f3r\u0105 powinni\u015bmy zwr\u00f3ci\u0107 uwag\u0119. Bardzo wa\u017cna jest r\u00f3wnie\u017c przestrze\u0144 wok\u00f3\u0142 nich i jej funkcjonalno\u015b\u0107. Zadbajmy by w bezpo\u015brednim otoczeniu drzwi nie znajdowa\u0142y si\u0119 meble (szafy, komody itp.), a tak\u017ce elementy dekoracyjne, zw\u0142aszcza o ostrych kantach. Przestrze\u0144 bez barier to przestrze\u0144 w kt\u00f3rej osoba na w\u00f3zku b\u0119dzie mog\u0142a spokojnie manewrowa\u0107, raczej minimalistyczna, ni\u017c zagracona.<\/p>\n<p>Kupuj\u0105c drzwi wewn\u0119trzne pami\u0119tajcie, \u017ce istnieje du\u017co wi\u0119cej system\u00f3w ni\u017c tylko standardowe drzwi rozwierne. By\u0107 mo\u017ce w danym miejscu lepiej sprawdz\u0105 si\u0119 drzwi przesuwne na\u015bcienne lub chowane w \u015bcianie? A mo\u017ce np. mi\u0119dzy kuchni\u0105 a salonem warto w og\u00f3le nie wstawia\u0107 drzwi i zostawi\u0107 wolne przej\u015bcie zabezpieczone eleganckim tunelem? Wi\u0119cej o drzwi wewn\u0119trznych przesuwnych i ich funkcjonalno\u015bci przeczytacie tutaj: <a href=\"https:\/\/www.drzwi-cal.pl\/en\/blog\/drzwi-przesuwne-nascienne-rozwiazanie-nie-tylko-dla-malych-mieszkan\/\">https:\/\/www.drzwi-cal.pl\/blog\/drzwi-przesuwne-nascienne-rozwiazanie-nie-tylko-dla-malych-mieszkan\/<\/a>.<\/p>\n<p>W tym tek\u015bcie skupili\u015bmy si\u0119 szczeg\u00f3lnie na problemach os\u00f3b poruszaj\u0105cych si\u0119 na w\u00f3zkach inwalidzkich. Wi\u0119kszo\u015b\u0107 z nich jest uniwersalna dla wszystkich os\u00f3b niepe\u0142nosprawnych ruchowo, jednak pami\u0119taj, \u017ce ka\u017cdy przypadek nale\u017cy rozpatrywa\u0107 indywidualnie.<\/p>\n<p>Autorka: <strong>Natalia Kiler,<\/strong> technolo\u017cka CAL prawdziwe drzwi<\/p>\n","protected":false},"featured_media":12002,"comment_status":"closed","ping_status":"closed","template":"","meta":[],"class_list":["post-15841","dc_blog","type-dc_blog","status-publish","has-post-thumbnail","hentry","dc_blog_tagi-top-rozwiazania"],"acf":[],"yoast_head":"<!-- This site is optimized with the Yoast SEO plugin v26.5 - https:\/\/yoast.com\/wordpress\/plugins\/seo\/ -->\n<title>Jaka szeroko\u015b\u0107 drzwi dla os\u00f3b niepe\u0142nosprawnych? | Drzwi CAL<\/title>\n<meta name=\"description\" content=\"Minimalna szeroko\u015b\u0107 drzwi dla os\u00f3b niepe\u0142nosprawnych to 90 cm. Dowiedz si\u0119 w jaki spos\u00f3b dobra\u0107 drzwi dla niepe\u0142nosprawnych.\" \/>\n<meta name=\"robots\" content=\"index, follow, max-snippet:-1, max-image-preview:large, max-video-preview:-1\" \/>\n<link rel=\"canonical\" href=\"https:\/\/www.drzwi-cal.pl\/en\/blog\/jaka-szerokosc-drzwi-dla-osob-niepelnosprawnych-drzwi-cal\/\" \/>\n<meta property=\"og:locale\" content=\"en_US\" \/>\n<meta property=\"og:type\" content=\"article\" \/>\n<meta property=\"og:title\" content=\"Jaka szeroko\u015b\u0107 drzwi dla os\u00f3b niepe\u0142nosprawnych?\" \/>\n<meta property=\"og:description\" content=\"Maj\u0105c na uwadze osoby z niepe\u0142nosprawno\u015bci\u0105 ruchow\u0105 - czy to poruszaj\u0105ce si\u0119 o lasce, przy balkoniku czy na w\u00f3zku, odpowiadamy na pytanie jaka szeroko\u015b\u0107 drzwi dla nich b\u0119dzie wystarczaj\u0105ca?\" \/>\n<meta property=\"og:url\" content=\"https:\/\/www.drzwi-cal.pl\/en\/blog\/jaka-szerokosc-drzwi-dla-osob-niepelnosprawnych-drzwi-cal\/\" \/>\n<meta property=\"og:site_name\" content=\"Drzwi zewn\u0119trzne i wewn\u0119trzne premium\" \/>\n<meta property=\"article:publisher\" content=\"https:\/\/www.facebook.com\/drzwical\/\" \/>\n<meta property=\"article:modified_time\" content=\"2026-04-08T20:20:26+00:00\" \/>\n<meta property=\"og:image\" content=\"https:\/\/www.drzwi-cal.pl\/wp-content\/uploads\/2021\/03\/Burnaby4@LaneFab.jpg\" \/>\n\t<meta property=\"og:image:width\" content=\"1024\" \/>\n\t<meta property=\"og:image:height\" content=\"684\" \/>\n\t<meta property=\"og:image:type\" content=\"image\/jpeg\" \/>\n<meta name=\"twitter:card\" content=\"summary_large_image\" \/>\n<meta name=\"twitter:label1\" content=\"Est. reading time\" \/>\n\t<meta name=\"twitter:data1\" content=\"7 minutes\" \/>\n<script type=\"application\/ld+json\" class=\"yoast-schema-graph\">{\"@context\":\"https:\/\/schema.org\",\"@graph\":[{\"@type\":\"WebPage\",\"@id\":\"https:\/\/www.drzwi-cal.pl\/en\/blog\/jaka-szerokosc-drzwi-dla-osob-niepelnosprawnych-drzwi-cal\/\",\"url\":\"https:\/\/www.drzwi-cal.pl\/en\/blog\/jaka-szerokosc-drzwi-dla-osob-niepelnosprawnych-drzwi-cal\/\",\"name\":\"Jaka szeroko\u015b\u0107 drzwi dla os\u00f3b niepe\u0142nosprawnych? | Drzwi CAL\",\"isPartOf\":{\"@id\":\"https:\/\/www.drzwi-cal.pl\/en\/#website\"},\"primaryImageOfPage\":{\"@id\":\"https:\/\/www.drzwi-cal.pl\/en\/blog\/jaka-szerokosc-drzwi-dla-osob-niepelnosprawnych-drzwi-cal\/#primaryimage\"},\"image\":{\"@id\":\"https:\/\/www.drzwi-cal.pl\/en\/blog\/jaka-szerokosc-drzwi-dla-osob-niepelnosprawnych-drzwi-cal\/#primaryimage\"},\"thumbnailUrl\":\"https:\/\/www.drzwi-cal.pl\/wp-content\/uploads\/2021\/03\/Longinus-standard-Termo-Lz-N.jpg\",\"datePublished\":\"2022-10-24T06:14:42+00:00\",\"dateModified\":\"2026-04-08T20:20:26+00:00\",\"description\":\"Minimalna szeroko\u015b\u0107 drzwi dla os\u00f3b niepe\u0142nosprawnych to 90 cm. Dowiedz si\u0119 w jaki spos\u00f3b dobra\u0107 drzwi dla niepe\u0142nosprawnych.\",\"breadcrumb\":{\"@id\":\"https:\/\/www.drzwi-cal.pl\/en\/blog\/jaka-szerokosc-drzwi-dla-osob-niepelnosprawnych-drzwi-cal\/#breadcrumb\"},\"inLanguage\":\"en-US\",\"potentialAction\":[{\"@type\":\"ReadAction\",\"target\":[\"https:\/\/www.drzwi-cal.pl\/en\/blog\/jaka-szerokosc-drzwi-dla-osob-niepelnosprawnych-drzwi-cal\/\"]}]},{\"@type\":\"ImageObject\",\"inLanguage\":\"en-US\",\"@id\":\"https:\/\/www.drzwi-cal.pl\/en\/blog\/jaka-szerokosc-drzwi-dla-osob-niepelnosprawnych-drzwi-cal\/#primaryimage\",\"url\":\"https:\/\/www.drzwi-cal.pl\/wp-content\/uploads\/2021\/03\/Longinus-standard-Termo-Lz-N.jpg\",\"contentUrl\":\"https:\/\/www.drzwi-cal.pl\/wp-content\/uploads\/2021\/03\/Longinus-standard-Termo-Lz-N.jpg\",\"width\":2448,\"height\":2550,\"caption\":\"drzwi cal\"},{\"@type\":\"BreadcrumbList\",\"@id\":\"https:\/\/www.drzwi-cal.pl\/en\/blog\/jaka-szerokosc-drzwi-dla-osob-niepelnosprawnych-drzwi-cal\/#breadcrumb\",\"itemListElement\":[{\"@type\":\"ListItem\",\"position\":1,\"name\":\"CAL prawdziwe drzwi\",\"item\":\"https:\/\/www.drzwi-cal.pl\/en\/\"},{\"@type\":\"ListItem\",\"position\":2,\"name\":\"Blog\",\"item\":\"https:\/\/www.drzwi-cal.pl\/en\/blog\/\"},{\"@type\":\"ListItem\",\"position\":3,\"name\":\"Jaka szeroko\u015b\u0107 drzwi dla os\u00f3b niepe\u0142nosprawnych?\"}]},{\"@type\":\"WebSite\",\"@id\":\"https:\/\/www.drzwi-cal.pl\/en\/#website\",\"url\":\"https:\/\/www.drzwi-cal.pl\/en\/\",\"name\":\"Drzwi zewn\u0119trzne i wewn\u0119trzne premium\",\"description\":\"Wybierz tylko kolor i model swoich drzwi zewn\u0119trznych CAL, bo ciep\u0142o i bezpiecze\u0144stwo masz zawsze w cenie! Dobierz pasuj\u0105ce drewniane drzwi wewn\u0119trzne CAL.\",\"publisher\":{\"@id\":\"https:\/\/www.drzwi-cal.pl\/en\/#organization\"},\"potentialAction\":[{\"@type\":\"SearchAction\",\"target\":{\"@type\":\"EntryPoint\",\"urlTemplate\":\"https:\/\/www.drzwi-cal.pl\/en\/?s={search_term_string}\"},\"query-input\":{\"@type\":\"PropertyValueSpecification\",\"valueRequired\":true,\"valueName\":\"search_term_string\"}}],\"inLanguage\":\"en-US\"},{\"@type\":\"Organization\",\"@id\":\"https:\/\/www.drzwi-cal.pl\/en\/#organization\",\"name\":\"Drzwi CAL\",\"alternateName\":\"Prawdziwe drzwi CAL\",\"url\":\"https:\/\/www.drzwi-cal.pl\/en\/\",\"logo\":{\"@type\":\"ImageObject\",\"inLanguage\":\"en-US\",\"@id\":\"https:\/\/www.drzwi-cal.pl\/en\/#\/schema\/logo\/image\/\",\"url\":\"https:\/\/www.drzwi-cal.pl\/wp-content\/uploads\/2018\/08\/CAL.jpg\",\"contentUrl\":\"https:\/\/www.drzwi-cal.pl\/wp-content\/uploads\/2018\/08\/CAL.jpg\",\"width\":1667,\"height\":750,\"caption\":\"Drzwi CAL\"},\"image\":{\"@id\":\"https:\/\/www.drzwi-cal.pl\/en\/#\/schema\/logo\/image\/\"},\"sameAs\":[\"https:\/\/www.facebook.com\/drzwical\/\",\"https:\/\/www.instagram.com\/drzwical\/\",\"https:\/\/www.linkedin.com\/company\/drzwi-cal\",\"https:\/\/www.youtube.com\/user\/drzwical\/\"]}]}<\/script>\n<!-- \/ Yoast SEO plugin. -->","yoast_head_json":{"title":"Jaka szeroko\u015b\u0107 drzwi dla os\u00f3b niepe\u0142nosprawnych? | Drzwi CAL","description":"Minimalna szeroko\u015b\u0107 drzwi dla os\u00f3b niepe\u0142nosprawnych to 90 cm. Dowiedz si\u0119 w jaki spos\u00f3b dobra\u0107 drzwi dla niepe\u0142nosprawnych.","robots":{"index":"index","follow":"follow","max-snippet":"max-snippet:-1","max-image-preview":"max-image-preview:large","max-video-preview":"max-video-preview:-1"},"canonical":"https:\/\/www.drzwi-cal.pl\/en\/blog\/jaka-szerokosc-drzwi-dla-osob-niepelnosprawnych-drzwi-cal\/","og_locale":"en_US","og_type":"article","og_title":"Jaka szeroko\u015b\u0107 drzwi dla os\u00f3b niepe\u0142nosprawnych?","og_description":"Maj\u0105c na uwadze osoby z niepe\u0142nosprawno\u015bci\u0105 ruchow\u0105 - czy to poruszaj\u0105ce si\u0119 o lasce, przy balkoniku czy na w\u00f3zku, odpowiadamy na pytanie jaka szeroko\u015b\u0107 drzwi dla nich b\u0119dzie wystarczaj\u0105ca?","og_url":"https:\/\/www.drzwi-cal.pl\/en\/blog\/jaka-szerokosc-drzwi-dla-osob-niepelnosprawnych-drzwi-cal\/","og_site_name":"Drzwi zewn\u0119trzne i wewn\u0119trzne premium","article_publisher":"https:\/\/www.facebook.com\/drzwical\/","article_modified_time":"2026-04-08T20:20:26+00:00","og_image":[{"url":"https:\/\/www.drzwi-cal.pl\/wp-content\/uploads\/2021\/03\/Burnaby4@LaneFab.jpg","width":1024,"height":684,"type":"image\/jpeg"}],"twitter_card":"summary_large_image","twitter_misc":{"Est. reading time":"7 minutes"},"schema":{"@context":"https:\/\/schema.org","@graph":[{"@type":"WebPage","@id":"https:\/\/www.drzwi-cal.pl\/en\/blog\/jaka-szerokosc-drzwi-dla-osob-niepelnosprawnych-drzwi-cal\/","url":"https:\/\/www.drzwi-cal.pl\/en\/blog\/jaka-szerokosc-drzwi-dla-osob-niepelnosprawnych-drzwi-cal\/","name":"Jaka szeroko\u015b\u0107 drzwi dla os\u00f3b niepe\u0142nosprawnych? | Drzwi CAL","isPartOf":{"@id":"https:\/\/www.drzwi-cal.pl\/en\/#website"},"primaryImageOfPage":{"@id":"https:\/\/www.drzwi-cal.pl\/en\/blog\/jaka-szerokosc-drzwi-dla-osob-niepelnosprawnych-drzwi-cal\/#primaryimage"},"image":{"@id":"https:\/\/www.drzwi-cal.pl\/en\/blog\/jaka-szerokosc-drzwi-dla-osob-niepelnosprawnych-drzwi-cal\/#primaryimage"},"thumbnailUrl":"https:\/\/www.drzwi-cal.pl\/wp-content\/uploads\/2021\/03\/Longinus-standard-Termo-Lz-N.jpg","datePublished":"2022-10-24T06:14:42+00:00","dateModified":"2026-04-08T20:20:26+00:00","description":"Minimalna szeroko\u015b\u0107 drzwi dla os\u00f3b niepe\u0142nosprawnych to 90 cm. Dowiedz si\u0119 w jaki spos\u00f3b dobra\u0107 drzwi dla niepe\u0142nosprawnych.","breadcrumb":{"@id":"https:\/\/www.drzwi-cal.pl\/en\/blog\/jaka-szerokosc-drzwi-dla-osob-niepelnosprawnych-drzwi-cal\/#breadcrumb"},"inLanguage":"en-US","potentialAction":[{"@type":"ReadAction","target":["https:\/\/www.drzwi-cal.pl\/en\/blog\/jaka-szerokosc-drzwi-dla-osob-niepelnosprawnych-drzwi-cal\/"]}]},{"@type":"ImageObject","inLanguage":"en-US","@id":"https:\/\/www.drzwi-cal.pl\/en\/blog\/jaka-szerokosc-drzwi-dla-osob-niepelnosprawnych-drzwi-cal\/#primaryimage","url":"https:\/\/www.drzwi-cal.pl\/wp-content\/uploads\/2021\/03\/Longinus-standard-Termo-Lz-N.jpg","contentUrl":"https:\/\/www.drzwi-cal.pl\/wp-content\/uploads\/2021\/03\/Longinus-standard-Termo-Lz-N.jpg","width":2448,"height":2550,"caption":"drzwi cal"},{"@type":"BreadcrumbList","@id":"https:\/\/www.drzwi-cal.pl\/en\/blog\/jaka-szerokosc-drzwi-dla-osob-niepelnosprawnych-drzwi-cal\/#breadcrumb","itemListElement":[{"@type":"ListItem","position":1,"name":"CAL prawdziwe drzwi","item":"https:\/\/www.drzwi-cal.pl\/en\/"},{"@type":"ListItem","position":2,"name":"Blog","item":"https:\/\/www.drzwi-cal.pl\/en\/blog\/"},{"@type":"ListItem","position":3,"name":"Jaka szeroko\u015b\u0107 drzwi dla os\u00f3b niepe\u0142nosprawnych?"}]},{"@type":"WebSite","@id":"https:\/\/www.drzwi-cal.pl\/en\/#website","url":"https:\/\/www.drzwi-cal.pl\/en\/","name":"Drzwi zewn\u0119trzne i wewn\u0119trzne premium","description":"Wybierz tylko kolor i model swoich drzwi zewn\u0119trznych CAL, bo ciep\u0142o i bezpiecze\u0144stwo masz zawsze w cenie! Dobierz pasuj\u0105ce drewniane drzwi wewn\u0119trzne CAL.","publisher":{"@id":"https:\/\/www.drzwi-cal.pl\/en\/#organization"},"potentialAction":[{"@type":"SearchAction","target":{"@type":"EntryPoint","urlTemplate":"https:\/\/www.drzwi-cal.pl\/en\/?s={search_term_string}"},"query-input":{"@type":"PropertyValueSpecification","valueRequired":true,"valueName":"search_term_string"}}],"inLanguage":"en-US"},{"@type":"Organization","@id":"https:\/\/www.drzwi-cal.pl\/en\/#organization","name":"Drzwi CAL","alternateName":"Prawdziwe drzwi CAL","url":"https:\/\/www.drzwi-cal.pl\/en\/","logo":{"@type":"ImageObject","inLanguage":"en-US","@id":"https:\/\/www.drzwi-cal.pl\/en\/#\/schema\/logo\/image\/","url":"https:\/\/www.drzwi-cal.pl\/wp-content\/uploads\/2018\/08\/CAL.jpg","contentUrl":"https:\/\/www.drzwi-cal.pl\/wp-content\/uploads\/2018\/08\/CAL.jpg","width":1667,"height":750,"caption":"Drzwi CAL"},"image":{"@id":"https:\/\/www.drzwi-cal.pl\/en\/#\/schema\/logo\/image\/"},"sameAs":["https:\/\/www.facebook.com\/drzwical\/","https:\/\/www.instagram.com\/drzwical\/","https:\/\/www.linkedin.com\/company\/drzwi-cal","https:\/\/www.youtube.com\/user\/drzwical\/"]}]}},"_links":{"self":[{"href":"https:\/\/www.drzwi-cal.pl\/en\/wp-json\/wp\/v2\/blog\/15841","targetHints":{"allow":["GET"]}}],"collection":[{"href":"https:\/\/www.drzwi-cal.pl\/en\/wp-json\/wp\/v2\/blog"}],"about":[{"href":"https:\/\/www.drzwi-cal.pl\/en\/wp-json\/wp\/v2\/types\/dc_blog"}],"replies":[{"embeddable":true,"href":"https:\/\/www.drzwi-cal.pl\/en\/wp-json\/wp\/v2\/comments?post=15841"}],"version-history":[{"count":9,"href":"https:\/\/www.drzwi-cal.pl\/en\/wp-json\/wp\/v2\/blog\/15841\/revisions"}],"predecessor-version":[{"id":23639,"href":"https:\/\/www.drzwi-cal.pl\/en\/wp-json\/wp\/v2\/blog\/15841\/revisions\/23639"}],"wp:featuredmedia":[{"embeddable":true,"href":"https:\/\/www.drzwi-cal.pl\/en\/wp-json\/wp\/v2\/media\/12002"}],"wp:attachment":[{"href":"https:\/\/www.drzwi-cal.pl\/en\/wp-json\/wp\/v2\/media?parent=15841"}],"curies":[{"name":"wp","href":"https:\/\/api.w.org\/{rel}","templated":true}]}}