{"id":16632,"date":"2023-01-12T09:07:32","date_gmt":"2023-01-12T08:07:32","guid":{"rendered":"https:\/\/www.drzwi-cal.pl\/?post_type=dc_blog&#038;p=16632"},"modified":"2026-04-08T22:13:45","modified_gmt":"2026-04-08T20:13:45","slug":"inteligentne-rozwiazania-w-pytaniach-i-odpowiedziach","status":"publish","type":"dc_blog","link":"https:\/\/www.drzwi-cal.pl\/en\/blog\/inteligentne-rozwiazania-w-pytaniach-i-odpowiedziach\/","title":{"rendered":"Inteligentne rozwi\u0105zania w pytaniach i odpowiedziach"},"content":{"rendered":"<h2><strong>Rozwi\u0105zania inteligentnego domu czyli sk\u0105d czerpa\u0107 wiedz\u0119 o pasuj\u0105cych produktach CAL<\/strong><\/h2>\n<p>Wsp\u00f3\u0142czesne drzwi zewn\u0119trzne to nie tylko skrzyd\u0142o osadzone w o\u015bcie\u017cnicy. To tak\u017ce wymagane normami badania i atesty oraz nowoczesne rozwi\u0105zania elektroniczne. Nieodpowiedzialny wyb\u00f3r mo\u017ce skutkowa\u0107 powa\u017cnymi konsekwencjami finansowymi, ha\u0142asem w domu, a nawet w\u0142amaniem. Dlatego bardzo wa\u017cne jest, aby wyb\u00f3r nowych drzwi zewn\u0119trznych by\u0142 jak najbardziej \u015bwiadomy i przemy\u015blany. I dobrze, aby wybrane drzwi zewn\u0119trzne wpisywa\u0142y si\u0119 w rozwi\u0105zania inteligentnego domu.<\/p>\n<p>W CAL robimy wszystko, by\u015bcie przed zakupem naszych drzwi mogli si\u0119 zapozna\u0107 si\u0119 w przyjazny i prosty spos\u00f3b z ich w\u0142a\u015bciwo\u015bciami. Pe\u0142ne informacje o naszych drzwiach znajdziesz na naszej stronie internetowej pod postaci\u0105:<\/p>\n<p>&#8211; elektronicznej wersji katalogu (https:\/\/www.drzwi-cal.pl\/pliki-do-pobrania-2\/)<\/p>\n<p>&#8211; bloga, kt\u00f3ry w\u0142a\u015bnie czytasz<\/p>\n<p>&#8211; podcastu, czyli wiedzy przekazanej w formie dla tych, kt\u00f3rzy wol\u0105 s\u0142ucha\u0107 ni\u017c czyta\u0107 (<a href=\"https:\/\/www.drzwi-cal.pl\/podcast\/\">https:\/\/www.drzwi-cal.pl\/podcast\/<\/a>).<\/p>\n<p>Mo\u017cesz r\u00f3wnie\u017c skontaktowa\u0107 si\u0119 z nami bezpo\u015brednio poprzez formularz na naszej stronie i zada\u0107 konkretne pytanie naszym ekspertom. Zobacz, jak wygl\u0105da odpowied\u017a na pytanie anonimowej osoby przes\u0142ane w\u0142a\u015bnie przez formularz. Zaznaczam, \u017ce jest to realne pytanie roz\u0142o\u017cone na cz\u0119\u015bci i opracowane przez Dyrektora Sprzeda\u017cy CAL Czes\u0142awa Suskiego.<\/p>\n<p>&nbsp;<\/p>\n<p><a href=\"https:\/\/www.drzwi-cal.pl\/wp-content\/uploads\/2018\/08\/smartphone_czytnik_linii.png\"><img fetchpriority=\"high\" decoding=\"async\" class=\"alignnone wp-image-3573 size-medium\" src=\"https:\/\/www.drzwi-cal.pl\/wp-content\/uploads\/2018\/08\/smartphone_czytnik_linii-289x300.png\" alt=\"smartphone_czytnik_linii\" width=\"289\" height=\"300\" srcset=\"https:\/\/www.drzwi-cal.pl\/wp-content\/uploads\/2018\/08\/smartphone_czytnik_linii-289x300.png 289w, https:\/\/www.drzwi-cal.pl\/wp-content\/uploads\/2018\/08\/smartphone_czytnik_linii-145x150.png 145w, https:\/\/www.drzwi-cal.pl\/wp-content\/uploads\/2018\/08\/smartphone_czytnik_linii-204x211.png 204w, https:\/\/www.drzwi-cal.pl\/wp-content\/uploads\/2018\/08\/smartphone_czytnik_linii-25x26.png 25w, https:\/\/www.drzwi-cal.pl\/wp-content\/uploads\/2018\/08\/smartphone_czytnik_linii.png 465w\" sizes=\"(max-width: 289px) 100vw, 289px\" \/><\/a><\/p>\n<p>&nbsp;<\/p>\n<h2><strong>Elektronika w drzwiach CAL w pytaniach i odpowiedziach<\/strong><\/h2>\n<h3><strong>Przycisk portierski. Montujemy go w drzwiach, w okolicy drzwi i co dalej? Czy przycisk musi by\u0107 na zewn\u0105trz i wewn\u0105trz domu? Czy ka\u017cdy ma wtedy dost\u0119p? Jak to regulowa\u0107? <\/strong><\/h3>\n<p>Je\u015bli przycisk jest zamontowany na zewn\u0105trz to ka\u017cdy ma do niego dost\u0119p. Jest kilka sposob\u00f3w jego kontroli:<\/p>\n<p>&#8211; zamontowany wewn\u0105trz prze\u0142\u0105cznik odcinaj\u0105cy napi\u0119cie na zamek,<\/p>\n<p>&#8211; programator czasowy, kt\u00f3ry daje dost\u0119p ka\u017cdemu u\u017cytkownikowi w okre\u015blonym czasie, np. w godzinach pracy biura,<\/p>\n<p>&#8211; blokada zamka kluczem, kt\u00f3ra nie dopuszcza do otwarcia zamka drog\u0105 elektryczn\u0105. Dodatkowo mo\u017cna wtedy wykorzysta\u0107 czujnik rygla do odci\u0119cia napi\u0119cia na zamek,<\/p>\n<p>&#8211; mo\u017cna po\u0142\u0105czy\u0107 w\u0142\u0105czenie alarmu z odci\u0119ciem napi\u0119cia na przycisk.<\/p>\n<p>Montowanie przycisku portierskiego od wewn\u0105trz ma sens, gdy w drzwiach mamy antab\u0119 dwustronn\u0105, wtedy kontrolujemy drzwi tak jak opisa\u0142em powy\u017cej.<\/p>\n<h3><strong>Mam rozwi\u0105zania inteligentnego domu. Czy wtedy normalnie mo\u017cna otwiera\u0107 drzwi kluczem?<\/strong><\/h3>\n<p>Klucz ma w drzwiach CAL funkcj\u0119 nadrz\u0119dn\u0105. Zawsze mo\u017cna nim otworzy\u0107 drzwi, a gdy zablokujemy nim zamek, nie mo\u017cna otworzy\u0107 drzwi elektrycznie.<\/p>\n<h3><strong>Przycisk w antabie. Czy mo\u017cna z niego korzysta\u0107 tylko w momencie, gdy jeste\u015bmy w okolicy domu, a w razie opuszczenia terenu blokujemy go i po powrocie otwieramy drzwi tylko kluczem? I dodatkowy przycisk do jego kontroli lokalizujemy wewn\u0105trz czy na zewn\u0105trz?<\/strong><\/h3>\n<p>Przycisk w antabie mo\u017cemy kontrolowa\u0107 podobnie jak w przypadku przycisku portierskiego. Takie rozwi\u0105zanie nale\u017cy traktowa\u0107 jak elektryczn\u0105 funkcj\u0119 dzienn\u0105, co pozwala w \u0142atwy spos\u00f3b otworzy\u0107 drzwi, gdy jeste\u015bmy w pobli\u017cu domu. Niezablokowanie drzwi (aktywny przycisk w antabie) jest por\u00f3wnywalne z pozostawieniem drzwi bez zamkni\u0119cia na klucz w najbardziej tradycyjnych rozwi\u0105zaniach.<\/p>\n<p>Uzupe\u0142nieniem przycisku w antabie odcinanego elektrycznie mog\u0105 by\u0107 inne sposoby otwierania drzwi:<\/p>\n<p>&#8211; biometria, klawiatury, RFID, bluetooth itp,<\/p>\n<p>&#8211; mo\u017ce to by\u0107 impuls z alarmu, domofonu czy instalacji inteligentnego domu,<\/p>\n<p>&#8211; ciekawym rozwi\u0105zaniem mog\u0105 by\u0107 przeka\u017aniki sterowane smartfonem.<\/p>\n<p>&nbsp;<\/p>\n<p><a href=\"https:\/\/www.drzwi-cal.pl\/wp-content\/uploads\/2017\/10\/antaba-QS.jpg\"><img decoding=\"async\" class=\"alignnone wp-image-2240 size-large\" src=\"https:\/\/www.drzwi-cal.pl\/wp-content\/uploads\/2017\/10\/antaba-QS-1024x681.jpg\" alt=\"\" width=\"1024\" height=\"681\" srcset=\"https:\/\/www.drzwi-cal.pl\/wp-content\/uploads\/2017\/10\/antaba-QS-1024x681.jpg 1024w, https:\/\/www.drzwi-cal.pl\/wp-content\/uploads\/2017\/10\/antaba-QS-150x100.jpg 150w, https:\/\/www.drzwi-cal.pl\/wp-content\/uploads\/2017\/10\/antaba-QS-300x200.jpg 300w, https:\/\/www.drzwi-cal.pl\/wp-content\/uploads\/2017\/10\/antaba-QS-768x511.jpg 768w, https:\/\/www.drzwi-cal.pl\/wp-content\/uploads\/2017\/10\/antaba-QS-1920x1278.jpg 1920w, https:\/\/www.drzwi-cal.pl\/wp-content\/uploads\/2017\/10\/antaba-QS-960x639.jpg 960w, https:\/\/www.drzwi-cal.pl\/wp-content\/uploads\/2017\/10\/antaba-QS-640x426.jpg 640w, https:\/\/www.drzwi-cal.pl\/wp-content\/uploads\/2017\/10\/antaba-QS-204x136.jpg 204w, https:\/\/www.drzwi-cal.pl\/wp-content\/uploads\/2017\/10\/antaba-QS-25x17.jpg 25w\" sizes=\"(max-width: 1024px) 100vw, 1024px\" \/><\/a><\/p>\n<p>&nbsp;<\/p>\n<h3><strong>Czytnik linii papilarnych. Czy wtedy jest mo\u017cliwo\u015b\u0107 otwierania drzwi kluczem czy ju\u017c tylko palcem? Czy mo\u017cna zamontowa\u0107 go w antabie?<\/strong><\/h3>\n<p>Tak, zawsze jest mo\u017cliwo\u015b\u0107 otwarcia drzwi kluczem. Czytnik mo\u017ce by\u0107 u\u017cywany r\u00f3wnolegle z innymi dowolnymi systemami kontroli dost\u0119pu. Czytnik mo\u017ce by\u0107 montowany w antabie o przekroju 40&#215;40 mm.<\/p>\n<h3><strong>To samo pytanie odno\u015bnie kart RFID, bluetooth, klawiatur. Jak to w og\u00f3le dzia\u0142a gdy chc\u0119 mie\u0107\u00a0<\/strong><strong>rozwi\u0105zania inteligentnego domu<\/strong><strong>?<\/strong><\/h3>\n<p>Jak ju\u017c pisa\u0142em rozwi\u0105zania inteligentnego domu mo\u017cna podpi\u0105\u0107 r\u00f3wnolegle i korzysta\u0107 z nich niezale\u017cnie pod warunkiem, \u017ce drzwi nie s\u0105 zamkni\u0119te na klucz. Mamy w ofercie urz\u0105dzenie pod nazw\u0105 UNILOCK, kt\u00f3re ma w sobie wiele mo\u017cliwo\u015bci otwierania drzwi. W skr\u00f3cie opisz\u0119 co obejmuje to rozwi\u0105zanie:<\/p>\n<p>&#8211; czytnik linii papilarnych &#8211; zapami\u0119tuje 150 odcisk\u00f3w palc\u00f3w<\/p>\n<p>&#8211; klawiatura kodowa \u2013 wygenerowane przez administratora kody liczbowe<\/p>\n<p>&#8211; czytnik RFID \u2013 karty, czipy, uniwersalny pilot<\/p>\n<p>&#8211; bluetooth \u2013 mo\u017cna po\u0142\u0105czy\u0107 z dowolnym smartfonem wyposa\u017conym w bluetooth. Nale\u017cy otworzy\u0107 aplikacj\u0119 i nacisn\u0105\u0107 przycisk<\/p>\n<p>&#8211; po zainstalowaniu bramki WIFI (opcja dodatkowa) mo\u017cna otwiera\u0107 drzwi z dowolnego miejsca z dost\u0119pem do sieci.<\/p>\n<p>Uprawnienia do tych wszystkich sposob\u00f3w otwierania nadaje administrator. Mog\u0105 by\u0107 one sta\u0142e, czasowe lub okresowe. UNILOCK ze wzgl\u0119du na gabaryty mo\u017ce by\u0107 montowany na skrzydle, na \u015bcianie lub w specjalnej antabie szeroko\u015bci 100 mm.<\/p>\n<p>&nbsp;<\/p>\n<p><a href=\"https:\/\/www.drzwi-cal.pl\/wp-content\/uploads\/2022\/05\/2614.jpg\"><img decoding=\"async\" class=\"alignnone wp-image-12938 size-medium\" src=\"https:\/\/www.drzwi-cal.pl\/wp-content\/uploads\/2022\/05\/2614-300x200.jpg\" alt=\"rozwi\u0105zania inteligentnego domu\" width=\"300\" height=\"200\" srcset=\"https:\/\/www.drzwi-cal.pl\/wp-content\/uploads\/2022\/05\/2614-300x200.jpg 300w, https:\/\/www.drzwi-cal.pl\/wp-content\/uploads\/2022\/05\/2614-1024x684.jpg 1024w, https:\/\/www.drzwi-cal.pl\/wp-content\/uploads\/2022\/05\/2614-150x100.jpg 150w, https:\/\/www.drzwi-cal.pl\/wp-content\/uploads\/2022\/05\/2614-768x513.jpg 768w, https:\/\/www.drzwi-cal.pl\/wp-content\/uploads\/2022\/05\/2614-960x641.jpg 960w, https:\/\/www.drzwi-cal.pl\/wp-content\/uploads\/2022\/05\/2614-640x427.jpg 640w, https:\/\/www.drzwi-cal.pl\/wp-content\/uploads\/2022\/05\/2614-204x136.jpg 204w, https:\/\/www.drzwi-cal.pl\/wp-content\/uploads\/2022\/05\/2614-25x17.jpg 25w, https:\/\/www.drzwi-cal.pl\/wp-content\/uploads\/2022\/05\/2614.jpg 1200w\" sizes=\"(max-width: 300px) 100vw, 300px\" \/><\/a><\/p>\n<p>&nbsp;<\/p>\n<h3><strong>Kontaktron. W jaki spos\u00f3b daje zna\u0107 o detekcji nieuprawnionego dost\u0119pu?<\/strong><\/h3>\n<p>Kontaktron informuje o tym czy drzwi s\u0105 uchylone, czy te\u017c nie. W skrzydle jest zamontowany magnes, a w o\u015bcie\u017cnicy wy\u0142\u0105cznik magnetyczny, kt\u00f3ry gdy jest w polu magnesu, w zale\u017cno\u015bci od ustawie\u0144 zwiera lub rozwiera obw\u00f3d elektryczny. Ten sygna\u0142 mo\u017cemy po\u0142\u0105czy\u0107 z alarmem lub inn\u0105 sygnalizacj\u0105.<\/p>\n<p>&nbsp;<\/p>\n<p><a href=\"https:\/\/www.drzwi-cal.pl\/wp-content\/uploads\/2017\/10\/Kontaktrom-MC250-6.jpg\"><img loading=\"lazy\" decoding=\"async\" class=\"alignnone wp-image-909 size-medium\" src=\"https:\/\/www.drzwi-cal.pl\/wp-content\/uploads\/2017\/10\/Kontaktrom-MC250-6-300x300.jpg\" alt=\"\" width=\"300\" height=\"300\" srcset=\"https:\/\/www.drzwi-cal.pl\/wp-content\/uploads\/2017\/10\/Kontaktrom-MC250-6-300x300.jpg 300w, https:\/\/www.drzwi-cal.pl\/wp-content\/uploads\/2017\/10\/Kontaktrom-MC250-6-150x150.jpg 150w, https:\/\/www.drzwi-cal.pl\/wp-content\/uploads\/2017\/10\/Kontaktrom-MC250-6-204x204.jpg 204w, https:\/\/www.drzwi-cal.pl\/wp-content\/uploads\/2017\/10\/Kontaktrom-MC250-6-120x120.jpg 120w, https:\/\/www.drzwi-cal.pl\/wp-content\/uploads\/2017\/10\/Kontaktrom-MC250-6-70x70.jpg 70w, https:\/\/www.drzwi-cal.pl\/wp-content\/uploads\/2017\/10\/Kontaktrom-MC250-6-25x25.jpg 25w, https:\/\/www.drzwi-cal.pl\/wp-content\/uploads\/2017\/10\/Kontaktrom-MC250-6.jpg 560w\" sizes=\"(max-width: 300px) 100vw, 300px\" \/><\/a><\/p>\n<p>&nbsp;<\/p>\n<h3><strong>Czujnik rygla. W jaki spos\u00f3b przesy\u0142a informacje?<\/strong><\/h3>\n<p>Czujnik rygla, to wy\u0142\u0105cznik kra\u0144cowy, kt\u00f3ry nale\u017cy po\u0142\u0105czy\u0107 z urz\u0105dzeniem sygnalizuj\u0105cym. Mo\u017ce to by\u0107 alarm, instalacja domu inteligentnego, czy te\u017c dowolny przeka\u017anik. Mo\u017ce by\u0107 r\u00f3wnie\u017c wykorzystany do odci\u0119cia napi\u0119cia na zamek, \u017ceby niepotrzebnie nie obci\u0105\u017ca\u0107 si\u0142ownika, gdy drzwi s\u0105 zaryglowane.<\/p>\n<h3><strong>Czujnik funkcji dziennej. W jaki spos\u00f3b informuje?<\/strong><\/h3>\n<p>Jest to czujnik indukcyjny, kt\u00f3ry zwiera lub rozwiera obw\u00f3d elektryczny, gdy g\u00f3rny hak zamka jest w polu indukcyjnym.<\/p>\n<h3><strong>Czy to s\u0105 wszystkie mo\u017cliwo\u015bci elektronicznego sterowania drzwiami? Najbardziej interesuj\u0105 mnie funkcje smart. <\/strong><\/h3>\n<p>Wi\u0119cej funkcji umie\u015bci\u0142em wy\u017cej opisuj\u0105c UNILOCK. W ofercie mamy jeszcze rozszerzone rozwi\u0105zanie CAL Connect, kt\u00f3re daje dodatkowe mo\u017cliwo\u015bci w postaci np. geolokalizacji, dodatkowej identyfikacji poszczeg\u00f3lnych u\u017cytkownik\u00f3w, kt\u00f3ra daje du\u017ce mo\u017cliwo\u015bci, w tym funkcja \u201edziecko w domu\u201d, tzw. \u201ecichy alarm\u201d czy te\u017c po integracji z niekt\u00f3rymi systemami domu inteligentnego uruchamianie jego funkcji za pomoc\u0105 skanowania palca. Wi\u0119cej na stronie <a href=\"https:\/\/www.drzwi-cal.pl\/biometryczna-kontrola-dostepu-2\/\">https:\/\/www.drzwi-cal.pl\/biometryczna-kontrola-dostepu-2\/<\/a><\/p>\n<h3><strong>Wiem, \u017ce jest te\u017c co\u015b takiego jak elektrozaczep? Natomiast nie<\/strong><strong> wiem czy to ju\u017c jest w standardzie w tych opcjach, czy w og\u00f3le Pa\u0144stwo nie oferujecie, czy nie ma sensu tego stosowa\u0107?<\/strong><\/h3>\n<p>Mamy w ofercie elektrozaczep, ale nie zalecamy jego stosowania. Wszystkie jego funkcje spe\u0142nia zamek eAV3 zapewniaj\u0105cy jednocze\u015bnie bezpiecze\u0144stwo domu (klasa antyw\u0142amaniowa <a href=\"https:\/\/www.drzwi-cal.pl\/en\/bezpieczne-drzwi\/\">RC2<\/a>).<\/p>\n<p>&nbsp;<\/p>\n<p><a href=\"https:\/\/www.drzwi-cal.pl\/wp-content\/uploads\/2020\/09\/Erato.jpg\"><img loading=\"lazy\" decoding=\"async\" class=\"alignnone wp-image-16559 \" src=\"https:\/\/www.drzwi-cal.pl\/wp-content\/uploads\/2020\/09\/Erato-517x1024.jpg\" alt=\"\" width=\"419\" height=\"830\" srcset=\"https:\/\/www.drzwi-cal.pl\/wp-content\/uploads\/2020\/09\/Erato-517x1024.jpg 517w, https:\/\/www.drzwi-cal.pl\/wp-content\/uploads\/2020\/09\/Erato-152x300.jpg 152w, https:\/\/www.drzwi-cal.pl\/wp-content\/uploads\/2020\/09\/Erato-76x150.jpg 76w, https:\/\/www.drzwi-cal.pl\/wp-content\/uploads\/2020\/09\/Erato-768x1520.jpg 768w, https:\/\/www.drzwi-cal.pl\/wp-content\/uploads\/2020\/09\/Erato-776x1536.jpg 776w, https:\/\/www.drzwi-cal.pl\/wp-content\/uploads\/2020\/09\/Erato-1035x2048.jpg 1035w, https:\/\/www.drzwi-cal.pl\/wp-content\/uploads\/2020\/09\/Erato-960x1900.jpg 960w, https:\/\/www.drzwi-cal.pl\/wp-content\/uploads\/2020\/09\/Erato-640x1267.jpg 640w, https:\/\/www.drzwi-cal.pl\/wp-content\/uploads\/2020\/09\/Erato-204x404.jpg 204w, https:\/\/www.drzwi-cal.pl\/wp-content\/uploads\/2020\/09\/Erato-25x49.jpg 25w, https:\/\/www.drzwi-cal.pl\/wp-content\/uploads\/2020\/09\/Erato.jpg 1173w\" sizes=\"(max-width: 419px) 100vw, 419px\" \/><\/a><\/p>\n<p>&nbsp;<\/p>\n<h3><strong>&#8220;Wtedy w zamku montujemy si\u0142ownik 12V na pr\u0105d sta\u0142y EAV3&#8221;. To jest<\/strong><strong> rozumiem standardowe zasilanie, kt\u00f3re trzeba doprowadzi\u0107 do ka\u017cdej opcji i p\u00f3\u017aniej w zale\u017cno\u015bci od wyboru funkcji doprowadzamy kolejne kable ?<\/strong><\/h3>\n<p>Niezb\u0119dne okablowanie zamontowane jest w skrzydle i za pomoc\u0105 przepustu wyprowadzone do o\u015bcie\u017cnicy. Podczas monta\u017cu drzwi nale\u017cy je po\u0142\u0105czy\u0107 z instalacj\u0105 domu. Drzwi dostarczamy z zasilaczem rozruchowym, kt\u00f3ry s\u0142u\u017cy do sprawdzenia dzia\u0142ania urz\u0105dze\u0144 po monta\u017cu.<\/p>\n<p>Docelowo drzwi nale\u017cy pod\u0142\u0105czy\u0107 si\u0119 do domowej instalacji niskiego napi\u0119cia lub doprowadzi\u0107 napi\u0119cie z zasilacza podtynkowego, czy te\u017c montowanego w skrzynce elektrycznej.<\/p>\n<p>Je\u015bli podoba Ci si\u0119 powy\u017csza odpowied\u017a i nurtuj\u0105 Ci\u0119 jakie\u015b pytania odno\u015bnie do naszych drzwi, wejd\u017a na stron\u0119 g\u0142\u00f3wn\u0105 Drzwi CAL i napisz do naszego eksperta. A je\u015bli ju\u017c wiesz jakie rozwi\u0105zania inteligentnego domu chcesz zastosowa\u0107 w swoich drzwiach CAL &#8211; poszukaj tych wymarzonych &lt;<a href=\"https:\/\/www.drzwi-cal.pl\/drzwi-zewnetrzne\/\"><strong>klik &#8211; ogl\u0105dam drzwi zewn\u0119trzne<\/strong><\/a>&gt;.<\/p>\n<p>&nbsp;<\/p>\n<p><a href=\"https:\/\/www.drzwi-cal.pl\/wp-content\/uploads\/2021\/05\/Bez-nazwy-2.jpg\"><img loading=\"lazy\" decoding=\"async\" class=\"alignnone wp-image-11204\" src=\"https:\/\/www.drzwi-cal.pl\/wp-content\/uploads\/2021\/05\/Bez-nazwy-2.jpg\" alt=\"antaba do drzwi zewn\u0119trznych rozwi\u0105zania inteligentnego domu\" width=\"742\" height=\"318\" srcset=\"https:\/\/www.drzwi-cal.pl\/wp-content\/uploads\/2021\/05\/Bez-nazwy-2.jpg 1400w, https:\/\/www.drzwi-cal.pl\/wp-content\/uploads\/2021\/05\/Bez-nazwy-2-300x129.jpg 300w, https:\/\/www.drzwi-cal.pl\/wp-content\/uploads\/2021\/05\/Bez-nazwy-2-1024x439.jpg 1024w, https:\/\/www.drzwi-cal.pl\/wp-content\/uploads\/2021\/05\/Bez-nazwy-2-150x64.jpg 150w, https:\/\/www.drzwi-cal.pl\/wp-content\/uploads\/2021\/05\/Bez-nazwy-2-768x329.jpg 768w, https:\/\/www.drzwi-cal.pl\/wp-content\/uploads\/2021\/05\/Bez-nazwy-2-960x411.jpg 960w, https:\/\/www.drzwi-cal.pl\/wp-content\/uploads\/2021\/05\/Bez-nazwy-2-640x274.jpg 640w, https:\/\/www.drzwi-cal.pl\/wp-content\/uploads\/2021\/05\/Bez-nazwy-2-204x87.jpg 204w, https:\/\/www.drzwi-cal.pl\/wp-content\/uploads\/2021\/05\/Bez-nazwy-2-25x11.jpg 25w\" sizes=\"(max-width: 742px) 100vw, 742px\" \/><\/a><\/p>\n<p>&nbsp;<\/p>\n<p>Autorzy: Czes\u0142aw Suski, Dyrketor ds. Sprzeda\u017cy, Natalia Kiler, technolo\u017cka CAL prawdziwe drzwi.<\/p>\n","protected":false},"featured_media":12938,"comment_status":"closed","ping_status":"closed","template":"","meta":[],"class_list":["post-16632","dc_blog","type-dc_blog","status-publish","has-post-thumbnail","hentry","dc_blog_tagi-top-rozwiazania"],"acf":[],"yoast_head":"<!-- This site is optimized with the Yoast SEO plugin v26.5 - https:\/\/yoast.com\/wordpress\/plugins\/seo\/ -->\n<title>Inteligentne rozwi\u0105zania w pytaniach i odpowiedziach<\/title>\n<meta name=\"description\" content=\"Rozwi\u0105zania inteligentnego domu to tak\u017ce drzwi zewn\u0119trzne! Zobacz Q&amp;A naszego eksperta - Czes\u0142awa Suskiego, w rozmowie z Klientk\u0105\" \/>\n<meta name=\"robots\" content=\"index, follow, max-snippet:-1, max-image-preview:large, max-video-preview:-1\" \/>\n<link rel=\"canonical\" href=\"https:\/\/www.drzwi-cal.pl\/en\/blog\/inteligentne-rozwiazania-w-pytaniach-i-odpowiedziach\/\" \/>\n<meta property=\"og:locale\" content=\"en_US\" \/>\n<meta property=\"og:type\" content=\"article\" \/>\n<meta property=\"og:title\" content=\"Inteligentne rozwi\u0105zania w pytaniach i odpowiedziach\" \/>\n<meta property=\"og:description\" content=\"Poka\u017cemy Wam odpowied\u017a naszego eksperta - Czes\u0142awa Suskiego, na zapytanie klientki o inteligentne rozwi\u0105zania w drzwiach zewn\u0119trznych CAL.\" \/>\n<meta property=\"og:url\" content=\"https:\/\/www.drzwi-cal.pl\/en\/blog\/inteligentne-rozwiazania-w-pytaniach-i-odpowiedziach\/\" \/>\n<meta property=\"og:site_name\" content=\"Drzwi zewn\u0119trzne i wewn\u0119trzne premium\" \/>\n<meta property=\"article:publisher\" content=\"https:\/\/www.facebook.com\/drzwical\/\" \/>\n<meta property=\"article:modified_time\" content=\"2026-04-08T20:13:45+00:00\" \/>\n<meta property=\"og:image\" content=\"https:\/\/www.drzwi-cal.pl\/wp-content\/uploads\/2022\/05\/2614.jpg\" \/>\n\t<meta property=\"og:image:width\" content=\"1200\" \/>\n\t<meta property=\"og:image:height\" content=\"801\" \/>\n\t<meta property=\"og:image:type\" content=\"image\/jpeg\" \/>\n<meta name=\"twitter:card\" content=\"summary_large_image\" \/>\n<meta name=\"twitter:label1\" content=\"Est. reading time\" \/>\n\t<meta name=\"twitter:data1\" content=\"8 minutes\" \/>\n<script type=\"application\/ld+json\" class=\"yoast-schema-graph\">{\"@context\":\"https:\/\/schema.org\",\"@graph\":[{\"@type\":\"WebPage\",\"@id\":\"https:\/\/www.drzwi-cal.pl\/en\/blog\/inteligentne-rozwiazania-w-pytaniach-i-odpowiedziach\/\",\"url\":\"https:\/\/www.drzwi-cal.pl\/en\/blog\/inteligentne-rozwiazania-w-pytaniach-i-odpowiedziach\/\",\"name\":\"Inteligentne rozwi\u0105zania w pytaniach i odpowiedziach\",\"isPartOf\":{\"@id\":\"https:\/\/www.drzwi-cal.pl\/en\/#website\"},\"primaryImageOfPage\":{\"@id\":\"https:\/\/www.drzwi-cal.pl\/en\/blog\/inteligentne-rozwiazania-w-pytaniach-i-odpowiedziach\/#primaryimage\"},\"image\":{\"@id\":\"https:\/\/www.drzwi-cal.pl\/en\/blog\/inteligentne-rozwiazania-w-pytaniach-i-odpowiedziach\/#primaryimage\"},\"thumbnailUrl\":\"https:\/\/www.drzwi-cal.pl\/wp-content\/uploads\/2022\/05\/2614.jpg\",\"datePublished\":\"2023-01-12T08:07:32+00:00\",\"dateModified\":\"2026-04-08T20:13:45+00:00\",\"description\":\"Rozwi\u0105zania inteligentnego domu to tak\u017ce drzwi zewn\u0119trzne! Zobacz Q&A naszego eksperta - Czes\u0142awa Suskiego, w rozmowie z Klientk\u0105\",\"breadcrumb\":{\"@id\":\"https:\/\/www.drzwi-cal.pl\/en\/blog\/inteligentne-rozwiazania-w-pytaniach-i-odpowiedziach\/#breadcrumb\"},\"inLanguage\":\"en-US\",\"potentialAction\":[{\"@type\":\"ReadAction\",\"target\":[\"https:\/\/www.drzwi-cal.pl\/en\/blog\/inteligentne-rozwiazania-w-pytaniach-i-odpowiedziach\/\"]}]},{\"@type\":\"ImageObject\",\"inLanguage\":\"en-US\",\"@id\":\"https:\/\/www.drzwi-cal.pl\/en\/blog\/inteligentne-rozwiazania-w-pytaniach-i-odpowiedziach\/#primaryimage\",\"url\":\"https:\/\/www.drzwi-cal.pl\/wp-content\/uploads\/2022\/05\/2614.jpg\",\"contentUrl\":\"https:\/\/www.drzwi-cal.pl\/wp-content\/uploads\/2022\/05\/2614.jpg\",\"width\":1200,\"height\":801,\"caption\":\"rozwi\u0105zania inteligentnego domu\"},{\"@type\":\"BreadcrumbList\",\"@id\":\"https:\/\/www.drzwi-cal.pl\/en\/blog\/inteligentne-rozwiazania-w-pytaniach-i-odpowiedziach\/#breadcrumb\",\"itemListElement\":[{\"@type\":\"ListItem\",\"position\":1,\"name\":\"CAL prawdziwe drzwi\",\"item\":\"https:\/\/www.drzwi-cal.pl\/en\/\"},{\"@type\":\"ListItem\",\"position\":2,\"name\":\"Blog\",\"item\":\"https:\/\/www.drzwi-cal.pl\/en\/blog\/\"},{\"@type\":\"ListItem\",\"position\":3,\"name\":\"Inteligentne rozwi\u0105zania w pytaniach i odpowiedziach\"}]},{\"@type\":\"WebSite\",\"@id\":\"https:\/\/www.drzwi-cal.pl\/en\/#website\",\"url\":\"https:\/\/www.drzwi-cal.pl\/en\/\",\"name\":\"Drzwi zewn\u0119trzne i wewn\u0119trzne premium\",\"description\":\"Wybierz tylko kolor i model swoich drzwi zewn\u0119trznych CAL, bo ciep\u0142o i bezpiecze\u0144stwo masz zawsze w cenie! Dobierz pasuj\u0105ce drewniane drzwi wewn\u0119trzne CAL.\",\"publisher\":{\"@id\":\"https:\/\/www.drzwi-cal.pl\/en\/#organization\"},\"potentialAction\":[{\"@type\":\"SearchAction\",\"target\":{\"@type\":\"EntryPoint\",\"urlTemplate\":\"https:\/\/www.drzwi-cal.pl\/en\/?s={search_term_string}\"},\"query-input\":{\"@type\":\"PropertyValueSpecification\",\"valueRequired\":true,\"valueName\":\"search_term_string\"}}],\"inLanguage\":\"en-US\"},{\"@type\":\"Organization\",\"@id\":\"https:\/\/www.drzwi-cal.pl\/en\/#organization\",\"name\":\"Drzwi CAL\",\"alternateName\":\"Prawdziwe drzwi CAL\",\"url\":\"https:\/\/www.drzwi-cal.pl\/en\/\",\"logo\":{\"@type\":\"ImageObject\",\"inLanguage\":\"en-US\",\"@id\":\"https:\/\/www.drzwi-cal.pl\/en\/#\/schema\/logo\/image\/\",\"url\":\"https:\/\/www.drzwi-cal.pl\/wp-content\/uploads\/2018\/08\/CAL.jpg\",\"contentUrl\":\"https:\/\/www.drzwi-cal.pl\/wp-content\/uploads\/2018\/08\/CAL.jpg\",\"width\":1667,\"height\":750,\"caption\":\"Drzwi CAL\"},\"image\":{\"@id\":\"https:\/\/www.drzwi-cal.pl\/en\/#\/schema\/logo\/image\/\"},\"sameAs\":[\"https:\/\/www.facebook.com\/drzwical\/\",\"https:\/\/www.instagram.com\/drzwical\/\",\"https:\/\/www.linkedin.com\/company\/drzwi-cal\",\"https:\/\/www.youtube.com\/user\/drzwical\/\"]}]}<\/script>\n<!-- \/ Yoast SEO plugin. -->","yoast_head_json":{"title":"Inteligentne rozwi\u0105zania w pytaniach i odpowiedziach","description":"Rozwi\u0105zania inteligentnego domu to tak\u017ce drzwi zewn\u0119trzne! Zobacz Q&A naszego eksperta - Czes\u0142awa Suskiego, w rozmowie z Klientk\u0105","robots":{"index":"index","follow":"follow","max-snippet":"max-snippet:-1","max-image-preview":"max-image-preview:large","max-video-preview":"max-video-preview:-1"},"canonical":"https:\/\/www.drzwi-cal.pl\/en\/blog\/inteligentne-rozwiazania-w-pytaniach-i-odpowiedziach\/","og_locale":"en_US","og_type":"article","og_title":"Inteligentne rozwi\u0105zania w pytaniach i odpowiedziach","og_description":"Poka\u017cemy Wam odpowied\u017a naszego eksperta - Czes\u0142awa Suskiego, na zapytanie klientki o inteligentne rozwi\u0105zania w drzwiach zewn\u0119trznych CAL.","og_url":"https:\/\/www.drzwi-cal.pl\/en\/blog\/inteligentne-rozwiazania-w-pytaniach-i-odpowiedziach\/","og_site_name":"Drzwi zewn\u0119trzne i wewn\u0119trzne premium","article_publisher":"https:\/\/www.facebook.com\/drzwical\/","article_modified_time":"2026-04-08T20:13:45+00:00","og_image":[{"width":1200,"height":801,"url":"https:\/\/www.drzwi-cal.pl\/wp-content\/uploads\/2022\/05\/2614.jpg","type":"image\/jpeg"}],"twitter_card":"summary_large_image","twitter_misc":{"Est. reading time":"8 minutes"},"schema":{"@context":"https:\/\/schema.org","@graph":[{"@type":"WebPage","@id":"https:\/\/www.drzwi-cal.pl\/en\/blog\/inteligentne-rozwiazania-w-pytaniach-i-odpowiedziach\/","url":"https:\/\/www.drzwi-cal.pl\/en\/blog\/inteligentne-rozwiazania-w-pytaniach-i-odpowiedziach\/","name":"Inteligentne rozwi\u0105zania w pytaniach i odpowiedziach","isPartOf":{"@id":"https:\/\/www.drzwi-cal.pl\/en\/#website"},"primaryImageOfPage":{"@id":"https:\/\/www.drzwi-cal.pl\/en\/blog\/inteligentne-rozwiazania-w-pytaniach-i-odpowiedziach\/#primaryimage"},"image":{"@id":"https:\/\/www.drzwi-cal.pl\/en\/blog\/inteligentne-rozwiazania-w-pytaniach-i-odpowiedziach\/#primaryimage"},"thumbnailUrl":"https:\/\/www.drzwi-cal.pl\/wp-content\/uploads\/2022\/05\/2614.jpg","datePublished":"2023-01-12T08:07:32+00:00","dateModified":"2026-04-08T20:13:45+00:00","description":"Rozwi\u0105zania inteligentnego domu to tak\u017ce drzwi zewn\u0119trzne! Zobacz Q&A naszego eksperta - Czes\u0142awa Suskiego, w rozmowie z Klientk\u0105","breadcrumb":{"@id":"https:\/\/www.drzwi-cal.pl\/en\/blog\/inteligentne-rozwiazania-w-pytaniach-i-odpowiedziach\/#breadcrumb"},"inLanguage":"en-US","potentialAction":[{"@type":"ReadAction","target":["https:\/\/www.drzwi-cal.pl\/en\/blog\/inteligentne-rozwiazania-w-pytaniach-i-odpowiedziach\/"]}]},{"@type":"ImageObject","inLanguage":"en-US","@id":"https:\/\/www.drzwi-cal.pl\/en\/blog\/inteligentne-rozwiazania-w-pytaniach-i-odpowiedziach\/#primaryimage","url":"https:\/\/www.drzwi-cal.pl\/wp-content\/uploads\/2022\/05\/2614.jpg","contentUrl":"https:\/\/www.drzwi-cal.pl\/wp-content\/uploads\/2022\/05\/2614.jpg","width":1200,"height":801,"caption":"rozwi\u0105zania inteligentnego domu"},{"@type":"BreadcrumbList","@id":"https:\/\/www.drzwi-cal.pl\/en\/blog\/inteligentne-rozwiazania-w-pytaniach-i-odpowiedziach\/#breadcrumb","itemListElement":[{"@type":"ListItem","position":1,"name":"CAL prawdziwe drzwi","item":"https:\/\/www.drzwi-cal.pl\/en\/"},{"@type":"ListItem","position":2,"name":"Blog","item":"https:\/\/www.drzwi-cal.pl\/en\/blog\/"},{"@type":"ListItem","position":3,"name":"Inteligentne rozwi\u0105zania w pytaniach i odpowiedziach"}]},{"@type":"WebSite","@id":"https:\/\/www.drzwi-cal.pl\/en\/#website","url":"https:\/\/www.drzwi-cal.pl\/en\/","name":"Drzwi zewn\u0119trzne i wewn\u0119trzne premium","description":"Wybierz tylko kolor i model swoich drzwi zewn\u0119trznych CAL, bo ciep\u0142o i bezpiecze\u0144stwo masz zawsze w cenie! Dobierz pasuj\u0105ce drewniane drzwi wewn\u0119trzne CAL.","publisher":{"@id":"https:\/\/www.drzwi-cal.pl\/en\/#organization"},"potentialAction":[{"@type":"SearchAction","target":{"@type":"EntryPoint","urlTemplate":"https:\/\/www.drzwi-cal.pl\/en\/?s={search_term_string}"},"query-input":{"@type":"PropertyValueSpecification","valueRequired":true,"valueName":"search_term_string"}}],"inLanguage":"en-US"},{"@type":"Organization","@id":"https:\/\/www.drzwi-cal.pl\/en\/#organization","name":"Drzwi CAL","alternateName":"Prawdziwe drzwi CAL","url":"https:\/\/www.drzwi-cal.pl\/en\/","logo":{"@type":"ImageObject","inLanguage":"en-US","@id":"https:\/\/www.drzwi-cal.pl\/en\/#\/schema\/logo\/image\/","url":"https:\/\/www.drzwi-cal.pl\/wp-content\/uploads\/2018\/08\/CAL.jpg","contentUrl":"https:\/\/www.drzwi-cal.pl\/wp-content\/uploads\/2018\/08\/CAL.jpg","width":1667,"height":750,"caption":"Drzwi CAL"},"image":{"@id":"https:\/\/www.drzwi-cal.pl\/en\/#\/schema\/logo\/image\/"},"sameAs":["https:\/\/www.facebook.com\/drzwical\/","https:\/\/www.instagram.com\/drzwical\/","https:\/\/www.linkedin.com\/company\/drzwi-cal","https:\/\/www.youtube.com\/user\/drzwical\/"]}]}},"_links":{"self":[{"href":"https:\/\/www.drzwi-cal.pl\/en\/wp-json\/wp\/v2\/blog\/16632","targetHints":{"allow":["GET"]}}],"collection":[{"href":"https:\/\/www.drzwi-cal.pl\/en\/wp-json\/wp\/v2\/blog"}],"about":[{"href":"https:\/\/www.drzwi-cal.pl\/en\/wp-json\/wp\/v2\/types\/dc_blog"}],"replies":[{"embeddable":true,"href":"https:\/\/www.drzwi-cal.pl\/en\/wp-json\/wp\/v2\/comments?post=16632"}],"version-history":[{"count":3,"href":"https:\/\/www.drzwi-cal.pl\/en\/wp-json\/wp\/v2\/blog\/16632\/revisions"}],"predecessor-version":[{"id":23561,"href":"https:\/\/www.drzwi-cal.pl\/en\/wp-json\/wp\/v2\/blog\/16632\/revisions\/23561"}],"wp:featuredmedia":[{"embeddable":true,"href":"https:\/\/www.drzwi-cal.pl\/en\/wp-json\/wp\/v2\/media\/12938"}],"wp:attachment":[{"href":"https:\/\/www.drzwi-cal.pl\/en\/wp-json\/wp\/v2\/media?parent=16632"}],"curies":[{"name":"wp","href":"https:\/\/api.w.org\/{rel}","templated":true}]}}