{"id":1972,"date":"2017-10-20T11:25:10","date_gmt":"2017-10-20T09:25:10","guid":{"rendered":"http:\/\/drzwi-cal.test.vian.pl\/?post_type=dc_blog&#038;p=1972"},"modified":"2026-04-08T22:14:49","modified_gmt":"2026-04-08T20:14:49","slug":"przewodnik-drzwiach-zewnetrznych","status":"publish","type":"dc_blog","link":"https:\/\/www.drzwi-cal.pl\/en\/blog\/przewodnik-drzwiach-zewnetrznych\/","title":{"rendered":"Przewodnik po drzwiach zewn\u0119trznych"},"content":{"rendered":"<h2>Jak wybra\u0107 prawdziwe drewniane drzwi zewn\u0119trzne?<\/h2>\n<p>Przyst\u0119puj\u0105c do wyko\u0144czenia domu, mieszkania czy siedziby firmy, trzeba podj\u0105\u0107 wiele decyzji, kt\u00f3re zadecyduj\u0105 o bezpiecze\u0144stwie, komforcie oraz estetyce nieruchomo\u015bci. <strong>Drewniane drzwi zewn\u0119trzne <\/strong>to wyb\u00f3r ponadczasowy, kt\u00f3ry zachwyca swoim wygl\u0105dem oraz sprawdza si\u0119 doskonale nawet w trudnych warunkach klimatycznych. Prawdziwe\u00a0drewno \u015bwietnie sprawdza si\u0119 jako materia\u0142 na zabezpieczenia\u00a0wej\u015bciowe, dzi\u0119ki swojej wytrzyma\u0142o\u015bci, trwa\u0142o\u015bci oraz dobrym parametrom izolacyjnym.<\/p>\n<h3>Wymiary<\/h3>\n<p>Wymarzy\u0142e\u015b sobie dom, kt\u00f3ry ma drzwi wej\u015bciowe<strong>\u00a0<\/strong>wi\u0119ksze ni\u017c standardowe? \u015awietnie! Nasz system pozwala dopasowa\u0107 gabaryty drzwi zewn\u0119trznych<strong>\u00a0<\/strong>do otworu w budynku.<\/p>\n<p>Drzwi jednoskrzyd\u0142owe do otwor\u00f3w o szeroko\u015bci od 93 do 120 cm i wysoko\u015bci od \u00a0200 do 250 cm.<\/p>\n<p>Drzwi z na\u015bwietlami bocznymi i g\u00f3rnymi pozwalaj\u0105 zwi\u0119kszy\u0107 szeroko\u015b\u0107 i wysoko\u015b\u0107 \u00a0co 1 cm do 2950\u00d73000 w standardzie oraz du\u017co wi\u0119cej po indywidualnej wycenie.<\/p>\n<p>Uzupe\u0142nieniem s\u0105 drzwi z dostawkami otwieranymi, czyli dwuskrzyd\u0142owe.<\/p>\n<p>W CAL mo\u017cemy wykona\u0107 <strong>drzwi zewn\u0119trzne <\/strong><strong>drewniane\u00a0<\/strong>zar\u00f3wno do standardowych otwor\u00f3w, jak i tych wyj\u0105tkowo du\u017cych (produkowali\u015bmy ju\u017c zestawy ponad czterometrowe), a tak\u017ce tych nietypowo ma\u0142ych (drzwi poni\u017cej 2 metr\u00f3w).<\/p>\n<h3>Kolekcje \u2013 kr\u00f3tka charakterystyka i parametry<\/h3>\n<p>Podobaj\u0105 Ci si\u0119 <strong>wej\u015bciowe\u00a0drzwi drewniane <\/strong>nowoczesne czy klasyczne?\u00a0 Aby u\u0142atwi\u0107 Ci wyb\u00f3r, drzwi zewn\u0119trzne pogrupowane s\u0105 8 kolekcji, 4 podstawowe standardy i 3 standardy specjalnego przeznaczenia.<\/p>\n<p>Standard Termo, czyli podstawowa, doskonale wyposa\u017cona wersja drzwi o grubo\u015bci 78 mm i klasie antyw\u0142amaniowo\u015bci <a href=\"https:\/\/www.drzwi-cal.pl\/en\/bezpieczne-drzwi\/\">RC2<\/a> w standardzie. Termika na poziomie 0,9 W\/m2K gwarantuje przyjemnie ciep\u0142y przedsionek i oszcz\u0119dno\u015b\u0107 na rachunkach.<\/p>\n<p>Standard Arctic, czyli ultraciep\u0142e drzwi o grubo\u015bci 90 mm i wsp\u00f3\u0142czynniku Ud\u00a0na poziomie 0,76 W\/m2K. Idealny do dom\u00f3w pasywnych i energooszcz\u0119dnych. Dost\u0119pny dla a\u017c 6 z 8 kolekcji drzwi CAL, dzi\u0119ki czemu ka\u017cdy wybierze model odpowiedni dla siebie. Klasa antyw\u0142amaniowo\u015bci RC2 oczywi\u015bcie w standardzie.<\/p>\n<p>Najmodniejszy trend w drzwiach zewn\u0119trznych, czyli drzwi zlicowane, reprezentuje standard Presenta. To skrzyd\u0142a grubo\u015bci 90 mm z kt\u00f3rych dos\u0142ownie i w przeno\u015bni nic nie odstaje. Opr\u00f3cz wyj\u0105tkowego designu bezpiecze\u0144stwo (RC2) i ciep\u0142o (Ud od 0,81 W\/m2K) w pakiecie!<\/p>\n<p>A dla fan\u00f3w ponadczasowej klasyki mamy <strong>drewniane drzwi <\/strong>ramowo \u2013 p\u0142ycinowe w standardzie Komfort. Idealne do dom\u00f3w w stylu klasycznym, dworkowym, a tak\u017ce vintage.<\/p>\n<p>W ofercie Drzwi CAL znajdziecie tak\u017ce trzy standardy drzwi do zada\u0144 specjalnych. CPH Component przeznaczony do dom\u00f3w pasywnych (Ud od 0,76 W\/m2K), Silent dla pragn\u0105cych b\u0142ogiej ciszy (Rw\u00a0= 43 dB) i antyw\u0142amaniowy standard Safe, czyli drzwi w klasie antyw\u0142amaniowo\u015bci RC3.<\/p>\n<p>W standardach Termo, Arctic i Presenta dost\u0119pnych do wyboru jest a\u017c 6 z 8 kolekcji: nowoczesne Rycerska, Filmowa i Kolora, sielskie Arbo i Vintage\u00a0 oraz drzwi drewniano \u2013 aluminiowe Alutherm. W\u015br\u00f3d tak szerokiej gamy modeli z pewno\u015bci\u0105 ka\u017cdy znajdzie ten idealnie dopasowany do swojego domu.<\/p>\n<p>Wszystkie kolekcje drzwi CAL znajdziesz tutaj: <a href=\"https:\/\/www.drzwi-cal.pl\/drzwi-zewnetrzne\/\">https:\/\/www.drzwi-cal.pl\/drzwi-zewnetrzne\/<\/a>.<\/p>\n<h3>Bezpiecze\u0144stwo<\/h3>\n<p>Tu nie ma kompromis\u00f3w \u2013 wszystkie drzwi s\u0105 wyposa\u017cone w zamki spe\u0142niaj\u0105ce og\u00f3lne warunki ubezpieczenia budynk\u00f3w jednorodzinnych lub mieszka\u0144. Po wyposa\u017ceniu w zamek listwowy posiadaj\u0105 II klas\u0119 odporno\u015bci na w\u0142amanie. Wszystkie maj\u0105 przebadan\u0105 klas\u0119 odporno\u015bci na w\u0142amanie RC2 w standardzie, chocia\u017c na \u017cyczenie przygotowujemy tak\u017ce certyfikowane<strong>\u00a0<\/strong><a href=\"https:\/\/znaturydoskonale.pl\/drzwi-zewnetrzne-kolekcje\/rycerska-rc3\/\"><strong>drzwi <\/strong>w klasie RC3<\/a>.<\/p>\n<h3>Kolory<\/h3>\n<p>Wiadomo, \u017ce w <strong>zewn\u0119trznych\u00a0drzwiach wej\u015bciowych <\/strong>najwa\u017cniejszy jest kolor :) Bogata standardowa kolorystyka, dostosowana do najpopularniejszych folii producent\u00f3w okien i bram gara\u017cowych. Mo\u017cliwo\u015b\u0107 doboru koloru z palety <a href=\"https:\/\/www.drzwi-cal.pl\/en\/blog\/kolorowe-drzwi-paleta-ral\/\">RAL<\/a> i NCS oraz malowania na r\u00f3\u017cne kolory od strony zewn\u0119trznej i wewn\u0119trznej (tzw. dwukoloru drzwi \u2013 <a href=\"https:\/\/www.drzwi-cal.pl\/en\/blog\/drzwi-dwukolorowe-zewnetrzne-do-domu\/\">https:\/\/www.drzwi-cal.pl\/blog\/drzwi-dwukolorowe-zewnetrzne-do-domu\/<\/a>).<\/p>\n<h3><a href=\"https:\/\/www.drzwi-cal.pl\/wp-content\/uploads\/2022\/06\/Kingston_produkcja.jpg\"><img fetchpriority=\"high\" decoding=\"async\" class=\"size-full wp-image-13255 alignnone\" src=\"https:\/\/www.drzwi-cal.pl\/wp-content\/uploads\/2022\/06\/Kingston_produkcja.jpg\" alt=\"\" width=\"539\" height=\"814\" srcset=\"https:\/\/www.drzwi-cal.pl\/wp-content\/uploads\/2022\/06\/Kingston_produkcja.jpg 539w, https:\/\/www.drzwi-cal.pl\/wp-content\/uploads\/2022\/06\/Kingston_produkcja-199x300.jpg 199w, https:\/\/www.drzwi-cal.pl\/wp-content\/uploads\/2022\/06\/Kingston_produkcja-99x150.jpg 99w, https:\/\/www.drzwi-cal.pl\/wp-content\/uploads\/2022\/06\/Kingston_produkcja-204x308.jpg 204w, https:\/\/www.drzwi-cal.pl\/wp-content\/uploads\/2022\/06\/Kingston_produkcja-25x38.jpg 25w\" sizes=\"(max-width: 539px) 100vw, 539px\" \/><\/a><\/h3>\n<h3>Zamki elektryczne<\/h3>\n<p>Drzwi mog\u0105 by\u0107 wyposa\u017cone w zamki elektryczne z mo\u017cliwo\u015bci\u0105 zastosowania\u00a0<a href=\"https:\/\/znaturydoskonale.pl\/biometryczna-kontrola-dostepu\/\">czytnik\u00f3w biometrycznych<\/a>, klawiatury, RFID i pod\u0142\u0105czenia do system\u00f3w dom\u00f3w inteligentnych. Interesuj\u0105 Ci\u0119 futurystyczne drzwi? Koniecznie pos\u0142uchaj w drodze do pracy:<\/p>\n<p><a href=\"https:\/\/www.drzwi-cal.pl\/en\/podcast\/1-9-wyrzuc-klucz-do-domu-smart-door\/\">https:\/\/www.drzwi-cal.pl\/podcast\/1-9-wyrzuc-klucz-do-domu-smart-door<\/a><\/p>\n<h3>Ciep\u0142y monta\u017c<\/h3>\n<p>Oferujemy akcesoria do ciep\u0142ego monta\u017cu. Opracowali\u015bmy unikalny spos\u00f3b monta\u017cu drzwi z wyeliminowaniem mostk\u00f3w cieplnych poni\u017cej poziomu pod\u0142ogi:\u00a0<a href=\"https:\/\/znaturydoskonale.pl\/termiczna-oslona-podproza\/\">Termiczna Os\u0142ona Podpro\u017ca (TOP\u00ae)<\/a>.<\/p>\n<p><a href=\"https:\/\/www.drzwi-cal.pl\/wp-content\/uploads\/2021\/11\/CAL-Cabral.jpg\"><img decoding=\"async\" class=\" wp-image-14232 alignnone\" src=\"https:\/\/www.drzwi-cal.pl\/wp-content\/uploads\/2021\/11\/CAL-Cabral.jpg\" alt=\"\" width=\"851\" height=\"638\" srcset=\"https:\/\/www.drzwi-cal.pl\/wp-content\/uploads\/2021\/11\/CAL-Cabral.jpg 1939w, https:\/\/www.drzwi-cal.pl\/wp-content\/uploads\/2021\/11\/CAL-Cabral-300x225.jpg 300w, https:\/\/www.drzwi-cal.pl\/wp-content\/uploads\/2021\/11\/CAL-Cabral-1024x768.jpg 1024w, https:\/\/www.drzwi-cal.pl\/wp-content\/uploads\/2021\/11\/CAL-Cabral-150x112.jpg 150w, https:\/\/www.drzwi-cal.pl\/wp-content\/uploads\/2021\/11\/CAL-Cabral-768x576.jpg 768w, https:\/\/www.drzwi-cal.pl\/wp-content\/uploads\/2021\/11\/CAL-Cabral-1536x1152.jpg 1536w, https:\/\/www.drzwi-cal.pl\/wp-content\/uploads\/2021\/11\/CAL-Cabral-1920x1440.jpg 1920w, https:\/\/www.drzwi-cal.pl\/wp-content\/uploads\/2021\/11\/CAL-Cabral-960x720.jpg 960w, https:\/\/www.drzwi-cal.pl\/wp-content\/uploads\/2021\/11\/CAL-Cabral-640x480.jpg 640w, https:\/\/www.drzwi-cal.pl\/wp-content\/uploads\/2021\/11\/CAL-Cabral-204x153.jpg 204w, https:\/\/www.drzwi-cal.pl\/wp-content\/uploads\/2021\/11\/CAL-Cabral-25x19.jpg 25w\" sizes=\"(max-width: 851px) 100vw, 851px\" \/><\/a><\/p>\n<h2>Wybierz niezawodne drzwi zewn\u0119trzne od sprawdzonego producenta<\/h2>\n<p>W\u015br\u00f3d setek produkt\u00f3w dost\u0119pnych na rynku z pewno\u015bci\u0105 trudno jest szybko odszuka\u0107 te, kt\u00f3re idealnie dopasuj\u0105 si\u0119 do Twoich potrzeb. Jeste\u015bmy jednak przekonani, \u017ce wyroby CAL to najlepsze rozwi\u0105zanie, kt\u00f3re zagwarantuje Ci bezpiecze\u0144stwo w domu. Poznaj <strong>prawdziwe\u00a0drewniane drzwi wej\u015bciowe <\/strong>i\u00a0przekonaj si\u0119 o ich doskona\u0142e jako\u015bci. Wieloletnie do\u015bwiadczenie naszej firmy sprawia, \u017ce ka\u017cdy z dostarczanych wyrob\u00f3w wyr\u00f3\u017cnia si\u0119 niezawodno\u015bci\u0105, za kt\u00f3r\u0105 mo\u017cemy po\u015bwiadczy\u0107. Towary od CAL pos\u0142u\u017c\u0105 przez wiele lat!<\/p>\n<h3>Gwarancja<\/h3>\n<p>Na drzwi wej\u015bciowe zamontowane zgodnie z zaleceniami przez jedn\u0105 z\u00a0<a href=\"https:\/\/znaturydoskonale.pl\/autoryzowana-grupa-montazowa\/\">Autoryzowanych Grup Monta\u017cowych<\/a>\u00a0dajemy trzy lata gwarancji, a po spe\u0142nieniu dodatkowych warunk\u00f3w nawet 5 lat! Wi\u0119cej o przed\u0142u\u017conej gwarancji przeczytasz tutaj: https:\/\/www.drzwi-cal.pl\/przedluzona-gwarancja\/.<\/p>\n<p>Zach\u0119camy do wyboru produkt\u00f3w do wyko\u0144czenia od CAL. Nasze <strong>drzwi wej\u015bciowe zewn\u0119trzne<\/strong>\u00a0<strong>z prawdziwego drewna<\/strong>\u00a0to idealne uzupe\u0142nienie nowoczesnego domu. Skuteczne zabezpieczenie, dobra izolacja termiczna oraz atrakcyjny wygl\u0105d to cechy, kt\u00f3rymi wyr\u00f3\u017cniaj\u0105 si\u0119 wszystkie wytwarzane przez nas wyroby. Zam\u00f3w doskona\u0142ej jako\u015bci drewniane\u00a0drzwi<strong>\u00a0<\/strong>z monta\u017cem i zobacz, jak sprawdz\u0105 si\u0119 w Twojej nieruchomo\u015bci.<\/p>\n<p>&nbsp;<\/p>\n","protected":false},"featured_media":14232,"comment_status":"closed","ping_status":"closed","template":"","meta":[],"class_list":["post-1972","dc_blog","type-dc_blog","status-publish","has-post-thumbnail","hentry","dc_blog_tagi-budowa-domu","dc_blog_tagi-top-rozwiazania","dc_blog_tagi-drzwi-bezpieczne"],"acf":[],"yoast_head":"<!-- This site is optimized with the Yoast SEO plugin v26.5 - https:\/\/yoast.com\/wordpress\/plugins\/seo\/ -->\n<title>Przewodnik po drzwiach zewn\u0119trznych - | Drzwi-CAL<\/title>\n<meta name=\"description\" content=\"Poradnik na temat wyboru drzwi zewn\u0119trznych do Twojego domu, skorzystaj z praktycznych porad dzi\u0119ki kt\u00f3rym kupisz najlepsze drzwi wej\u015bciowe\" \/>\n<meta name=\"robots\" content=\"index, follow, max-snippet:-1, max-image-preview:large, max-video-preview:-1\" \/>\n<link rel=\"canonical\" href=\"https:\/\/www.drzwi-cal.pl\/en\/blog\/przewodnik-drzwiach-zewnetrznych\/\" \/>\n<meta property=\"og:locale\" content=\"en_US\" \/>\n<meta property=\"og:type\" content=\"article\" \/>\n<meta property=\"og:title\" content=\"Przewodnik po drzwiach zewn\u0119trznych - | Drzwi-CAL\" \/>\n<meta property=\"og:description\" content=\"Drewniane drzwi zewn\u0119trzne CAL. Pod Klienta. \u015arednio w 4 tygodnie. W (prawie) ka\u017cdym kolorze. W potrzebnej wysoko\u015bci i szeroko\u015bci. Bezpieczne. Zdrowe. Ekologiczne. Inteligentne. Na lata.\" \/>\n<meta property=\"og:url\" content=\"https:\/\/www.drzwi-cal.pl\/en\/blog\/przewodnik-drzwiach-zewnetrznych\/\" \/>\n<meta property=\"og:site_name\" content=\"Drzwi zewn\u0119trzne i wewn\u0119trzne premium\" \/>\n<meta property=\"article:publisher\" content=\"https:\/\/www.facebook.com\/drzwical\/\" \/>\n<meta property=\"article:modified_time\" content=\"2026-04-08T20:14:49+00:00\" \/>\n<meta property=\"og:image\" content=\"https:\/\/www.drzwi-cal.pl\/wp-content\/uploads\/2022\/01\/Alutherm-scaled.jpg\" \/>\n\t<meta property=\"og:image:width\" content=\"2560\" \/>\n\t<meta property=\"og:image:height\" content=\"1920\" \/>\n\t<meta property=\"og:image:type\" content=\"image\/jpeg\" \/>\n<meta name=\"twitter:card\" content=\"summary_large_image\" \/>\n<meta name=\"twitter:label1\" content=\"Est. reading time\" \/>\n\t<meta name=\"twitter:data1\" content=\"5 minutes\" \/>\n<script type=\"application\/ld+json\" class=\"yoast-schema-graph\">{\"@context\":\"https:\/\/schema.org\",\"@graph\":[{\"@type\":\"WebPage\",\"@id\":\"https:\/\/www.drzwi-cal.pl\/en\/blog\/przewodnik-drzwiach-zewnetrznych\/\",\"url\":\"https:\/\/www.drzwi-cal.pl\/en\/blog\/przewodnik-drzwiach-zewnetrznych\/\",\"name\":\"Przewodnik po drzwiach zewn\u0119trznych - | Drzwi-CAL\",\"isPartOf\":{\"@id\":\"https:\/\/www.drzwi-cal.pl\/en\/#website\"},\"primaryImageOfPage\":{\"@id\":\"https:\/\/www.drzwi-cal.pl\/en\/blog\/przewodnik-drzwiach-zewnetrznych\/#primaryimage\"},\"image\":{\"@id\":\"https:\/\/www.drzwi-cal.pl\/en\/blog\/przewodnik-drzwiach-zewnetrznych\/#primaryimage\"},\"thumbnailUrl\":\"https:\/\/www.drzwi-cal.pl\/wp-content\/uploads\/2021\/11\/CAL-Cabral.jpg\",\"datePublished\":\"2017-10-20T09:25:10+00:00\",\"dateModified\":\"2026-04-08T20:14:49+00:00\",\"description\":\"Poradnik na temat wyboru drzwi zewn\u0119trznych do Twojego domu, skorzystaj z praktycznych porad dzi\u0119ki kt\u00f3rym kupisz najlepsze drzwi wej\u015bciowe\",\"breadcrumb\":{\"@id\":\"https:\/\/www.drzwi-cal.pl\/en\/blog\/przewodnik-drzwiach-zewnetrznych\/#breadcrumb\"},\"inLanguage\":\"en-US\",\"potentialAction\":[{\"@type\":\"ReadAction\",\"target\":[\"https:\/\/www.drzwi-cal.pl\/en\/blog\/przewodnik-drzwiach-zewnetrznych\/\"]}]},{\"@type\":\"ImageObject\",\"inLanguage\":\"en-US\",\"@id\":\"https:\/\/www.drzwi-cal.pl\/en\/blog\/przewodnik-drzwiach-zewnetrznych\/#primaryimage\",\"url\":\"https:\/\/www.drzwi-cal.pl\/wp-content\/uploads\/2021\/11\/CAL-Cabral.jpg\",\"contentUrl\":\"https:\/\/www.drzwi-cal.pl\/wp-content\/uploads\/2021\/11\/CAL-Cabral.jpg\",\"width\":1939,\"height\":1454,\"caption\":\"drzwi drewniane prawdziwe drzwi zewn\u0119trzne Kolekcja Arbo\"},{\"@type\":\"BreadcrumbList\",\"@id\":\"https:\/\/www.drzwi-cal.pl\/en\/blog\/przewodnik-drzwiach-zewnetrznych\/#breadcrumb\",\"itemListElement\":[{\"@type\":\"ListItem\",\"position\":1,\"name\":\"CAL prawdziwe drzwi\",\"item\":\"https:\/\/www.drzwi-cal.pl\/en\/\"},{\"@type\":\"ListItem\",\"position\":2,\"name\":\"Blog\",\"item\":\"https:\/\/www.drzwi-cal.pl\/en\/blog\/\"},{\"@type\":\"ListItem\",\"position\":3,\"name\":\"Przewodnik po drzwiach zewn\u0119trznych\"}]},{\"@type\":\"WebSite\",\"@id\":\"https:\/\/www.drzwi-cal.pl\/en\/#website\",\"url\":\"https:\/\/www.drzwi-cal.pl\/en\/\",\"name\":\"Drzwi zewn\u0119trzne i wewn\u0119trzne premium\",\"description\":\"Wybierz tylko kolor i model swoich drzwi zewn\u0119trznych CAL, bo ciep\u0142o i bezpiecze\u0144stwo masz zawsze w cenie! Dobierz pasuj\u0105ce drewniane drzwi wewn\u0119trzne CAL.\",\"publisher\":{\"@id\":\"https:\/\/www.drzwi-cal.pl\/en\/#organization\"},\"potentialAction\":[{\"@type\":\"SearchAction\",\"target\":{\"@type\":\"EntryPoint\",\"urlTemplate\":\"https:\/\/www.drzwi-cal.pl\/en\/?s={search_term_string}\"},\"query-input\":{\"@type\":\"PropertyValueSpecification\",\"valueRequired\":true,\"valueName\":\"search_term_string\"}}],\"inLanguage\":\"en-US\"},{\"@type\":\"Organization\",\"@id\":\"https:\/\/www.drzwi-cal.pl\/en\/#organization\",\"name\":\"Drzwi CAL\",\"alternateName\":\"Prawdziwe drzwi CAL\",\"url\":\"https:\/\/www.drzwi-cal.pl\/en\/\",\"logo\":{\"@type\":\"ImageObject\",\"inLanguage\":\"en-US\",\"@id\":\"https:\/\/www.drzwi-cal.pl\/en\/#\/schema\/logo\/image\/\",\"url\":\"https:\/\/www.drzwi-cal.pl\/wp-content\/uploads\/2018\/08\/CAL.jpg\",\"contentUrl\":\"https:\/\/www.drzwi-cal.pl\/wp-content\/uploads\/2018\/08\/CAL.jpg\",\"width\":1667,\"height\":750,\"caption\":\"Drzwi CAL\"},\"image\":{\"@id\":\"https:\/\/www.drzwi-cal.pl\/en\/#\/schema\/logo\/image\/\"},\"sameAs\":[\"https:\/\/www.facebook.com\/drzwical\/\",\"https:\/\/www.instagram.com\/drzwical\/\",\"https:\/\/www.linkedin.com\/company\/drzwi-cal\",\"https:\/\/www.youtube.com\/user\/drzwical\/\"]}]}<\/script>\n<!-- \/ Yoast SEO plugin. -->","yoast_head_json":{"title":"Przewodnik po drzwiach zewn\u0119trznych - | Drzwi-CAL","description":"Poradnik na temat wyboru drzwi zewn\u0119trznych do Twojego domu, skorzystaj z praktycznych porad dzi\u0119ki kt\u00f3rym kupisz najlepsze drzwi wej\u015bciowe","robots":{"index":"index","follow":"follow","max-snippet":"max-snippet:-1","max-image-preview":"max-image-preview:large","max-video-preview":"max-video-preview:-1"},"canonical":"https:\/\/www.drzwi-cal.pl\/en\/blog\/przewodnik-drzwiach-zewnetrznych\/","og_locale":"en_US","og_type":"article","og_title":"Przewodnik po drzwiach zewn\u0119trznych - | Drzwi-CAL","og_description":"Drewniane drzwi zewn\u0119trzne CAL. Pod Klienta. \u015arednio w 4 tygodnie. W (prawie) ka\u017cdym kolorze. W potrzebnej wysoko\u015bci i szeroko\u015bci. Bezpieczne. Zdrowe. Ekologiczne. Inteligentne. Na lata.","og_url":"https:\/\/www.drzwi-cal.pl\/en\/blog\/przewodnik-drzwiach-zewnetrznych\/","og_site_name":"Drzwi zewn\u0119trzne i wewn\u0119trzne premium","article_publisher":"https:\/\/www.facebook.com\/drzwical\/","article_modified_time":"2026-04-08T20:14:49+00:00","og_image":[{"width":2560,"height":1920,"url":"https:\/\/www.drzwi-cal.pl\/wp-content\/uploads\/2022\/01\/Alutherm-scaled.jpg","type":"image\/jpeg"}],"twitter_card":"summary_large_image","twitter_misc":{"Est. reading time":"5 minutes"},"schema":{"@context":"https:\/\/schema.org","@graph":[{"@type":"WebPage","@id":"https:\/\/www.drzwi-cal.pl\/en\/blog\/przewodnik-drzwiach-zewnetrznych\/","url":"https:\/\/www.drzwi-cal.pl\/en\/blog\/przewodnik-drzwiach-zewnetrznych\/","name":"Przewodnik po drzwiach zewn\u0119trznych - | Drzwi-CAL","isPartOf":{"@id":"https:\/\/www.drzwi-cal.pl\/en\/#website"},"primaryImageOfPage":{"@id":"https:\/\/www.drzwi-cal.pl\/en\/blog\/przewodnik-drzwiach-zewnetrznych\/#primaryimage"},"image":{"@id":"https:\/\/www.drzwi-cal.pl\/en\/blog\/przewodnik-drzwiach-zewnetrznych\/#primaryimage"},"thumbnailUrl":"https:\/\/www.drzwi-cal.pl\/wp-content\/uploads\/2021\/11\/CAL-Cabral.jpg","datePublished":"2017-10-20T09:25:10+00:00","dateModified":"2026-04-08T20:14:49+00:00","description":"Poradnik na temat wyboru drzwi zewn\u0119trznych do Twojego domu, skorzystaj z praktycznych porad dzi\u0119ki kt\u00f3rym kupisz najlepsze drzwi wej\u015bciowe","breadcrumb":{"@id":"https:\/\/www.drzwi-cal.pl\/en\/blog\/przewodnik-drzwiach-zewnetrznych\/#breadcrumb"},"inLanguage":"en-US","potentialAction":[{"@type":"ReadAction","target":["https:\/\/www.drzwi-cal.pl\/en\/blog\/przewodnik-drzwiach-zewnetrznych\/"]}]},{"@type":"ImageObject","inLanguage":"en-US","@id":"https:\/\/www.drzwi-cal.pl\/en\/blog\/przewodnik-drzwiach-zewnetrznych\/#primaryimage","url":"https:\/\/www.drzwi-cal.pl\/wp-content\/uploads\/2021\/11\/CAL-Cabral.jpg","contentUrl":"https:\/\/www.drzwi-cal.pl\/wp-content\/uploads\/2021\/11\/CAL-Cabral.jpg","width":1939,"height":1454,"caption":"drzwi drewniane prawdziwe drzwi zewn\u0119trzne Kolekcja Arbo"},{"@type":"BreadcrumbList","@id":"https:\/\/www.drzwi-cal.pl\/en\/blog\/przewodnik-drzwiach-zewnetrznych\/#breadcrumb","itemListElement":[{"@type":"ListItem","position":1,"name":"CAL prawdziwe drzwi","item":"https:\/\/www.drzwi-cal.pl\/en\/"},{"@type":"ListItem","position":2,"name":"Blog","item":"https:\/\/www.drzwi-cal.pl\/en\/blog\/"},{"@type":"ListItem","position":3,"name":"Przewodnik po drzwiach zewn\u0119trznych"}]},{"@type":"WebSite","@id":"https:\/\/www.drzwi-cal.pl\/en\/#website","url":"https:\/\/www.drzwi-cal.pl\/en\/","name":"Drzwi zewn\u0119trzne i wewn\u0119trzne premium","description":"Wybierz tylko kolor i model swoich drzwi zewn\u0119trznych CAL, bo ciep\u0142o i bezpiecze\u0144stwo masz zawsze w cenie! Dobierz pasuj\u0105ce drewniane drzwi wewn\u0119trzne CAL.","publisher":{"@id":"https:\/\/www.drzwi-cal.pl\/en\/#organization"},"potentialAction":[{"@type":"SearchAction","target":{"@type":"EntryPoint","urlTemplate":"https:\/\/www.drzwi-cal.pl\/en\/?s={search_term_string}"},"query-input":{"@type":"PropertyValueSpecification","valueRequired":true,"valueName":"search_term_string"}}],"inLanguage":"en-US"},{"@type":"Organization","@id":"https:\/\/www.drzwi-cal.pl\/en\/#organization","name":"Drzwi CAL","alternateName":"Prawdziwe drzwi CAL","url":"https:\/\/www.drzwi-cal.pl\/en\/","logo":{"@type":"ImageObject","inLanguage":"en-US","@id":"https:\/\/www.drzwi-cal.pl\/en\/#\/schema\/logo\/image\/","url":"https:\/\/www.drzwi-cal.pl\/wp-content\/uploads\/2018\/08\/CAL.jpg","contentUrl":"https:\/\/www.drzwi-cal.pl\/wp-content\/uploads\/2018\/08\/CAL.jpg","width":1667,"height":750,"caption":"Drzwi CAL"},"image":{"@id":"https:\/\/www.drzwi-cal.pl\/en\/#\/schema\/logo\/image\/"},"sameAs":["https:\/\/www.facebook.com\/drzwical\/","https:\/\/www.instagram.com\/drzwical\/","https:\/\/www.linkedin.com\/company\/drzwi-cal","https:\/\/www.youtube.com\/user\/drzwical\/"]}]}},"_links":{"self":[{"href":"https:\/\/www.drzwi-cal.pl\/en\/wp-json\/wp\/v2\/blog\/1972","targetHints":{"allow":["GET"]}}],"collection":[{"href":"https:\/\/www.drzwi-cal.pl\/en\/wp-json\/wp\/v2\/blog"}],"about":[{"href":"https:\/\/www.drzwi-cal.pl\/en\/wp-json\/wp\/v2\/types\/dc_blog"}],"replies":[{"embeddable":true,"href":"https:\/\/www.drzwi-cal.pl\/en\/wp-json\/wp\/v2\/comments?post=1972"}],"version-history":[{"count":4,"href":"https:\/\/www.drzwi-cal.pl\/en\/wp-json\/wp\/v2\/blog\/1972\/revisions"}],"predecessor-version":[{"id":23573,"href":"https:\/\/www.drzwi-cal.pl\/en\/wp-json\/wp\/v2\/blog\/1972\/revisions\/23573"}],"wp:featuredmedia":[{"embeddable":true,"href":"https:\/\/www.drzwi-cal.pl\/en\/wp-json\/wp\/v2\/media\/14232"}],"wp:attachment":[{"href":"https:\/\/www.drzwi-cal.pl\/en\/wp-json\/wp\/v2\/media?parent=1972"}],"curies":[{"name":"wp","href":"https:\/\/api.w.org\/{rel}","templated":true}]}}