{"id":22067,"date":"2025-09-17T10:18:08","date_gmt":"2025-09-17T08:18:08","guid":{"rendered":"https:\/\/www.drzwi-cal.pl\/?post_type=dc_blog&#038;p=22067"},"modified":"2026-04-08T22:15:40","modified_gmt":"2026-04-08T20:15:40","slug":"drzwi-otwierane-na-zewnatrz-czy-do-srodka","status":"publish","type":"dc_blog","link":"https:\/\/www.drzwi-cal.pl\/en\/blog\/drzwi-otwierane-na-zewnatrz-czy-do-srodka\/","title":{"rendered":"Drzwi otwierane do wewn\u0105trz czy na zewn\u0105trz?"},"content":{"rendered":"<h3 style=\"text-align: center;\"><a title=\"drzwi wewn\u0119trzne\" href=\"https:\/\/www.drzwi-cal.pl\/drzwi-wewnetrzne\/\">Sprawd\u017a ofert\u0119! Na Drzwi wewn\u0119trzne<\/a><\/h3>\n<h2 data-start=\"463\" data-end=\"556\">Drzwi otwierane na zewn\u0105trz czy do \u015brodka? Jak wybra\u0107 idealne rozwi\u0105zanie do swojego domu<\/h2>\n<p data-start=\"107\" data-end=\"564\">Wyobra\u017a sobie ten moment. Wracasz po d\u0142ugim dniu. Ch\u0142\u00f3d zostaje na zewn\u0105trz. Wchodzisz do domu i zamykasz za sob\u0105 drzwi wej\u015bciowe. To, co czujesz, to spok\u00f3j. Bezpiecze\u0144stwo. Ciep\u0142o. Dom. A wszystko zaczyna si\u0119 od jednego z kluczowych wybor\u00f3w \u2013 od decyzji, jaki kierunek otwierania si\u0119 drzwi b\u0119dzie dla Ciebie najbardziej funkcjonalny: czy drzwi otwieraj\u0105ce si\u0119 na zewn\u0105trz, czy&nbsp;do wewn\u0105trz sprawdz\u0105 si\u0119 lepiej w Twojej przestrzeni.<\/p>\n<h3 style=\"text-align: center;\"><a title=\"drzwi zewn\u0119trzne\" href=\"https:\/\/www.drzwi-cal.pl\/drzwi-zewnetrzne\/\">Sprawd\u017a ofert\u0119! Na Drzwi zewn\u0119trzne<\/a><\/h3>\n<p data-start=\"566\" data-end=\"828\" data-is-last-node=\"\" data-is-only-node=\"\">To wyb\u00f3r, kt\u00f3ry wp\u0142ywa na codzienne funkcjonowanie, na wygod\u0119 Twoich bliskich i na to, jak dom b\u0119dzie chroni\u0142 Ci\u0119 przed \u015bwiatem zewn\u0119trznym \u2013 niezale\u017cnie od tego&nbsp;jak urz\u0105dzone s\u0105 Twoje pomieszczenia.<\/p>\n<p style=\"text-align: center;\" data-start=\"830\" data-end=\"973\"><a class=\"fasc-button fasc-size-medium fasc-type-flat\" style=\"background-color: #33809e; color: #ffffff;\" target=\"_blank\" rel=\"noopener\" href=\"https:\/\/konfigurator.drzwi-cal.pl\/configurator4.0\/door\/select\">Skonfiguruj swoje drzwi zewn\u0119trzne CAL<\/a><\/p>\n<h2 data-start=\"975\" data-end=\"1033\">Drzwi na zewn\u0105trz \u2013 przestrze\u0144 i szczelno\u015b\u0107<\/h2>\n<p data-start=\"69\" data-end=\"407\">Masz niewielki wiatro\u0142ap lub ma\u0142\u0105 przestrze\u0144, w kt\u00f3rej liczy si\u0119 ka\u017cdy detal? W takim przypadku drzwi otwieraj\u0105ce si\u0119 na zewn\u0105trz pozwalaj\u0105 wykorzysta\u0107 otw\u00f3r drzwiowy i ca\u0142e wn\u0119trze wiatro\u0142apu do maksimum \u2013 na szafk\u0119 na buty, wieszak czy dodatkowe akcesoria do drzwi, kt\u00f3re poprawiaj\u0105 codzienn\u0105 funkcjonalno\u015b\u0107 pomieszczenia.<\/p>\n<p data-start=\"409\" data-end=\"688\">Dodatkowa zaleta? Szczelno\u015b\u0107. Wiatr naturalnie dociska drzwi do o\u015bcie\u017cnicy, co zwi\u0119ksza izolacj\u0119 i ogranicza straty ciep\u0142a. Dzi\u0119ki temu drzwi wej\u015bciowe staj\u0105 si\u0119 prawdziw\u0105 barier\u0105 ochronn\u0105 \u2013 bez przeci\u0105g\u00f3w, bez ha\u0142asu, bez niepokoju.<\/p>\n<p data-start=\"690\" data-end=\"1123\" data-is-last-node=\"\" data-is-only-node=\"\">Warto jednak pami\u0119ta\u0107, \u017ce silne podmuchy mog\u0105 wp\u0142ywa\u0107 na prac\u0119 skrzyd\u0142a. Dlatego w drzwiach CAL stosujemy solidne okucia, samozamykacze i systemy zawias\u00f3w dostosowane do tego, jak drzwi maj\u0105 otwiera\u0107 si\u0119 w zale\u017cno\u015bci od warunk\u00f3w zewn\u0119trznych. Ka\u017cdy element zosta\u0142 zaprojektowany tak, aby drzwi dzia\u0142a\u0142y bezpiecznie przez lata, a ich wysoka szczelno\u015b\u0107 powietrzna i wodna by\u0142a potwierdzona <a href=\"https:\/\/www.drzwi-cal.pl\/pliki-do-pobrania-2\/#atesty\">badaniami w niezale\u017cnych laboratoriach<\/a>.<\/p>\n<blockquote>\n<p data-start=\"931\" data-end=\"1199\"><em><a href=\"https:\/\/www.drzwi-cal.pl\/blog\/drzwi-otwierane-na-zewnatrz-czy-do-srodka\/vintage-na-zewnetrz-z-sokolki\/\" rel=\"attachment wp-att-22068\"><img fetchpriority=\"high\" decoding=\"async\" class=\"alignleft wp-image-22068 size-full\" src=\"https:\/\/www.drzwi-cal.pl\/wp-content\/uploads\/2025\/09\/vintage-na-zewnetrz-z-Sokolki.webp\" alt=\"drzwi otwierane do wewn\u0105trz\" width=\"684\" height=\"1024\" srcset=\"https:\/\/www.drzwi-cal.pl\/wp-content\/uploads\/2025\/09\/vintage-na-zewnetrz-z-Sokolki.webp 684w, https:\/\/www.drzwi-cal.pl\/wp-content\/uploads\/2025\/09\/vintage-na-zewnetrz-z-Sokolki-200x300.webp 200w, https:\/\/www.drzwi-cal.pl\/wp-content\/uploads\/2025\/09\/vintage-na-zewnetrz-z-Sokolki-100x150.webp 100w, https:\/\/www.drzwi-cal.pl\/wp-content\/uploads\/2025\/09\/vintage-na-zewnetrz-z-Sokolki-640x958.webp 640w, https:\/\/www.drzwi-cal.pl\/wp-content\/uploads\/2025\/09\/vintage-na-zewnetrz-z-Sokolki-204x305.webp 204w, https:\/\/www.drzwi-cal.pl\/wp-content\/uploads\/2025\/09\/vintage-na-zewnetrz-z-Sokolki-25x37.webp 25w\" sizes=\"(max-width: 684px) 100vw, 684px\" \/><\/a><\/em><\/p>\n<p data-start=\"931\" data-end=\"1199\">&nbsp;<\/p>\n<p data-start=\"931\" data-end=\"1199\">&nbsp;<\/p>\n<p data-start=\"931\" data-end=\"1199\"><em>Wyobra\u017a sobie <a href=\"https:\/\/www.drzwi-cal.pl\/en\/blog\/drzwi-zewnetrzne-a-projektowanie-przedpokoju\/\">ma\u0142y przedsionek<\/a>. Wieszaki pe\u0142ne kurtek, dzieci\u0119ce buty ustawione rz\u0119dem. Ka\u017cdy centymetr ma znaczenie. Wracasz ob\u0142adowany zakupami, dzieci biegn\u0105 pierwsze, pies merda ogonem. Otwierasz drzwi <strong data-start=\"1137\" data-end=\"1152\">na zewn\u0105trz<\/strong> \u2013 i ca\u0142a przestrze\u0144 wewn\u0105trz zostaje wolna.<\/em><\/p>\n<p data-start=\"1201\" data-end=\"1387\"><em>Torby odk\u0142adasz swobodnie, dzieci zdejmuj\u0105 buty bez \u015bcisku. <strong data-start=\"1261\" data-end=\"1341\">Skrzyd\u0142o zamyka si\u0119 cicho, szczelnie \u2013 wiatr dociska je do <a href=\"https:\/\/www.drzwi-cal.pl\/en\/blog\/jak-wybrac-oscieznice-do-drzwi-wewnetrznych\/\">o\u015bcie\u017cnicy<\/a>.<\/strong> W \u015brodku panuje porz\u0105dek, komfort, lekko\u015b\u0107.<\/em><\/p>\n<p data-start=\"1389\" data-end=\"1508\"><em>To wygoda, kt\u00f3ra codziennie przypomina, \u017ce Tw\u00f3j dom zaczyna si\u0119 od <strong>prawdziwych drzwi CAL otwieranych na zewn\u0105trz<\/strong>.<\/em><\/p>\n<\/blockquote>\n<h2 data-start=\"1655\" data-end=\"1713\">Drzwi do \u015brodka \u2013 wygoda i codzienny rytua\u0142<\/h2>\n<p data-start=\"1715\" data-end=\"1973\">Masz przestronny wiatro\u0142ap albo nie masz go wcale? Postaw na drzwi otwieraj\u0105ce si\u0119 do \u015brodka. To wygoda w najczystszej postaci. Nie musisz od\u015bnie\u017ca\u0107 ganku, zanim wejdziesz do domu. Nie musisz wychyla\u0107 si\u0119 na zewn\u0105trz, by powita\u0107 go\u015bci. Wszystko dzieje si\u0119 p\u0142ynnie, naturalnie, z klas\u0105.<\/p>\n<p data-start=\"1975\" data-end=\"2334\">To prawda, \u017ce w takim rozwi\u0105zaniu wiatr nieco odpycha skrzyd\u0142o od <a href=\"https:\/\/www.drzwi-cal.pl\/en\/blog\/czym-rozni-sie-oscieznica-stala-od-regulowanej\/\">o\u015bcie\u017cnicy<\/a>. Ale to w\u0142a\u015bnie tutaj pojawia si\u0119 r\u00f3\u017cnica mi\u0119dzy zwyk\u0142ymi drzwiami a <strong>prawdziwymi drzwiami CAL<\/strong>. Dzi\u0119ki <strong data-start=\"2152\" data-end=\"2185\"><a href=\"https:\/\/www.drzwi-cal.pl\/en\/blog\/jak-wybrac-zamek-listowy-do-inteligentnych-drzwi\/\">zamkom listwowym<\/a> AV3 Winkhaus<\/strong> drzwi dociskane s\u0105 do ramy w kilku punktach. Efekt? Maksymalna szczelno\u015b\u0107 (te\u017c certyfikowana!). Poczucie bezpiecze\u0144stwa. Cisza, kt\u00f3ra wita Ci\u0119 po zamkni\u0119ciu skrzyd\u0142a.<\/p>\n<p data-start=\"2336\" data-end=\"2570\">Nie musisz te\u017c martwi\u0107 si\u0119 o deszcz czy grube wycieraczki. Ka\u017cdy detal w drzwiach CAL zosta\u0142 przemy\u015blany tak, aby wspiera\u0107 Tw\u00f3j komfort \u2013 od dodatkowego okapnika, kt\u00f3ry odprowadza wod\u0119, po konstrukcj\u0119 odporn\u0105 na zmienne warunki naszego klimatu.<\/p>\n<blockquote>\n<p data-start=\"305\" data-end=\"592\"><em><a href=\"https:\/\/www.drzwi-cal.pl\/blog\/drzwi-otwierane-na-zewnatrz-czy-do-srodka\/kamienne-otwarte-do-srodka\/\" rel=\"attachment wp-att-22070\"><img decoding=\"async\" class=\"alignleft wp-image-22070 size-full\" src=\"https:\/\/www.drzwi-cal.pl\/wp-content\/uploads\/2025\/09\/kamienne-otwarte-do-srodka.jpg\" alt=\"drzwi otwierane do wewn\u0105trz\" width=\"1374\" height=\"2402\" srcset=\"https:\/\/www.drzwi-cal.pl\/wp-content\/uploads\/2025\/09\/kamienne-otwarte-do-srodka.jpg 1374w, https:\/\/www.drzwi-cal.pl\/wp-content\/uploads\/2025\/09\/kamienne-otwarte-do-srodka-172x300.jpg 172w, https:\/\/www.drzwi-cal.pl\/wp-content\/uploads\/2025\/09\/kamienne-otwarte-do-srodka-586x1024.jpg 586w, https:\/\/www.drzwi-cal.pl\/wp-content\/uploads\/2025\/09\/kamienne-otwarte-do-srodka-86x150.jpg 86w, https:\/\/www.drzwi-cal.pl\/wp-content\/uploads\/2025\/09\/kamienne-otwarte-do-srodka-768x1343.jpg 768w, https:\/\/www.drzwi-cal.pl\/wp-content\/uploads\/2025\/09\/kamienne-otwarte-do-srodka-879x1536.jpg 879w, https:\/\/www.drzwi-cal.pl\/wp-content\/uploads\/2025\/09\/kamienne-otwarte-do-srodka-1172x2048.jpg 1172w, https:\/\/www.drzwi-cal.pl\/wp-content\/uploads\/2025\/09\/kamienne-otwarte-do-srodka-960x1678.jpg 960w, https:\/\/www.drzwi-cal.pl\/wp-content\/uploads\/2025\/09\/kamienne-otwarte-do-srodka-640x1119.jpg 640w, https:\/\/www.drzwi-cal.pl\/wp-content\/uploads\/2025\/09\/kamienne-otwarte-do-srodka-204x357.jpg 204w, https:\/\/www.drzwi-cal.pl\/wp-content\/uploads\/2025\/09\/kamienne-otwarte-do-srodka-25x44.jpg 25w\" sizes=\"(max-width: 1374px) 100vw, 1374px\" \/><\/a><\/em><\/p>\n<p data-start=\"305\" data-end=\"592\"><em>Zima. \u015anieg skrzypi pod butami, gdy wracasz do domu. Wiatro\u0142ap jest jasny i przestronny, pachnie prawdziwym domem. Go\u015bcie ju\u017c stoj\u0105 na ganku, \u015bmiej\u0105 si\u0119, poprawiaj\u0105 szaliki. Otwierasz&nbsp;<strong data-start=\"494\" data-end=\"507\">do \u015brodka <\/strong>drzwi, a oni nie musz\u0105 si\u0119 cofa\u0107, nie musz\u0105 uwa\u017ca\u0107 na prowadz\u0105ce do domu stopnie. Witasz ich spokojnie, w cieple.<\/em><\/p>\n<p data-start=\"594\" data-end=\"780\"><em>Podmuch zimnego powietrza zostaje za drzwiami. <strong data-start=\"641\" data-end=\"702\">Zamek listwowy domyka skrzyd\u0142o mi\u0119kko, szczelnie, pewnie.<\/strong> A Ty masz poczucie, \u017ce Twoi bliscy s\u0105 u siebie \u2013 bezpieczni i zaopiekowani.<\/em><\/p>\n<p data-start=\"782\" data-end=\"849\"><em>To w\u0142a\u015bnie magia <strong>prawdziwych drzwi CAL otwieranych do wewn\u0105trz<\/strong>.<\/em><\/p>\n<\/blockquote>\n<h2 data-start=\"2572\" data-end=\"2611\">Kt\u00f3re drzwi s\u0105 bezpieczniejsze?<\/h2>\n<p data-start=\"223\" data-end=\"577\">Cz\u0119sto powtarza si\u0119, \u017ce drzwi otwierane <strong data-start=\"263\" data-end=\"278\">na zewn\u0105trz<\/strong> s\u0105 bardziej odporne na wywa\u017cenie, bo uderzenie dociska skrzyd\u0142o do o\u015bcie\u017cnicy. To prawda, ale maj\u0105 te\u017c potencjaln\u0105 s\u0142abo\u015b\u0107 \u2013 dost\u0119p do zawias\u00f3w od strony zewn\u0119trznej. Dlatego w <strong data-start=\"452\" data-end=\"493\">drzwiach CAL stosujemy wr\u0119g francuski<\/strong>, kt\u00f3ry skutecznie eliminuje ten problem i uniemo\u017cliwia podwa\u017cenie skrzyd\u0142a nawet po ewentualnym wyci\u0119ciu zawias\u00f3w.<\/p>\n<p data-start=\"579\" data-end=\"839\">Z kolei drzwi otwierane <strong data-start=\"603\" data-end=\"616\">do \u015brodka<\/strong> daj\u0105 wi\u0119kszy komfort codziennego u\u017cytkowania, nie daj\u0105 dost\u0119pu do zawias\u00f3w, ale teoretycznie \u0142atwiej je sforsowa\u0107 poprzez uderzenie w skrzyd\u0142o.<\/p>\n<blockquote>\n<p data-start=\"579\" data-end=\"839\"><em>W praktyce jednak dla bezpiecze\u0144stwa kluczowe znaczenie ma nie kierunek otwierania, lecz <strong data-start=\"801\" data-end=\"836\">technologia i konstrukcja drzwi<\/strong>.<\/em><\/p>\n<\/blockquote>\n<p data-start=\"841\" data-end=\"1141\">Bezpiecze\u0144stwo mierzy si\u0119 w badaniach i certyfikatach, a nie w mitach. Wszystkie <strong data-start=\"922\" data-end=\"945\">drzwi zewn\u0119trzne CAL <\/strong>s\u0105 certyfikowane w klasie&nbsp;antyw\u0142amaniowej <strong data-start=\"988\" data-end=\"995\"><a href=\"https:\/\/www.drzwi-cal.pl\/en\/bezpieczne-drzwi\/\">RC2<\/a><\/strong> \u2013 zar\u00f3wno te otwierane na zewn\u0105trz, jak i do \u015brodka. To oznacza, \u017ce niezale\u017cnie od wyboru masz pewno\u015b\u0107 ochrony potwierdzonej normami i testami.<\/p>\n<h2 data-start=\"2572\" data-end=\"2611\">Dlaczego wyb\u00f3r marki ma znaczenie?<\/h2>\n<p data-start=\"2725\" data-end=\"2880\">Drzwi to nie tylko kawa\u0142ek drewna czy stalowej ramy. To stra\u017cnik Twojego domu. To pierwsze wra\u017cenie go\u015bci. To codzienny rytua\u0142 powrotu do bezpiecze\u0144stwa.<\/p>\n<p data-start=\"2882\" data-end=\"3131\"><strong data-start=\"2882\" data-end=\"2905\">Prawdziwe Drzwi CAL<\/strong> to co\u015b wi\u0119cej ni\u017c produkt. To obietnica: \u017ce Tw\u00f3j dom b\u0119dzie miejscem, gdzie czujesz si\u0119 bezpiecznie. \u017be zim\u0105 zatrzymasz ciep\u0142o, latem \u2013 cisz\u0119 i spok\u00f3j. \u017be ka\u017cdy detal zosta\u0142 zaprojektowany z my\u015bl\u0105 o Tobie i Twoich bliskich.<\/p>\n<p data-start=\"3133\" data-end=\"3385\">Setki rodzin w ca\u0142ej Polsce ju\u017c zaufa\u0142y marce CAL. Dlaczego? Bo wiedz\u0105, \u017ce prawdziwa jako\u015b\u0107 nie ko\u0144czy si\u0119 na wygl\u0105dzie. To technologia, szczelno\u015b\u0107, trwa\u0142o\u015b\u0107. To pewno\u015b\u0107, \u017ce Twoje drzwi nie zawiod\u0105 Ci\u0119 i w codziennych sytuacjach i w tych wyj\u0105tkowych.<\/p>\n<h2 data-start=\"3387\" data-end=\"3452\">Drzwi otwieraj\u0105ce si\u0119&nbsp;do \u015brodka czy na zewn\u0105trz? Wybierz \u015bwiadomie<\/h2>\n<p data-start=\"3454\" data-end=\"3593\">Decyzja nale\u017cy do Ciebie. Ale pami\u0119taj \u2013 to nie tylko wyb\u00f3r sposobu otwierania. To wyb\u00f3r <strong data-start=\"3544\" data-end=\"3590\">komfortu, bezpiecze\u0144stwa i jako\u015bci na lata<\/strong>.<\/p>\n<ul>\n<li data-start=\"3597\" data-end=\"3643\">Ma\u0142y wiatro\u0142ap? Drzwi otwieraj\u0105ce si\u0119 na zewn\u0105trz.<\/li>\n<li data-start=\"3646\" data-end=\"3697\">Du\u017co miejsca wewn\u0105trz? Drzwi otwierane do wewn\u0105trz.<\/li>\n<li data-start=\"3700\" data-end=\"3755\">A w ka\u017cdym przypadku \u2013 <a href=\"https:\/\/www.drzwi-cal.pl\/drzwi-zewnetrzne\/\"><strong data-start=\"3723\" data-end=\"3752\">zewn\u0119trzne drzwi, kt\u00f3re s\u0105 Prawdziwe<\/strong><\/a>.<\/li>\n<\/ul>\n<p data-start=\"3757\" data-end=\"3823\">Wybierz drzwi CAL. Bo tworz\u0105c dom zas\u0142ugujesz na to, co najlepsze.<\/p>\n","protected":false},"featured_media":18541,"comment_status":"closed","ping_status":"closed","template":"","meta":[],"class_list":["post-22067","dc_blog","type-dc_blog","status-publish","has-post-thumbnail","hentry","dc_blog_tagi-budowa-domu","dc_blog_tagi-drzwi-bezpieczne"],"acf":[],"yoast_head":"<!-- This site is optimized with the Yoast SEO plugin v26.5 - https:\/\/yoast.com\/wordpress\/plugins\/seo\/ -->\n<title>Drzwi otwierane do wewn\u0105trz czy na zewn\u0105trz? - Drzwi zewn\u0119trzne i wewn\u0119trzne premium<\/title>\n<meta name=\"description\" content=\"Wybierz \u015bwiadomie: drzwi otwierane do wewn\u0105trz czy na zewn\u0105trz? Zobacz za i przeciw i sprawd\u017a, jak kierunek otwierania drzwi wp\u0142ywa na wn\u0119trze.\" \/>\n<meta name=\"robots\" content=\"index, follow, max-snippet:-1, max-image-preview:large, max-video-preview:-1\" \/>\n<link rel=\"canonical\" href=\"https:\/\/www.drzwi-cal.pl\/en\/blog\/drzwi-otwierane-na-zewnatrz-czy-do-srodka\/\" \/>\n<meta property=\"og:locale\" content=\"en_US\" \/>\n<meta property=\"og:type\" content=\"article\" \/>\n<meta property=\"og:title\" content=\"Drzwi otwierane do wewn\u0105trz czy na zewn\u0105trz? - Drzwi zewn\u0119trzne i wewn\u0119trzne premium\" \/>\n<meta property=\"og:description\" content=\"Wybierz \u015bwiadomie: drzwi otwierane do wewn\u0105trz czy na zewn\u0105trz? Zobacz za i przeciw i sprawd\u017a, jak kierunek otwierania drzwi wp\u0142ywa na wn\u0119trze.\" \/>\n<meta property=\"og:url\" content=\"https:\/\/www.drzwi-cal.pl\/en\/blog\/drzwi-otwierane-na-zewnatrz-czy-do-srodka\/\" \/>\n<meta property=\"og:site_name\" content=\"Drzwi zewn\u0119trzne i wewn\u0119trzne premium\" \/>\n<meta property=\"article:publisher\" content=\"https:\/\/www.facebook.com\/drzwical\/\" \/>\n<meta property=\"article:modified_time\" content=\"2026-04-08T20:15:40+00:00\" \/>\n<meta property=\"og:image\" content=\"https:\/\/www.drzwi-cal.pl\/wp-content\/uploads\/2023\/09\/slajder_CALibrujemy1.jpg\" \/>\n\t<meta property=\"og:image:width\" content=\"1920\" \/>\n\t<meta property=\"og:image:height\" content=\"910\" \/>\n\t<meta property=\"og:image:type\" content=\"image\/jpeg\" \/>\n<meta name=\"twitter:card\" content=\"summary_large_image\" \/>\n<meta name=\"twitter:label1\" content=\"Est. reading time\" \/>\n\t<meta name=\"twitter:data1\" content=\"5 minutes\" \/>\n<script type=\"application\/ld+json\" class=\"yoast-schema-graph\">{\"@context\":\"https:\/\/schema.org\",\"@graph\":[{\"@type\":\"WebPage\",\"@id\":\"https:\/\/www.drzwi-cal.pl\/en\/blog\/drzwi-otwierane-na-zewnatrz-czy-do-srodka\/\",\"url\":\"https:\/\/www.drzwi-cal.pl\/en\/blog\/drzwi-otwierane-na-zewnatrz-czy-do-srodka\/\",\"name\":\"Drzwi otwierane do wewn\u0105trz czy na zewn\u0105trz? - Drzwi zewn\u0119trzne i wewn\u0119trzne premium\",\"isPartOf\":{\"@id\":\"https:\/\/www.drzwi-cal.pl\/en\/#website\"},\"primaryImageOfPage\":{\"@id\":\"https:\/\/www.drzwi-cal.pl\/en\/blog\/drzwi-otwierane-na-zewnatrz-czy-do-srodka\/#primaryimage\"},\"image\":{\"@id\":\"https:\/\/www.drzwi-cal.pl\/en\/blog\/drzwi-otwierane-na-zewnatrz-czy-do-srodka\/#primaryimage\"},\"thumbnailUrl\":\"https:\/\/www.drzwi-cal.pl\/wp-content\/uploads\/2023\/09\/slajder_CALibrujemy1.jpg\",\"datePublished\":\"2025-09-17T08:18:08+00:00\",\"dateModified\":\"2026-04-08T20:15:40+00:00\",\"description\":\"Wybierz \u015bwiadomie: drzwi otwierane do wewn\u0105trz czy na zewn\u0105trz? Zobacz za i przeciw i sprawd\u017a, jak kierunek otwierania drzwi wp\u0142ywa na wn\u0119trze.\",\"breadcrumb\":{\"@id\":\"https:\/\/www.drzwi-cal.pl\/en\/blog\/drzwi-otwierane-na-zewnatrz-czy-do-srodka\/#breadcrumb\"},\"inLanguage\":\"en-US\",\"potentialAction\":[{\"@type\":\"ReadAction\",\"target\":[\"https:\/\/www.drzwi-cal.pl\/en\/blog\/drzwi-otwierane-na-zewnatrz-czy-do-srodka\/\"]}]},{\"@type\":\"ImageObject\",\"inLanguage\":\"en-US\",\"@id\":\"https:\/\/www.drzwi-cal.pl\/en\/blog\/drzwi-otwierane-na-zewnatrz-czy-do-srodka\/#primaryimage\",\"url\":\"https:\/\/www.drzwi-cal.pl\/wp-content\/uploads\/2023\/09\/slajder_CALibrujemy1.jpg\",\"contentUrl\":\"https:\/\/www.drzwi-cal.pl\/wp-content\/uploads\/2023\/09\/slajder_CALibrujemy1.jpg\",\"width\":1920,\"height\":910,\"caption\":\"promocja na drzwi zewn\u0119trzne drewniane i aludrewniane CAL prawdziwe drzwi wej\u015bciowe\"},{\"@type\":\"BreadcrumbList\",\"@id\":\"https:\/\/www.drzwi-cal.pl\/en\/blog\/drzwi-otwierane-na-zewnatrz-czy-do-srodka\/#breadcrumb\",\"itemListElement\":[{\"@type\":\"ListItem\",\"position\":1,\"name\":\"CAL prawdziwe drzwi\",\"item\":\"https:\/\/www.drzwi-cal.pl\/en\/\"},{\"@type\":\"ListItem\",\"position\":2,\"name\":\"Blog\",\"item\":\"https:\/\/www.drzwi-cal.pl\/en\/blog\/\"},{\"@type\":\"ListItem\",\"position\":3,\"name\":\"Drzwi otwierane do wewn\u0105trz czy na zewn\u0105trz?\"}]},{\"@type\":\"WebSite\",\"@id\":\"https:\/\/www.drzwi-cal.pl\/en\/#website\",\"url\":\"https:\/\/www.drzwi-cal.pl\/en\/\",\"name\":\"Drzwi zewn\u0119trzne i wewn\u0119trzne premium\",\"description\":\"Wybierz tylko kolor i model swoich drzwi zewn\u0119trznych CAL, bo ciep\u0142o i bezpiecze\u0144stwo masz zawsze w cenie! Dobierz pasuj\u0105ce drewniane drzwi wewn\u0119trzne CAL.\",\"publisher\":{\"@id\":\"https:\/\/www.drzwi-cal.pl\/en\/#organization\"},\"potentialAction\":[{\"@type\":\"SearchAction\",\"target\":{\"@type\":\"EntryPoint\",\"urlTemplate\":\"https:\/\/www.drzwi-cal.pl\/en\/?s={search_term_string}\"},\"query-input\":{\"@type\":\"PropertyValueSpecification\",\"valueRequired\":true,\"valueName\":\"search_term_string\"}}],\"inLanguage\":\"en-US\"},{\"@type\":\"Organization\",\"@id\":\"https:\/\/www.drzwi-cal.pl\/en\/#organization\",\"name\":\"Drzwi CAL\",\"alternateName\":\"Prawdziwe drzwi CAL\",\"url\":\"https:\/\/www.drzwi-cal.pl\/en\/\",\"logo\":{\"@type\":\"ImageObject\",\"inLanguage\":\"en-US\",\"@id\":\"https:\/\/www.drzwi-cal.pl\/en\/#\/schema\/logo\/image\/\",\"url\":\"https:\/\/www.drzwi-cal.pl\/wp-content\/uploads\/2018\/08\/CAL.jpg\",\"contentUrl\":\"https:\/\/www.drzwi-cal.pl\/wp-content\/uploads\/2018\/08\/CAL.jpg\",\"width\":1667,\"height\":750,\"caption\":\"Drzwi CAL\"},\"image\":{\"@id\":\"https:\/\/www.drzwi-cal.pl\/en\/#\/schema\/logo\/image\/\"},\"sameAs\":[\"https:\/\/www.facebook.com\/drzwical\/\",\"https:\/\/www.instagram.com\/drzwical\/\",\"https:\/\/www.linkedin.com\/company\/drzwi-cal\",\"https:\/\/www.youtube.com\/user\/drzwical\/\"]}]}<\/script>\n<!-- \/ Yoast SEO plugin. -->","yoast_head_json":{"title":"Drzwi otwierane do wewn\u0105trz czy na zewn\u0105trz? - Drzwi zewn\u0119trzne i wewn\u0119trzne premium","description":"Wybierz \u015bwiadomie: drzwi otwierane do wewn\u0105trz czy na zewn\u0105trz? Zobacz za i przeciw i sprawd\u017a, jak kierunek otwierania drzwi wp\u0142ywa na wn\u0119trze.","robots":{"index":"index","follow":"follow","max-snippet":"max-snippet:-1","max-image-preview":"max-image-preview:large","max-video-preview":"max-video-preview:-1"},"canonical":"https:\/\/www.drzwi-cal.pl\/en\/blog\/drzwi-otwierane-na-zewnatrz-czy-do-srodka\/","og_locale":"en_US","og_type":"article","og_title":"Drzwi otwierane do wewn\u0105trz czy na zewn\u0105trz? - Drzwi zewn\u0119trzne i wewn\u0119trzne premium","og_description":"Wybierz \u015bwiadomie: drzwi otwierane do wewn\u0105trz czy na zewn\u0105trz? Zobacz za i przeciw i sprawd\u017a, jak kierunek otwierania drzwi wp\u0142ywa na wn\u0119trze.","og_url":"https:\/\/www.drzwi-cal.pl\/en\/blog\/drzwi-otwierane-na-zewnatrz-czy-do-srodka\/","og_site_name":"Drzwi zewn\u0119trzne i wewn\u0119trzne premium","article_publisher":"https:\/\/www.facebook.com\/drzwical\/","article_modified_time":"2026-04-08T20:15:40+00:00","og_image":[{"width":1920,"height":910,"url":"https:\/\/www.drzwi-cal.pl\/wp-content\/uploads\/2023\/09\/slajder_CALibrujemy1.jpg","type":"image\/jpeg"}],"twitter_card":"summary_large_image","twitter_misc":{"Est. reading time":"5 minutes"},"schema":{"@context":"https:\/\/schema.org","@graph":[{"@type":"WebPage","@id":"https:\/\/www.drzwi-cal.pl\/en\/blog\/drzwi-otwierane-na-zewnatrz-czy-do-srodka\/","url":"https:\/\/www.drzwi-cal.pl\/en\/blog\/drzwi-otwierane-na-zewnatrz-czy-do-srodka\/","name":"Drzwi otwierane do wewn\u0105trz czy na zewn\u0105trz? - Drzwi zewn\u0119trzne i wewn\u0119trzne premium","isPartOf":{"@id":"https:\/\/www.drzwi-cal.pl\/en\/#website"},"primaryImageOfPage":{"@id":"https:\/\/www.drzwi-cal.pl\/en\/blog\/drzwi-otwierane-na-zewnatrz-czy-do-srodka\/#primaryimage"},"image":{"@id":"https:\/\/www.drzwi-cal.pl\/en\/blog\/drzwi-otwierane-na-zewnatrz-czy-do-srodka\/#primaryimage"},"thumbnailUrl":"https:\/\/www.drzwi-cal.pl\/wp-content\/uploads\/2023\/09\/slajder_CALibrujemy1.jpg","datePublished":"2025-09-17T08:18:08+00:00","dateModified":"2026-04-08T20:15:40+00:00","description":"Wybierz \u015bwiadomie: drzwi otwierane do wewn\u0105trz czy na zewn\u0105trz? Zobacz za i przeciw i sprawd\u017a, jak kierunek otwierania drzwi wp\u0142ywa na wn\u0119trze.","breadcrumb":{"@id":"https:\/\/www.drzwi-cal.pl\/en\/blog\/drzwi-otwierane-na-zewnatrz-czy-do-srodka\/#breadcrumb"},"inLanguage":"en-US","potentialAction":[{"@type":"ReadAction","target":["https:\/\/www.drzwi-cal.pl\/en\/blog\/drzwi-otwierane-na-zewnatrz-czy-do-srodka\/"]}]},{"@type":"ImageObject","inLanguage":"en-US","@id":"https:\/\/www.drzwi-cal.pl\/en\/blog\/drzwi-otwierane-na-zewnatrz-czy-do-srodka\/#primaryimage","url":"https:\/\/www.drzwi-cal.pl\/wp-content\/uploads\/2023\/09\/slajder_CALibrujemy1.jpg","contentUrl":"https:\/\/www.drzwi-cal.pl\/wp-content\/uploads\/2023\/09\/slajder_CALibrujemy1.jpg","width":1920,"height":910,"caption":"promocja na drzwi zewn\u0119trzne drewniane i aludrewniane CAL prawdziwe drzwi wej\u015bciowe"},{"@type":"BreadcrumbList","@id":"https:\/\/www.drzwi-cal.pl\/en\/blog\/drzwi-otwierane-na-zewnatrz-czy-do-srodka\/#breadcrumb","itemListElement":[{"@type":"ListItem","position":1,"name":"CAL prawdziwe drzwi","item":"https:\/\/www.drzwi-cal.pl\/en\/"},{"@type":"ListItem","position":2,"name":"Blog","item":"https:\/\/www.drzwi-cal.pl\/en\/blog\/"},{"@type":"ListItem","position":3,"name":"Drzwi otwierane do wewn\u0105trz czy na zewn\u0105trz?"}]},{"@type":"WebSite","@id":"https:\/\/www.drzwi-cal.pl\/en\/#website","url":"https:\/\/www.drzwi-cal.pl\/en\/","name":"Drzwi zewn\u0119trzne i wewn\u0119trzne premium","description":"Wybierz tylko kolor i model swoich drzwi zewn\u0119trznych CAL, bo ciep\u0142o i bezpiecze\u0144stwo masz zawsze w cenie! Dobierz pasuj\u0105ce drewniane drzwi wewn\u0119trzne CAL.","publisher":{"@id":"https:\/\/www.drzwi-cal.pl\/en\/#organization"},"potentialAction":[{"@type":"SearchAction","target":{"@type":"EntryPoint","urlTemplate":"https:\/\/www.drzwi-cal.pl\/en\/?s={search_term_string}"},"query-input":{"@type":"PropertyValueSpecification","valueRequired":true,"valueName":"search_term_string"}}],"inLanguage":"en-US"},{"@type":"Organization","@id":"https:\/\/www.drzwi-cal.pl\/en\/#organization","name":"Drzwi CAL","alternateName":"Prawdziwe drzwi CAL","url":"https:\/\/www.drzwi-cal.pl\/en\/","logo":{"@type":"ImageObject","inLanguage":"en-US","@id":"https:\/\/www.drzwi-cal.pl\/en\/#\/schema\/logo\/image\/","url":"https:\/\/www.drzwi-cal.pl\/wp-content\/uploads\/2018\/08\/CAL.jpg","contentUrl":"https:\/\/www.drzwi-cal.pl\/wp-content\/uploads\/2018\/08\/CAL.jpg","width":1667,"height":750,"caption":"Drzwi CAL"},"image":{"@id":"https:\/\/www.drzwi-cal.pl\/en\/#\/schema\/logo\/image\/"},"sameAs":["https:\/\/www.facebook.com\/drzwical\/","https:\/\/www.instagram.com\/drzwical\/","https:\/\/www.linkedin.com\/company\/drzwi-cal","https:\/\/www.youtube.com\/user\/drzwical\/"]}]}},"_links":{"self":[{"href":"https:\/\/www.drzwi-cal.pl\/en\/wp-json\/wp\/v2\/blog\/22067","targetHints":{"allow":["GET"]}}],"collection":[{"href":"https:\/\/www.drzwi-cal.pl\/en\/wp-json\/wp\/v2\/blog"}],"about":[{"href":"https:\/\/www.drzwi-cal.pl\/en\/wp-json\/wp\/v2\/types\/dc_blog"}],"replies":[{"embeddable":true,"href":"https:\/\/www.drzwi-cal.pl\/en\/wp-json\/wp\/v2\/comments?post=22067"}],"version-history":[{"count":11,"href":"https:\/\/www.drzwi-cal.pl\/en\/wp-json\/wp\/v2\/blog\/22067\/revisions"}],"predecessor-version":[{"id":23581,"href":"https:\/\/www.drzwi-cal.pl\/en\/wp-json\/wp\/v2\/blog\/22067\/revisions\/23581"}],"wp:featuredmedia":[{"embeddable":true,"href":"https:\/\/www.drzwi-cal.pl\/en\/wp-json\/wp\/v2\/media\/18541"}],"wp:attachment":[{"href":"https:\/\/www.drzwi-cal.pl\/en\/wp-json\/wp\/v2\/media?parent=22067"}],"curies":[{"name":"wp","href":"https:\/\/api.w.org\/{rel}","templated":true}]}}