{"id":4635,"date":"2018-11-27T09:08:01","date_gmt":"2018-11-27T08:08:01","guid":{"rendered":"https:\/\/www.drzwi-cal.pl\/?post_type=dc_blog&#038;p=4635"},"modified":"2020-06-09T10:12:50","modified_gmt":"2020-06-09T08:12:50","slug":"zima-nadchodzi-wybierz-cieple-drzwi-wejsciowe","status":"publish","type":"dc_blog","link":"https:\/\/www.drzwi-cal.pl\/en\/blog\/zima-nadchodzi-wybierz-cieple-drzwi-wejsciowe\/","title":{"rendered":"Zima nadchodzi &#8211; wybierz ciep\u0142e drzwi wej\u015bciowe"},"content":{"rendered":"<p><img fetchpriority=\"high\" decoding=\"async\" class=\"alignnone size-full wp-image-4640\" src=\"https:\/\/www.drzwi-cal.pl\/wp-content\/uploads\/2018\/11\/drzwi-cal-ciep\u0142e-1.jpg\" alt=\"drzwi zewn\u0119trzne cal\" width=\"1024\" height=\"683\" srcset=\"https:\/\/www.drzwi-cal.pl\/wp-content\/uploads\/2018\/11\/drzwi-cal-ciep\u0142e-1.jpg 1024w, https:\/\/www.drzwi-cal.pl\/wp-content\/uploads\/2018\/11\/drzwi-cal-ciep\u0142e-1-150x100.jpg 150w, https:\/\/www.drzwi-cal.pl\/wp-content\/uploads\/2018\/11\/drzwi-cal-ciep\u0142e-1-300x200.jpg 300w, https:\/\/www.drzwi-cal.pl\/wp-content\/uploads\/2018\/11\/drzwi-cal-ciep\u0142e-1-768x512.jpg 768w, https:\/\/www.drzwi-cal.pl\/wp-content\/uploads\/2018\/11\/drzwi-cal-ciep\u0142e-1-960x640.jpg 960w, https:\/\/www.drzwi-cal.pl\/wp-content\/uploads\/2018\/11\/drzwi-cal-ciep\u0142e-1-640x427.jpg 640w, https:\/\/www.drzwi-cal.pl\/wp-content\/uploads\/2018\/11\/drzwi-cal-ciep\u0142e-1-204x136.jpg 204w, https:\/\/www.drzwi-cal.pl\/wp-content\/uploads\/2018\/11\/drzwi-cal-ciep\u0142e-1-25x17.jpg 25w\" sizes=\"(max-width: 1024px) 100vw, 1024px\" \/><\/p>\n<p style=\"text-align: justify;\">Ka\u017cdemu z nas zdarza si\u0119 odk\u0142ada\u0107 r\u00f3\u017cne rzeczy na p\u00f3\u017aniej, jednak kupna drzwi zewn\u0119trznych lepiej nie odk\u0142ada\u0107 do wiosny. Niezale\u017cnie od tego, czy dopiero budujesz dom, czy te\u017c planujesz wymian\u0119 drzwi na nowe, b\u0119dzie to op\u0142acalna inwestycja, szczeg\u00f3lnie przed okresem grzewczym. Wstawienie nowych, ciep\u0142ych drzwi pozwoli Ci zaoszcz\u0119dzi\u0107 na ogrzewaniu, na kt\u00f3re zim\u0105 jest ogromne zapotrzebowanie, szczeg\u00f3lnie w surowym polskim klimacie. Dzi\u015b radzimy, o czym warto pami\u0119ta\u0107 kupuj\u0105c <strong>ciep\u0142e drzwi wej\u015bciowe<\/strong> do domu.<\/p>\n<h2>Ciep\u0142e drzwi wej\u015bciowe do nowo wybudowanego domu<\/h2>\n<p style=\"text-align: justify;\">Ka\u017cdy inwestor stara si\u0119 uwin\u0105\u0107 z budow\u0105 domu mo\u017cliwie jak najszybciej, aby zyska\u0142 on stan surowy zamkni\u0119ty jeszcze przed grudniem. Cho\u0107 zimy w Polsce s\u0105 coraz cieplejsze, podczas ka\u017cdego sezonu zdarza si\u0119 kilka lub nawet kilkana\u015bcie dni, kiedy dokucza nam siarczysty mr\u00f3z. Zabezpieczenie budowy przed ch\u0142odem jest ogromnie istotne, poniewa\u017c budynek wystawiony na przemarzanie bez odpowiednich zabezpiecze\u0144 mo\u017ce zosta\u0107 uszkodzony, co przyniesie dodatkowe, nadprogramowe koszty.<\/p>\n<p style=\"text-align: justify;\">Poza termoizolacj\u0105 \u015bcian, dachu i zabezpieczeniem fundament\u00f3w nale\u017cy zd\u0105\u017cy\u0107 tak\u017ce ze wstawieniem stolarki okiennej oraz drzwi zewn\u0119trznych. Nie mo\u017cemy dopu\u015bci\u0107, aby mr\u00f3z i mro\u017any wiatr przenika\u0142y do domu przez nieszczelne elementy.<\/p>\n<h2>Pow\u0142oka lakiernicza i regulacja drzwi &#8211; na to zwr\u00f3\u0107 uwag\u0119<\/h2>\n<p style=\"text-align: justify;\">Przegl\u0105daj\u0105c ofert\u0119 nowych drzwi zewn\u0119trznych musimy mie\u0107 na uwadze klas\u0119 ciep\u0142a, stan pow\u0142oki lakierniczej, dodatkowe uszczelki oraz klas\u0119 antyw\u0142amaniowo\u015bci. Dobre, nowoczesne <strong>ciep\u0142e drzwi wej\u015bciowe<\/strong> cechuj\u0105 si\u0119 znakomitymi parametrami termoizolacyjnymi, a co za tym idzie &#8211; zapobiegaj\u0105 du\u017cym utratom ciep\u0142a i pozwalaj\u0105 zredukowa\u0107 op\u0142aty za ogrzewanie.<\/p>\n<p style=\"text-align: justify;\">Stan pow\u0142oki lakierniczej warto sprawdzi\u0107 w momencie, kiedy drzwi wej\u015bciowe zosta\u0142y nam dostarczone. Mikrop\u0119kni\u0119cia i uszkodzenia wp\u0142ywaj\u0105 negatywnie na izolacj\u0119 ciepln\u0105. Ponadto warto dopilnowa\u0107 by zawiasy by\u0142y dobrze wyregulowane, a drzwi &#8211; stabilnie i mocno osadzone w futrynie. Poprawnie osadzone drzwi nie dopuszczaj\u0105 do \u017cadnych przewiew\u00f3w. Pami\u0119tajmy tak\u017ce, by regulacj\u0119 przeprowadza\u0107 co zim\u0119, poniewa\u017c podczas mroz\u00f3w, zgodnie z prawem fizyki, metalowe elementy nieco si\u0119 kurcz\u0105.<\/p>\n<h2>Ciep\u0142e drzwi wej\u015bciowe &#8211; wymiana drzwi na nowe<\/h2>\n<p style=\"text-align: justify;\">Je\u015bli mieszkasz w domu, kt\u00f3ry wymaga pewnych prac remontowych lub renowacyjnych, warto pomy\u015ble\u0107 o wymianie drzwi zewn\u0119trznych przed zim\u0105. Starsze modele drzwi cechuje du\u017co ni\u017csza termoizolacyjno\u015b\u0107 ni\u017c nowoczesne drzwi zewn\u0119trzne. Przyk\u0142adowo wymieniaj\u0105c drzwi zewn\u0119trzne na <strong>ciep\u0142e drzwi wej\u015bciowe<\/strong> energooszcz\u0119dne CAL osi\u0105gniesz znakomit\u0105 klas\u0119 przenikalno\u015bci cieplnej 0,58 W\/M<sup>2<\/sup>K &#8211; jedn\u0105 z najlepszych na polskim rynku. Pami\u0119taj, \u017ce <strong>ciep\u0142e drzwi wej\u015bciowe<\/strong> to ciep\u0142e wiatro\u0142apy zim\u0105 oraz niewych\u0142odzone ubrania.<\/p>\n<p><img decoding=\"async\" class=\"size-full wp-image-4642 aligncenter\" src=\"https:\/\/www.drzwi-cal.pl\/wp-content\/uploads\/2018\/11\/termiczna-os\u0142ona-podpro\u017ca-w-drzwiach-cal.jpg\" alt=\"termiczna os\u0142ona podpro\u017ca w drzwiach cal\" width=\"464\" height=\"278\" srcset=\"https:\/\/www.drzwi-cal.pl\/wp-content\/uploads\/2018\/11\/termiczna-os\u0142ona-podpro\u017ca-w-drzwiach-cal.jpg 464w, https:\/\/www.drzwi-cal.pl\/wp-content\/uploads\/2018\/11\/termiczna-os\u0142ona-podpro\u017ca-w-drzwiach-cal-150x90.jpg 150w, https:\/\/www.drzwi-cal.pl\/wp-content\/uploads\/2018\/11\/termiczna-os\u0142ona-podpro\u017ca-w-drzwiach-cal-300x180.jpg 300w, https:\/\/www.drzwi-cal.pl\/wp-content\/uploads\/2018\/11\/termiczna-os\u0142ona-podpro\u017ca-w-drzwiach-cal-204x122.jpg 204w, https:\/\/www.drzwi-cal.pl\/wp-content\/uploads\/2018\/11\/termiczna-os\u0142ona-podpro\u017ca-w-drzwiach-cal-25x15.jpg 25w\" sizes=\"(max-width: 464px) 100vw, 464px\" \/><\/p>\n<p style=\"text-align: justify;\">Dla os\u00f3b, kt\u00f3re planuj\u0105 wymian\u0119 drzwi zewn\u0119trznych polecamy drewniane drzwi CAL z podw\u00f3jnym lub potr\u00f3jnym obwiedniowym systemem uszczelek, kt\u00f3re zapobiegaj\u0105 niekontrolowanej wymianie powietrza. Chcieliby\u015bmy tak\u017ce si\u0119 pochwali\u0107, \u017ce CAL to jedyny polski producent drzwi drewnianych b\u0119d\u0105cy Ambasadorem Budownictwa Pasywnego, kt\u00f3ry spe\u0142nia najwy\u017csze standardy opracowane przez niemiecki Passivhaus Institut Darmstadt. Ponadto w drzwaich zewn\u0119trznych CAL montujemy <a href=\"https:\/\/www.drzwi-cal.pl\/termiczna-oslona-podproza-2\/\" target=\"_blank\" rel=\"noopener noreferrer\">termiczn\u0105 os\u0142on\u0119 podpro\u017ca<\/a>, kt\u00f3ra\u00a0kt\u00f3ra eliminuje mostki termiczne poni\u017cej poziomu posadzki.<\/p>\n<h2>Drzwi CAL to stabilne dostawy przed zim\u0105<\/h2>\n<p style=\"text-align: justify;\">Na koniec chcieliby\u015bmy zwr\u00f3ci\u0107 Wasz\u0105 uwag\u0119 na kwesti\u0119 terminowych dostaw. Wa\u017cne jest, aby przed zam\u00f3wieniem drzwi u konkretnego producenta sprawdzi\u0107 ile czeka si\u0119 na <strong>ciep\u0142e drzwi wej\u015bciowe<\/strong>, spyta\u0107 czy dostawy w zimie odbywaj\u0105 si\u0119 tak samo jak w innych sezonach oraz upewni\u0107 si\u0119, \u017ce oczekiwanie na drzwi nie przed\u0142u\u017cy si\u0119.<\/p>\n<p style=\"text-align: justify;\">Nasza firma mo\u017ce zagwarantowa\u0107 terminowe dostawy &#8211; przyk\u0142adamy do nich ogromn\u0105 wag\u0119. Wiemy jak istotne jest to, aby m\u00f3c zaufa\u0107 producentowi drzwi, \u017ce dotrzyma terminu, szczeg\u00f3lnie kiedy zakupu dokonuje si\u0119 przed okresem grzewczym. W firmie Drzwi CAL dbamy o to, aby Klienci kupuj\u0105c drzwi zawsze otrzymywali je zgodnie z ustalonym wsp\u00f3lnie terminem.<\/p>\n","protected":false},"featured_media":4638,"comment_status":"closed","ping_status":"closed","template":"","meta":[],"class_list":["post-4635","dc_blog","type-dc_blog","status-publish","has-post-thumbnail","hentry"],"acf":[],"yoast_head":"<!-- This site is optimized with the Yoast SEO plugin v26.5 - https:\/\/yoast.com\/wordpress\/plugins\/seo\/ -->\n<title>Zima nadchodzi - wybierz ciep\u0142e drzwi wej\u015bciowe - Drzwi zewn\u0119trzne i wewn\u0119trzne premium<\/title>\n<meta name=\"description\" content=\"Ka\u017cdemu zdarza si\u0119 odk\u0142ada\u0107 rzeczy na p\u00f3\u017aniej, jednak kupna drzwi zewn\u0119trznych lepiej nie odk\u0142ada\u0107 do wiosny. O czym warto pami\u0119ta\u0107 kupuj\u0105c ciep\u0142e drzwi wej\u015bciowe do domu?\" \/>\n<meta name=\"robots\" content=\"index, follow, max-snippet:-1, max-image-preview:large, max-video-preview:-1\" \/>\n<link rel=\"canonical\" href=\"https:\/\/www.drzwi-cal.pl\/en\/blog\/zima-nadchodzi-wybierz-cieple-drzwi-wejsciowe\/\" \/>\n<meta property=\"og:locale\" content=\"en_US\" \/>\n<meta property=\"og:type\" content=\"article\" \/>\n<meta property=\"og:title\" content=\"Zima nadchodzi - wybierz ciep\u0142e drzwi wej\u015bciowe - Drzwi zewn\u0119trzne i wewn\u0119trzne premium\" \/>\n<meta property=\"og:description\" content=\"Ka\u017cdemu zdarza si\u0119 odk\u0142ada\u0107 rzeczy na p\u00f3\u017aniej, jednak kupna drzwi zewn\u0119trznych lepiej nie odk\u0142ada\u0107 do wiosny. O czym warto pami\u0119ta\u0107 kupuj\u0105c ciep\u0142e drzwi wej\u015bciowe do domu?\" \/>\n<meta property=\"og:url\" content=\"https:\/\/www.drzwi-cal.pl\/en\/blog\/zima-nadchodzi-wybierz-cieple-drzwi-wejsciowe\/\" \/>\n<meta property=\"og:site_name\" content=\"Drzwi zewn\u0119trzne i wewn\u0119trzne premium\" \/>\n<meta property=\"article:publisher\" content=\"https:\/\/www.facebook.com\/drzwical\/\" \/>\n<meta property=\"article:modified_time\" content=\"2020-06-09T08:12:50+00:00\" \/>\n<meta property=\"og:image\" content=\"https:\/\/www.drzwi-cal.pl\/wp-content\/uploads\/2018\/11\/ciep\u0142e-drzwi-zewn\u0119trzne-na-zim\u0119-e1556192217393.jpg\" \/>\n\t<meta property=\"og:image:width\" content=\"2000\" \/>\n\t<meta property=\"og:image:height\" content=\"1333\" \/>\n\t<meta property=\"og:image:type\" content=\"image\/jpeg\" \/>\n<meta name=\"twitter:card\" content=\"summary_large_image\" \/>\n<meta name=\"twitter:label1\" content=\"Est. reading time\" \/>\n\t<meta name=\"twitter:data1\" content=\"3 minutes\" \/>\n<script type=\"application\/ld+json\" class=\"yoast-schema-graph\">{\"@context\":\"https:\/\/schema.org\",\"@graph\":[{\"@type\":\"WebPage\",\"@id\":\"https:\/\/www.drzwi-cal.pl\/en\/blog\/zima-nadchodzi-wybierz-cieple-drzwi-wejsciowe\/\",\"url\":\"https:\/\/www.drzwi-cal.pl\/en\/blog\/zima-nadchodzi-wybierz-cieple-drzwi-wejsciowe\/\",\"name\":\"Zima nadchodzi - wybierz ciep\u0142e drzwi wej\u015bciowe - Drzwi zewn\u0119trzne i wewn\u0119trzne premium\",\"isPartOf\":{\"@id\":\"https:\/\/www.drzwi-cal.pl\/en\/#website\"},\"primaryImageOfPage\":{\"@id\":\"https:\/\/www.drzwi-cal.pl\/en\/blog\/zima-nadchodzi-wybierz-cieple-drzwi-wejsciowe\/#primaryimage\"},\"image\":{\"@id\":\"https:\/\/www.drzwi-cal.pl\/en\/blog\/zima-nadchodzi-wybierz-cieple-drzwi-wejsciowe\/#primaryimage\"},\"thumbnailUrl\":\"https:\/\/www.drzwi-cal.pl\/wp-content\/uploads\/2018\/11\/ciep\u0142e-drzwi-zewn\u0119trzne-na-zim\u0119-e1556192217393.jpg\",\"datePublished\":\"2018-11-27T08:08:01+00:00\",\"dateModified\":\"2020-06-09T08:12:50+00:00\",\"description\":\"Ka\u017cdemu zdarza si\u0119 odk\u0142ada\u0107 rzeczy na p\u00f3\u017aniej, jednak kupna drzwi zewn\u0119trznych lepiej nie odk\u0142ada\u0107 do wiosny. O czym warto pami\u0119ta\u0107 kupuj\u0105c ciep\u0142e drzwi wej\u015bciowe do domu?\",\"breadcrumb\":{\"@id\":\"https:\/\/www.drzwi-cal.pl\/en\/blog\/zima-nadchodzi-wybierz-cieple-drzwi-wejsciowe\/#breadcrumb\"},\"inLanguage\":\"en-US\",\"potentialAction\":[{\"@type\":\"ReadAction\",\"target\":[\"https:\/\/www.drzwi-cal.pl\/en\/blog\/zima-nadchodzi-wybierz-cieple-drzwi-wejsciowe\/\"]}]},{\"@type\":\"ImageObject\",\"inLanguage\":\"en-US\",\"@id\":\"https:\/\/www.drzwi-cal.pl\/en\/blog\/zima-nadchodzi-wybierz-cieple-drzwi-wejsciowe\/#primaryimage\",\"url\":\"https:\/\/www.drzwi-cal.pl\/wp-content\/uploads\/2018\/11\/ciep\u0142e-drzwi-zewn\u0119trzne-na-zim\u0119-e1556192217393.jpg\",\"contentUrl\":\"https:\/\/www.drzwi-cal.pl\/wp-content\/uploads\/2018\/11\/ciep\u0142e-drzwi-zewn\u0119trzne-na-zim\u0119-e1556192217393.jpg\",\"width\":2000,\"height\":1333,\"caption\":\"ciep\u0142e drzwi zewn\u0119trzne na zim\u0119\"},{\"@type\":\"BreadcrumbList\",\"@id\":\"https:\/\/www.drzwi-cal.pl\/en\/blog\/zima-nadchodzi-wybierz-cieple-drzwi-wejsciowe\/#breadcrumb\",\"itemListElement\":[{\"@type\":\"ListItem\",\"position\":1,\"name\":\"CAL prawdziwe drzwi\",\"item\":\"https:\/\/www.drzwi-cal.pl\/en\/\"},{\"@type\":\"ListItem\",\"position\":2,\"name\":\"Blog\",\"item\":\"https:\/\/www.drzwi-cal.pl\/en\/blog\/\"},{\"@type\":\"ListItem\",\"position\":3,\"name\":\"Zima nadchodzi &#8211; wybierz ciep\u0142e drzwi wej\u015bciowe\"}]},{\"@type\":\"WebSite\",\"@id\":\"https:\/\/www.drzwi-cal.pl\/en\/#website\",\"url\":\"https:\/\/www.drzwi-cal.pl\/en\/\",\"name\":\"Drzwi zewn\u0119trzne i wewn\u0119trzne premium\",\"description\":\"Wybierz tylko kolor i model swoich drzwi zewn\u0119trznych CAL, bo ciep\u0142o i bezpiecze\u0144stwo masz zawsze w cenie! Dobierz pasuj\u0105ce drewniane drzwi wewn\u0119trzne CAL.\",\"publisher\":{\"@id\":\"https:\/\/www.drzwi-cal.pl\/en\/#organization\"},\"potentialAction\":[{\"@type\":\"SearchAction\",\"target\":{\"@type\":\"EntryPoint\",\"urlTemplate\":\"https:\/\/www.drzwi-cal.pl\/en\/?s={search_term_string}\"},\"query-input\":{\"@type\":\"PropertyValueSpecification\",\"valueRequired\":true,\"valueName\":\"search_term_string\"}}],\"inLanguage\":\"en-US\"},{\"@type\":\"Organization\",\"@id\":\"https:\/\/www.drzwi-cal.pl\/en\/#organization\",\"name\":\"Drzwi CAL\",\"alternateName\":\"Prawdziwe drzwi CAL\",\"url\":\"https:\/\/www.drzwi-cal.pl\/en\/\",\"logo\":{\"@type\":\"ImageObject\",\"inLanguage\":\"en-US\",\"@id\":\"https:\/\/www.drzwi-cal.pl\/en\/#\/schema\/logo\/image\/\",\"url\":\"https:\/\/www.drzwi-cal.pl\/wp-content\/uploads\/2018\/08\/CAL.jpg\",\"contentUrl\":\"https:\/\/www.drzwi-cal.pl\/wp-content\/uploads\/2018\/08\/CAL.jpg\",\"width\":1667,\"height\":750,\"caption\":\"Drzwi CAL\"},\"image\":{\"@id\":\"https:\/\/www.drzwi-cal.pl\/en\/#\/schema\/logo\/image\/\"},\"sameAs\":[\"https:\/\/www.facebook.com\/drzwical\/\",\"https:\/\/www.instagram.com\/drzwical\/\",\"https:\/\/www.linkedin.com\/company\/drzwi-cal\",\"https:\/\/www.youtube.com\/user\/drzwical\/\"]}]}<\/script>\n<!-- \/ Yoast SEO plugin. -->","yoast_head_json":{"title":"Zima nadchodzi - wybierz ciep\u0142e drzwi wej\u015bciowe - Drzwi zewn\u0119trzne i wewn\u0119trzne premium","description":"Ka\u017cdemu zdarza si\u0119 odk\u0142ada\u0107 rzeczy na p\u00f3\u017aniej, jednak kupna drzwi zewn\u0119trznych lepiej nie odk\u0142ada\u0107 do wiosny. O czym warto pami\u0119ta\u0107 kupuj\u0105c ciep\u0142e drzwi wej\u015bciowe do domu?","robots":{"index":"index","follow":"follow","max-snippet":"max-snippet:-1","max-image-preview":"max-image-preview:large","max-video-preview":"max-video-preview:-1"},"canonical":"https:\/\/www.drzwi-cal.pl\/en\/blog\/zima-nadchodzi-wybierz-cieple-drzwi-wejsciowe\/","og_locale":"en_US","og_type":"article","og_title":"Zima nadchodzi - wybierz ciep\u0142e drzwi wej\u015bciowe - Drzwi zewn\u0119trzne i wewn\u0119trzne premium","og_description":"Ka\u017cdemu zdarza si\u0119 odk\u0142ada\u0107 rzeczy na p\u00f3\u017aniej, jednak kupna drzwi zewn\u0119trznych lepiej nie odk\u0142ada\u0107 do wiosny. O czym warto pami\u0119ta\u0107 kupuj\u0105c ciep\u0142e drzwi wej\u015bciowe do domu?","og_url":"https:\/\/www.drzwi-cal.pl\/en\/blog\/zima-nadchodzi-wybierz-cieple-drzwi-wejsciowe\/","og_site_name":"Drzwi zewn\u0119trzne i wewn\u0119trzne premium","article_publisher":"https:\/\/www.facebook.com\/drzwical\/","article_modified_time":"2020-06-09T08:12:50+00:00","og_image":[{"width":2000,"height":1333,"url":"https:\/\/www.drzwi-cal.pl\/wp-content\/uploads\/2018\/11\/ciep\u0142e-drzwi-zewn\u0119trzne-na-zim\u0119-e1556192217393.jpg","type":"image\/jpeg"}],"twitter_card":"summary_large_image","twitter_misc":{"Est. reading time":"3 minutes"},"schema":{"@context":"https:\/\/schema.org","@graph":[{"@type":"WebPage","@id":"https:\/\/www.drzwi-cal.pl\/en\/blog\/zima-nadchodzi-wybierz-cieple-drzwi-wejsciowe\/","url":"https:\/\/www.drzwi-cal.pl\/en\/blog\/zima-nadchodzi-wybierz-cieple-drzwi-wejsciowe\/","name":"Zima nadchodzi - wybierz ciep\u0142e drzwi wej\u015bciowe - Drzwi zewn\u0119trzne i wewn\u0119trzne premium","isPartOf":{"@id":"https:\/\/www.drzwi-cal.pl\/en\/#website"},"primaryImageOfPage":{"@id":"https:\/\/www.drzwi-cal.pl\/en\/blog\/zima-nadchodzi-wybierz-cieple-drzwi-wejsciowe\/#primaryimage"},"image":{"@id":"https:\/\/www.drzwi-cal.pl\/en\/blog\/zima-nadchodzi-wybierz-cieple-drzwi-wejsciowe\/#primaryimage"},"thumbnailUrl":"https:\/\/www.drzwi-cal.pl\/wp-content\/uploads\/2018\/11\/ciep\u0142e-drzwi-zewn\u0119trzne-na-zim\u0119-e1556192217393.jpg","datePublished":"2018-11-27T08:08:01+00:00","dateModified":"2020-06-09T08:12:50+00:00","description":"Ka\u017cdemu zdarza si\u0119 odk\u0142ada\u0107 rzeczy na p\u00f3\u017aniej, jednak kupna drzwi zewn\u0119trznych lepiej nie odk\u0142ada\u0107 do wiosny. O czym warto pami\u0119ta\u0107 kupuj\u0105c ciep\u0142e drzwi wej\u015bciowe do domu?","breadcrumb":{"@id":"https:\/\/www.drzwi-cal.pl\/en\/blog\/zima-nadchodzi-wybierz-cieple-drzwi-wejsciowe\/#breadcrumb"},"inLanguage":"en-US","potentialAction":[{"@type":"ReadAction","target":["https:\/\/www.drzwi-cal.pl\/en\/blog\/zima-nadchodzi-wybierz-cieple-drzwi-wejsciowe\/"]}]},{"@type":"ImageObject","inLanguage":"en-US","@id":"https:\/\/www.drzwi-cal.pl\/en\/blog\/zima-nadchodzi-wybierz-cieple-drzwi-wejsciowe\/#primaryimage","url":"https:\/\/www.drzwi-cal.pl\/wp-content\/uploads\/2018\/11\/ciep\u0142e-drzwi-zewn\u0119trzne-na-zim\u0119-e1556192217393.jpg","contentUrl":"https:\/\/www.drzwi-cal.pl\/wp-content\/uploads\/2018\/11\/ciep\u0142e-drzwi-zewn\u0119trzne-na-zim\u0119-e1556192217393.jpg","width":2000,"height":1333,"caption":"ciep\u0142e drzwi zewn\u0119trzne na zim\u0119"},{"@type":"BreadcrumbList","@id":"https:\/\/www.drzwi-cal.pl\/en\/blog\/zima-nadchodzi-wybierz-cieple-drzwi-wejsciowe\/#breadcrumb","itemListElement":[{"@type":"ListItem","position":1,"name":"CAL prawdziwe drzwi","item":"https:\/\/www.drzwi-cal.pl\/en\/"},{"@type":"ListItem","position":2,"name":"Blog","item":"https:\/\/www.drzwi-cal.pl\/en\/blog\/"},{"@type":"ListItem","position":3,"name":"Zima nadchodzi &#8211; wybierz ciep\u0142e drzwi wej\u015bciowe"}]},{"@type":"WebSite","@id":"https:\/\/www.drzwi-cal.pl\/en\/#website","url":"https:\/\/www.drzwi-cal.pl\/en\/","name":"Drzwi zewn\u0119trzne i wewn\u0119trzne premium","description":"Wybierz tylko kolor i model swoich drzwi zewn\u0119trznych CAL, bo ciep\u0142o i bezpiecze\u0144stwo masz zawsze w cenie! Dobierz pasuj\u0105ce drewniane drzwi wewn\u0119trzne CAL.","publisher":{"@id":"https:\/\/www.drzwi-cal.pl\/en\/#organization"},"potentialAction":[{"@type":"SearchAction","target":{"@type":"EntryPoint","urlTemplate":"https:\/\/www.drzwi-cal.pl\/en\/?s={search_term_string}"},"query-input":{"@type":"PropertyValueSpecification","valueRequired":true,"valueName":"search_term_string"}}],"inLanguage":"en-US"},{"@type":"Organization","@id":"https:\/\/www.drzwi-cal.pl\/en\/#organization","name":"Drzwi CAL","alternateName":"Prawdziwe drzwi CAL","url":"https:\/\/www.drzwi-cal.pl\/en\/","logo":{"@type":"ImageObject","inLanguage":"en-US","@id":"https:\/\/www.drzwi-cal.pl\/en\/#\/schema\/logo\/image\/","url":"https:\/\/www.drzwi-cal.pl\/wp-content\/uploads\/2018\/08\/CAL.jpg","contentUrl":"https:\/\/www.drzwi-cal.pl\/wp-content\/uploads\/2018\/08\/CAL.jpg","width":1667,"height":750,"caption":"Drzwi CAL"},"image":{"@id":"https:\/\/www.drzwi-cal.pl\/en\/#\/schema\/logo\/image\/"},"sameAs":["https:\/\/www.facebook.com\/drzwical\/","https:\/\/www.instagram.com\/drzwical\/","https:\/\/www.linkedin.com\/company\/drzwi-cal","https:\/\/www.youtube.com\/user\/drzwical\/"]}]}},"_links":{"self":[{"href":"https:\/\/www.drzwi-cal.pl\/en\/wp-json\/wp\/v2\/blog\/4635","targetHints":{"allow":["GET"]}}],"collection":[{"href":"https:\/\/www.drzwi-cal.pl\/en\/wp-json\/wp\/v2\/blog"}],"about":[{"href":"https:\/\/www.drzwi-cal.pl\/en\/wp-json\/wp\/v2\/types\/dc_blog"}],"replies":[{"embeddable":true,"href":"https:\/\/www.drzwi-cal.pl\/en\/wp-json\/wp\/v2\/comments?post=4635"}],"version-history":[{"count":0,"href":"https:\/\/www.drzwi-cal.pl\/en\/wp-json\/wp\/v2\/blog\/4635\/revisions"}],"wp:featuredmedia":[{"embeddable":true,"href":"https:\/\/www.drzwi-cal.pl\/en\/wp-json\/wp\/v2\/media\/4638"}],"wp:attachment":[{"href":"https:\/\/www.drzwi-cal.pl\/en\/wp-json\/wp\/v2\/media?parent=4635"}],"curies":[{"name":"wp","href":"https:\/\/api.w.org\/{rel}","templated":true}]}}