{"id":4754,"date":"2018-12-18T09:29:26","date_gmt":"2018-12-18T08:29:26","guid":{"rendered":"https:\/\/www.drzwi-cal.pl\/?post_type=dc_blog&#038;p=4754"},"modified":"2025-06-18T17:08:30","modified_gmt":"2025-06-18T15:08:30","slug":"jak-stylowo-zaaranzowac-wejscie-do-domu","status":"publish","type":"dc_blog","link":"https:\/\/www.drzwi-cal.pl\/en\/blog\/jak-stylowo-zaaranzowac-wejscie-do-domu\/","title":{"rendered":"Jak stylowo zaaran\u017cowa\u0107 i ozdobi\u0107 drzwi wej\u015bciowe?"},"content":{"rendered":"<h3 style=\"text-align: center;\"><a title=\"drzwi wewn\u0119trzne\" href=\"https:\/\/www.drzwi-cal.pl\/drzwi-wewnetrzne\/\">Sprawd\u017a ofert\u0119! Na Drzwi wewn\u0119trzne<\/a><\/h3>\n<p>Wej\u015bcie do domu i jego otoczenie pe\u0142ni wa\u017cn\u0105 funkcj\u0119 \u2013 to w\u0142a\u015bnie ono cz\u0119sto decyduje o og\u00f3lnym wra\u017ceniu, jakie sprawia ca\u0142y budynek. \u0141adnie urz\u0105dzona przestrze\u0144 b\u0119dzie zach\u0119ca\u0107 do wej\u015bcia do \u015brodka i cieszy\u0107 oko po naszym powrocie z pracy.<\/p>\n<h3 style=\"text-align: center;\"><a title=\"drzwi zewn\u0119trzne\" href=\"https:\/\/www.drzwi-cal.pl\/drzwi-zewnetrzne\/\">Sprawd\u017a ofert\u0119! Na Drzwi zewn\u0119trzne<\/a><\/h3>\n<div id=\"attachment_4755\" style=\"width: 760px\" class=\"wp-caption aligncenter\"><img fetchpriority=\"high\" decoding=\"async\" aria-describedby=\"caption-attachment-4755\" class=\"wp-image-4755\" src=\"https:\/\/www.drzwi-cal.pl\/wp-content\/uploads\/2018\/12\/aran\u017cacja-wej\u015bcia-do-domu.jpg\" alt=\"jak zaaran\u017cowa\u0107 wej\u015bcie do domu\" width=\"750\" height=\"563\" srcset=\"https:\/\/www.drzwi-cal.pl\/wp-content\/uploads\/2018\/12\/aran\u017cacja-wej\u015bcia-do-domu.jpg 1200w, https:\/\/www.drzwi-cal.pl\/wp-content\/uploads\/2018\/12\/aran\u017cacja-wej\u015bcia-do-domu-150x113.jpg 150w, https:\/\/www.drzwi-cal.pl\/wp-content\/uploads\/2018\/12\/aran\u017cacja-wej\u015bcia-do-domu-300x225.jpg 300w, https:\/\/www.drzwi-cal.pl\/wp-content\/uploads\/2018\/12\/aran\u017cacja-wej\u015bcia-do-domu-768x576.jpg 768w, https:\/\/www.drzwi-cal.pl\/wp-content\/uploads\/2018\/12\/aran\u017cacja-wej\u015bcia-do-domu-1024x768.jpg 1024w, https:\/\/www.drzwi-cal.pl\/wp-content\/uploads\/2018\/12\/aran\u017cacja-wej\u015bcia-do-domu-960x720.jpg 960w, https:\/\/www.drzwi-cal.pl\/wp-content\/uploads\/2018\/12\/aran\u017cacja-wej\u015bcia-do-domu-640x480.jpg 640w, https:\/\/www.drzwi-cal.pl\/wp-content\/uploads\/2018\/12\/aran\u017cacja-wej\u015bcia-do-domu-204x153.jpg 204w, https:\/\/www.drzwi-cal.pl\/wp-content\/uploads\/2018\/12\/aran\u017cacja-wej\u015bcia-do-domu-25x19.jpg 25w\" sizes=\"(max-width: 750px) 100vw, 750px\" \/><p id=\"caption-attachment-4755\" class=\"wp-caption-text\">(Drzwi zewn\u0119trzne CAL model Farurej z na\u015bwietlem zlicowanym i luster weneckim; kolor: d\u0105b bielony)<\/p><\/div>\n<h2>Zwyczaj dekoracji drzwi wej\u015bciowych w USA \u2013 warto si\u0119 zainspirowa\u0107<\/h2>\n<article class=\"text-token-text-primary w-full\" dir=\"auto\" data-testid=\"conversation-turn-8\" data-scroll-anchor=\"true\">\n<div class=\"text-base my-auto mx-auto py-5 [--thread-content-margin:--spacing(4)] @[37rem]:[--thread-content-margin:--spacing(6)] @[72rem]:[--thread-content-margin:--spacing(16)] px-(--thread-content-margin)\">\n<div class=\"[--thread-content-max-width:32rem] @[34rem]:[--thread-content-max-width:40rem] @[64rem]:[--thread-content-max-width:48rem] mx-auto flex max-w-(--thread-content-max-width) flex-1 text-base gap-4 md:gap-5 lg:gap-6 group\/turn-messages focus-visible:outline-hidden\" tabindex=\"-1\">\n<div class=\"group\/conversation-turn relative flex w-full min-w-0 flex-col agent-turn\">\n<div class=\"relative flex-col gap-1 md:gap-3\">\n<div class=\"flex max-w-full flex-col grow\">\n<div class=\"min-h-8 text-message relative flex w-full flex-col items-end gap-2 text-start break-words whitespace-normal [.text-message+&amp;]:mt-5\" dir=\"auto\" data-message-author-role=\"assistant\" data-message-id=\"e4f78e2c-7244-4252-9586-76c803d25658\" data-message-model-slug=\"gpt-4o\">\n<div class=\"flex w-full flex-col gap-1 empty:hidden first:pt-[3px]\">\n<div class=\"markdown prose dark:prose-invert w-full break-words light\">\n<p data-start=\"0\" data-end=\"489\">W Stanach Zjednoczonych dekorowanie drzwi wej\u015bciowych to co\u015b wi\u0119cej ni\u017c sezonowa moda \u2013 to sta\u0142y element wystroju wn\u0119trza\u2026 od zewn\u0105trz! Drzwi do swojego domu traktuje si\u0119 tam jak wizyt\u00f3wk\u0119, kt\u00f3r\u0105 warto udekorowa\u0107 zgodnie z por\u0105 roku. Jesieni\u0105 w okresie Halloween pojawiaj\u0105 si\u0119 dynie, zabawne i mroczne figurki i pomara\u0144czowe li\u015bcie, w okresie \u015bwi\u0105tecznym \u2013 obowi\u0105zkowy wieniec lub ozdobny wianek zawieszony na drzwiach. Cz\u0119sto montuje si\u0119 w centralnym punkcie drzwi, a ca\u0142o\u015b\u0107 dope\u0142niaj\u0105 zielone ga\u0142\u0105zki \u015bwierku i nastrojowe lampki zawieszone na o\u015bcie\u017cnicy. Czas przed \u015awi\u0119tem Dzi\u0119kczynienia (przedostatni czwartek w listopadzie) to z kolei okres, kiedy wej\u015bcie do domu upi\u0119ksza si\u0119 stroikami z li\u015bci i ga\u0142\u0105zek, a tak\u017ce lampionami.<\/p>\n<p data-start=\"491\" data-end=\"921\" data-is-last-node=\"\" data-is-only-node=\"\">Coraz wi\u0119cej Polak\u00f3w podchwyca ten zwyczaj, nadaj\u0105c wej\u015bciu wyj\u0105tkowy, kreatywny charakter. Warto zadba\u0107 nie tylko o wygl\u0105d drzwi, ale te\u017c o ich elementy \u2013 jak stylowa klamka, ozdobna sztukateria czy wyko\u0144czone drzwi z oklein\u0105. Nawet wytrzyma\u0142y wieniec DIY czy papieroplastyka mog\u0105 doda\u0107 uroku. Udekorowane drzwi zyskuj\u0105 nowe \u017cycie \u2013 i \u015bwietnie komponuj\u0105 si\u0119 z wn\u0119trzem, niezale\u017cnie czy to styl glamour, czy nowoczesny minimalizm.<\/p>\n<\/div>\n<\/div>\n<\/div>\n<\/div>\n<\/div>\n<\/div>\n<\/div>\n<\/div>\n<\/article>\n<h2>Ciekawe efekty zapewni nietuzinkowe o\u015bwietlenie oraz ro\u015blinno\u015b\u0107<\/h2>\n<p data-start=\"0\" data-end=\"450\">Ciekawe efekt wizualny wok\u00f3\u0142 drzwi wej\u015bciowych zapewni nietuzinkowe o\u015bwietlenie i odpowiednio dobrana ro\u015blinno\u015b\u0107. Niezale\u017cnie od pory roku czy okazji, przestrze\u0144 wok\u00f3\u0142 drzwi powinna by\u0107 dobrze zaplanowana i roz\u015bwietlona. Monta\u017c kinkiet\u00f3w po obu stronach drzwi, listw LED czy lamp solarnych w ogrodzie to nie tylko praktyczne, ale i estetyczne rozwi\u0105zanie, kt\u00f3re wnosi przytuln\u0105 atmosfer\u0119 i mo\u017ce sta\u0107 si\u0119 wyrazistym akcentem w aran\u017cacji wn\u0119trza domu.<\/p>\n<p data-start=\"0\" data-end=\"450\">W nowoczesnych domyach o\u015bwietlenie mo\u017ce zapewni\u0107 nam niesamowite efekty. Ledowe listwy, \u015bciana z oryginalnym pokryciem (np. betonem konstrukcyjnym, kamieniem) oraz nowoczesne drzwi zewn\u0119trzne zapewni\u0105 prawdziwy efekt WOW.\u00a0W przypadku drzwi wykonanych w stylu nowoczesnym, zw\u0142aszcza tych z kolekcji Alutherm, \u015bwiat\u0142o doskonale podkre\u015bli skrzyd\u0142o drzwiowe, detal, okucia czy wyko\u0144czeniowy charakter pokrycia drzwi.<\/p>\n<div id=\"attachment_4759\" style=\"width: 760px\" class=\"wp-caption aligncenter\"><img decoding=\"async\" aria-describedby=\"caption-attachment-4759\" class=\"wp-image-4759\" src=\"https:\/\/www.drzwi-cal.pl\/wp-content\/uploads\/2018\/12\/jak-zaaran\u017cowa\u0107-wejscie-do-domu-kolekcja-alutherm-drzwi-cal-1024x683.jpg\" alt=\"jak zaaran\u017cowa\u0107 wej\u015bcie do domu\" width=\"750\" height=\"500\" srcset=\"https:\/\/www.drzwi-cal.pl\/wp-content\/uploads\/2018\/12\/jak-zaaran\u017cowa\u0107-wejscie-do-domu-kolekcja-alutherm-drzwi-cal-1024x683.jpg 1024w, https:\/\/www.drzwi-cal.pl\/wp-content\/uploads\/2018\/12\/jak-zaaran\u017cowa\u0107-wejscie-do-domu-kolekcja-alutherm-drzwi-cal-150x100.jpg 150w, https:\/\/www.drzwi-cal.pl\/wp-content\/uploads\/2018\/12\/jak-zaaran\u017cowa\u0107-wejscie-do-domu-kolekcja-alutherm-drzwi-cal-300x200.jpg 300w, https:\/\/www.drzwi-cal.pl\/wp-content\/uploads\/2018\/12\/jak-zaaran\u017cowa\u0107-wejscie-do-domu-kolekcja-alutherm-drzwi-cal-768x512.jpg 768w, https:\/\/www.drzwi-cal.pl\/wp-content\/uploads\/2018\/12\/jak-zaaran\u017cowa\u0107-wejscie-do-domu-kolekcja-alutherm-drzwi-cal-960x640.jpg 960w, https:\/\/www.drzwi-cal.pl\/wp-content\/uploads\/2018\/12\/jak-zaaran\u017cowa\u0107-wejscie-do-domu-kolekcja-alutherm-drzwi-cal-640x427.jpg 640w, https:\/\/www.drzwi-cal.pl\/wp-content\/uploads\/2018\/12\/jak-zaaran\u017cowa\u0107-wejscie-do-domu-kolekcja-alutherm-drzwi-cal-204x136.jpg 204w, https:\/\/www.drzwi-cal.pl\/wp-content\/uploads\/2018\/12\/jak-zaaran\u017cowa\u0107-wejscie-do-domu-kolekcja-alutherm-drzwi-cal-25x17.jpg 25w, https:\/\/www.drzwi-cal.pl\/wp-content\/uploads\/2018\/12\/jak-zaaran\u017cowa\u0107-wejscie-do-domu-kolekcja-alutherm-drzwi-cal.jpg 1728w\" sizes=\"(max-width: 750px) 100vw, 750px\" \/><p id=\"caption-attachment-4759\" class=\"wp-caption-text\">Wej\u015bcie do domu oraz drzwi zewn\u0119trzne CAL z kolekcji Alutherm w roli g\u0142\u00f3wnej.<\/p><\/div>\n<p>Po obu stronach drzwi warto umie\u015bci\u0107 ro\u015bliny w donicach lub pn\u0105cza \u2013 pi\u0119knie podkre\u015bl\u0105 klimat domu, a dobrze dobrane drzwi wewn\u0119trzne i zewn\u0119trzne stworz\u0105 sp\u00f3jn\u0105 ca\u0142o\u015b\u0107 wystroju wn\u0119trza.<\/p>\n<h2>Jak ozdobi\u0107 drzwi i zachowa\u0107 funkcjonaln\u0105 przestrze\u0144?<\/h2>\n<p>Pisz\u0105c o aran\u017cacji wej\u015bcia do domu nie mo\u017cemy zapomina\u0107 o funkcjonalno\u015bci. Pi\u0119kno musi by\u0107 perfekcyjnie u\u017cyteczne. Wa\u017cne jest to, aby zapewni\u0107 dostateczn\u0105 ilo\u015b\u0107 miejsca, pozwalaj\u0105c\u0105 na swobodne otwieranie i zamykanie drzwi, a tak\u017ce na chwilowe odstawienie np. toreb z zakupami. Elementy takie jak dzwonek do drzwi powinny znajdowa\u0107 si\u0119 w widocznym miejscu i pod r\u0119k\u0105.<\/p>\n<p>Je\u015bli chodzi o <span style=\"color: #0000ff;\"><a href=\"https:\/\/www.drzwi-cal.pl\/drzwi-zewnetrzne\/\">drzwi zewn\u0119trzne<\/a><\/span>, to istniej\u0105 dwie szko\u0142y: cz\u0119\u015b\u0107 projektant\u00f3w zaleca \u015bcis\u0142e dopasowanie ich do stylu domu, a cz\u0119\u015b\u0107 zach\u0119ca do eksperyment\u00f3w np. z drzwiami w mocnych kolorach, kontrastuj\u0105cych z fasad\u0105 itd. Niezale\u017cnie od koloru ciekawym rozwi\u0105zaniem mo\u017ce by\u0107 zamontowanie drzwi zewn\u0119trznych w rozmiarze wi\u0119kszym ni\u017c standardowe. Aby urozmaici\u0107 otoczenie wej\u015bcia mo\u017cemy zdecydowa\u0107 si\u0119 na drzwi z ciekawymi wstawkami dekoracyjnymi np. ze spieku kamiennego lub przeszkleniami. Ponadto mo\u017cemy tak\u017ce zdecydowa\u0107 si\u0119 na drzwi z na\u015bwietlami bocznymi i g\u00f3rnymi, co stworzy nam ciekawy efekt, a dodatkowo zapewni du\u017co dziennego \u015bwiat\u0142a.<\/p>\n<p>Warto tak\u017ce zainteresowa\u0107 si\u0119 nowoczesnymi rozwi\u0105zaniami stonowanymi w domach inteligentnych. Firma CAL oferuje tzw. <a href=\"https:\/\/www.drzwi-cal.pl\/biometryczna-kontrola-dostepu-2\/\">biometryczn\u0105 kontrol\u0119 dost\u0119pu<\/a>, czyli zamki do drzwi wyposa\u017cone w inteligentne systemy zapewniaj\u0105ce bezpiecze\u0144stwo na najwy\u017cszym poziomie. Rozwi\u0105zanie o nazwie CALConnect, stosowane w drzwiach zewn\u0119trznych, mo\u017ce by\u0107 wyposa\u017cone w udogodnienia takie jak czytnik linii papilarnych, klawiatura pozwalaj\u0105ca otwiera\u0107 drzwi kodem, a tak\u017ce \u0142\u0105czno\u015b\u0107 Bluetooth czy RFID pozwalaj\u0105ce zdalnie identyfikowa\u0107 osoby pr\u00f3buj\u0105ce dosta\u0107 si\u0119 do domu. To wyj\u0105tkowa funkcjonalno\u015b\u0107 \u2013 system bez kluczy, zapewniaj\u0105cy dodatkowe bezpiecze\u0144stwo domownik\u00f3w.<\/p>\n<p>&nbsp;<\/p>\n","protected":false},"featured_media":4761,"comment_status":"open","ping_status":"closed","template":"","meta":[],"class_list":["post-4754","dc_blog","type-dc_blog","status-publish","has-post-thumbnail","hentry","dc_blog_tagi-top-rozwiazania"],"acf":[],"yoast_head":"<!-- This site is optimized with the Yoast SEO plugin v26.5 - https:\/\/yoast.com\/wordpress\/plugins\/seo\/ -->\n<title>Jak stylowo zaaran\u017cowa\u0107 i ozdobi\u0107 drzwi wej\u015bciowe? - Drzwi zewn\u0119trzne i wewn\u0119trzne premium<\/title>\n<meta name=\"description\" content=\"Dowiedz si\u0119 w jaki spos\u00f3b stylowo zaaran\u017cowa\u0107 i ozdobi\u0107 drzwi wej\u015bciowe do domu. Pomys\u0142y na wyj\u0105tkowe wra\u017cenie! Kup teraz i zyskaj korzy\u015bci!\" \/>\n<meta name=\"robots\" content=\"index, follow, max-snippet:-1, max-image-preview:large, max-video-preview:-1\" \/>\n<link rel=\"canonical\" href=\"https:\/\/www.drzwi-cal.pl\/en\/blog\/jak-stylowo-zaaranzowac-wejscie-do-domu\/\" \/>\n<meta property=\"og:locale\" content=\"en_US\" \/>\n<meta property=\"og:type\" content=\"article\" \/>\n<meta property=\"og:title\" content=\"Jak stylowo zaaran\u017cowa\u0107 i ozdobi\u0107 drzwi wej\u015bciowe? - Drzwi zewn\u0119trzne i wewn\u0119trzne premium\" \/>\n<meta property=\"og:description\" content=\"Dowiedz si\u0119 w jaki spos\u00f3b stylowo zaaran\u017cowa\u0107 i ozdobi\u0107 drzwi wej\u015bciowe do domu. Pomys\u0142y na wyj\u0105tkowe wra\u017cenie! Kup teraz i zyskaj korzy\u015bci!\" \/>\n<meta property=\"og:url\" content=\"https:\/\/www.drzwi-cal.pl\/en\/blog\/jak-stylowo-zaaranzowac-wejscie-do-domu\/\" \/>\n<meta property=\"og:site_name\" content=\"Drzwi zewn\u0119trzne i wewn\u0119trzne premium\" \/>\n<meta property=\"article:publisher\" content=\"https:\/\/www.facebook.com\/drzwical\/\" \/>\n<meta property=\"article:modified_time\" content=\"2025-06-18T15:08:30+00:00\" \/>\n<meta property=\"og:image\" content=\"https:\/\/www.drzwi-cal.pl\/wp-content\/uploads\/2018\/12\/jak-zaaran\u017cowa\u0107-wej\u015bcie-do-domu.jpg\" \/>\n\t<meta property=\"og:image:width\" content=\"1280\" \/>\n\t<meta property=\"og:image:height\" content=\"300\" \/>\n\t<meta property=\"og:image:type\" content=\"image\/jpeg\" \/>\n<meta name=\"twitter:card\" content=\"summary_large_image\" \/>\n<meta name=\"twitter:label1\" content=\"Est. reading time\" \/>\n\t<meta name=\"twitter:data1\" content=\"5 minutes\" \/>\n<script type=\"application\/ld+json\" class=\"yoast-schema-graph\">{\"@context\":\"https:\/\/schema.org\",\"@graph\":[{\"@type\":\"WebPage\",\"@id\":\"https:\/\/www.drzwi-cal.pl\/en\/blog\/jak-stylowo-zaaranzowac-wejscie-do-domu\/\",\"url\":\"https:\/\/www.drzwi-cal.pl\/en\/blog\/jak-stylowo-zaaranzowac-wejscie-do-domu\/\",\"name\":\"Jak stylowo zaaran\u017cowa\u0107 i ozdobi\u0107 drzwi wej\u015bciowe? - Drzwi zewn\u0119trzne i wewn\u0119trzne premium\",\"isPartOf\":{\"@id\":\"https:\/\/www.drzwi-cal.pl\/en\/#website\"},\"primaryImageOfPage\":{\"@id\":\"https:\/\/www.drzwi-cal.pl\/en\/blog\/jak-stylowo-zaaranzowac-wejscie-do-domu\/#primaryimage\"},\"image\":{\"@id\":\"https:\/\/www.drzwi-cal.pl\/en\/blog\/jak-stylowo-zaaranzowac-wejscie-do-domu\/#primaryimage\"},\"thumbnailUrl\":\"https:\/\/www.drzwi-cal.pl\/wp-content\/uploads\/2018\/12\/jak-zaaran\u017cowa\u0107-wej\u015bcie-do-domu.jpg\",\"datePublished\":\"2018-12-18T08:29:26+00:00\",\"dateModified\":\"2025-06-18T15:08:30+00:00\",\"description\":\"Dowiedz si\u0119 w jaki spos\u00f3b stylowo zaaran\u017cowa\u0107 i ozdobi\u0107 drzwi wej\u015bciowe do domu. Pomys\u0142y na wyj\u0105tkowe wra\u017cenie! Kup teraz i zyskaj korzy\u015bci!\",\"breadcrumb\":{\"@id\":\"https:\/\/www.drzwi-cal.pl\/en\/blog\/jak-stylowo-zaaranzowac-wejscie-do-domu\/#breadcrumb\"},\"inLanguage\":\"en-US\",\"potentialAction\":[{\"@type\":\"ReadAction\",\"target\":[\"https:\/\/www.drzwi-cal.pl\/en\/blog\/jak-stylowo-zaaranzowac-wejscie-do-domu\/\"]}]},{\"@type\":\"ImageObject\",\"inLanguage\":\"en-US\",\"@id\":\"https:\/\/www.drzwi-cal.pl\/en\/blog\/jak-stylowo-zaaranzowac-wejscie-do-domu\/#primaryimage\",\"url\":\"https:\/\/www.drzwi-cal.pl\/wp-content\/uploads\/2018\/12\/jak-zaaran\u017cowa\u0107-wej\u015bcie-do-domu.jpg\",\"contentUrl\":\"https:\/\/www.drzwi-cal.pl\/wp-content\/uploads\/2018\/12\/jak-zaaran\u017cowa\u0107-wej\u015bcie-do-domu.jpg\",\"width\":1280,\"height\":300,\"caption\":\"wej\u015bcie do domu\"},{\"@type\":\"BreadcrumbList\",\"@id\":\"https:\/\/www.drzwi-cal.pl\/en\/blog\/jak-stylowo-zaaranzowac-wejscie-do-domu\/#breadcrumb\",\"itemListElement\":[{\"@type\":\"ListItem\",\"position\":1,\"name\":\"CAL prawdziwe drzwi\",\"item\":\"https:\/\/www.drzwi-cal.pl\/en\/\"},{\"@type\":\"ListItem\",\"position\":2,\"name\":\"Blog\",\"item\":\"https:\/\/www.drzwi-cal.pl\/en\/blog\/\"},{\"@type\":\"ListItem\",\"position\":3,\"name\":\"Jak stylowo zaaran\u017cowa\u0107 i ozdobi\u0107 drzwi wej\u015bciowe?\"}]},{\"@type\":\"WebSite\",\"@id\":\"https:\/\/www.drzwi-cal.pl\/en\/#website\",\"url\":\"https:\/\/www.drzwi-cal.pl\/en\/\",\"name\":\"Drzwi zewn\u0119trzne i wewn\u0119trzne premium\",\"description\":\"Wybierz tylko kolor i model swoich drzwi zewn\u0119trznych CAL, bo ciep\u0142o i bezpiecze\u0144stwo masz zawsze w cenie! Dobierz pasuj\u0105ce drewniane drzwi wewn\u0119trzne CAL.\",\"publisher\":{\"@id\":\"https:\/\/www.drzwi-cal.pl\/en\/#organization\"},\"potentialAction\":[{\"@type\":\"SearchAction\",\"target\":{\"@type\":\"EntryPoint\",\"urlTemplate\":\"https:\/\/www.drzwi-cal.pl\/en\/?s={search_term_string}\"},\"query-input\":{\"@type\":\"PropertyValueSpecification\",\"valueRequired\":true,\"valueName\":\"search_term_string\"}}],\"inLanguage\":\"en-US\"},{\"@type\":\"Organization\",\"@id\":\"https:\/\/www.drzwi-cal.pl\/en\/#organization\",\"name\":\"Drzwi CAL\",\"alternateName\":\"Prawdziwe drzwi CAL\",\"url\":\"https:\/\/www.drzwi-cal.pl\/en\/\",\"logo\":{\"@type\":\"ImageObject\",\"inLanguage\":\"en-US\",\"@id\":\"https:\/\/www.drzwi-cal.pl\/en\/#\/schema\/logo\/image\/\",\"url\":\"https:\/\/www.drzwi-cal.pl\/wp-content\/uploads\/2018\/08\/CAL.jpg\",\"contentUrl\":\"https:\/\/www.drzwi-cal.pl\/wp-content\/uploads\/2018\/08\/CAL.jpg\",\"width\":1667,\"height\":750,\"caption\":\"Drzwi CAL\"},\"image\":{\"@id\":\"https:\/\/www.drzwi-cal.pl\/en\/#\/schema\/logo\/image\/\"},\"sameAs\":[\"https:\/\/www.facebook.com\/drzwical\/\",\"https:\/\/www.instagram.com\/drzwical\/\",\"https:\/\/www.linkedin.com\/company\/drzwi-cal\",\"https:\/\/www.youtube.com\/user\/drzwical\/\"]}]}<\/script>\n<!-- \/ Yoast SEO plugin. -->","yoast_head_json":{"title":"Jak stylowo zaaran\u017cowa\u0107 i ozdobi\u0107 drzwi wej\u015bciowe? - Drzwi zewn\u0119trzne i wewn\u0119trzne premium","description":"Dowiedz si\u0119 w jaki spos\u00f3b stylowo zaaran\u017cowa\u0107 i ozdobi\u0107 drzwi wej\u015bciowe do domu. Pomys\u0142y na wyj\u0105tkowe wra\u017cenie! Kup teraz i zyskaj korzy\u015bci!","robots":{"index":"index","follow":"follow","max-snippet":"max-snippet:-1","max-image-preview":"max-image-preview:large","max-video-preview":"max-video-preview:-1"},"canonical":"https:\/\/www.drzwi-cal.pl\/en\/blog\/jak-stylowo-zaaranzowac-wejscie-do-domu\/","og_locale":"en_US","og_type":"article","og_title":"Jak stylowo zaaran\u017cowa\u0107 i ozdobi\u0107 drzwi wej\u015bciowe? - Drzwi zewn\u0119trzne i wewn\u0119trzne premium","og_description":"Dowiedz si\u0119 w jaki spos\u00f3b stylowo zaaran\u017cowa\u0107 i ozdobi\u0107 drzwi wej\u015bciowe do domu. Pomys\u0142y na wyj\u0105tkowe wra\u017cenie! Kup teraz i zyskaj korzy\u015bci!","og_url":"https:\/\/www.drzwi-cal.pl\/en\/blog\/jak-stylowo-zaaranzowac-wejscie-do-domu\/","og_site_name":"Drzwi zewn\u0119trzne i wewn\u0119trzne premium","article_publisher":"https:\/\/www.facebook.com\/drzwical\/","article_modified_time":"2025-06-18T15:08:30+00:00","og_image":[{"width":1280,"height":300,"url":"https:\/\/www.drzwi-cal.pl\/wp-content\/uploads\/2018\/12\/jak-zaaran\u017cowa\u0107-wej\u015bcie-do-domu.jpg","type":"image\/jpeg"}],"twitter_card":"summary_large_image","twitter_misc":{"Est. reading time":"5 minutes"},"schema":{"@context":"https:\/\/schema.org","@graph":[{"@type":"WebPage","@id":"https:\/\/www.drzwi-cal.pl\/en\/blog\/jak-stylowo-zaaranzowac-wejscie-do-domu\/","url":"https:\/\/www.drzwi-cal.pl\/en\/blog\/jak-stylowo-zaaranzowac-wejscie-do-domu\/","name":"Jak stylowo zaaran\u017cowa\u0107 i ozdobi\u0107 drzwi wej\u015bciowe? - Drzwi zewn\u0119trzne i wewn\u0119trzne premium","isPartOf":{"@id":"https:\/\/www.drzwi-cal.pl\/en\/#website"},"primaryImageOfPage":{"@id":"https:\/\/www.drzwi-cal.pl\/en\/blog\/jak-stylowo-zaaranzowac-wejscie-do-domu\/#primaryimage"},"image":{"@id":"https:\/\/www.drzwi-cal.pl\/en\/blog\/jak-stylowo-zaaranzowac-wejscie-do-domu\/#primaryimage"},"thumbnailUrl":"https:\/\/www.drzwi-cal.pl\/wp-content\/uploads\/2018\/12\/jak-zaaran\u017cowa\u0107-wej\u015bcie-do-domu.jpg","datePublished":"2018-12-18T08:29:26+00:00","dateModified":"2025-06-18T15:08:30+00:00","description":"Dowiedz si\u0119 w jaki spos\u00f3b stylowo zaaran\u017cowa\u0107 i ozdobi\u0107 drzwi wej\u015bciowe do domu. Pomys\u0142y na wyj\u0105tkowe wra\u017cenie! Kup teraz i zyskaj korzy\u015bci!","breadcrumb":{"@id":"https:\/\/www.drzwi-cal.pl\/en\/blog\/jak-stylowo-zaaranzowac-wejscie-do-domu\/#breadcrumb"},"inLanguage":"en-US","potentialAction":[{"@type":"ReadAction","target":["https:\/\/www.drzwi-cal.pl\/en\/blog\/jak-stylowo-zaaranzowac-wejscie-do-domu\/"]}]},{"@type":"ImageObject","inLanguage":"en-US","@id":"https:\/\/www.drzwi-cal.pl\/en\/blog\/jak-stylowo-zaaranzowac-wejscie-do-domu\/#primaryimage","url":"https:\/\/www.drzwi-cal.pl\/wp-content\/uploads\/2018\/12\/jak-zaaran\u017cowa\u0107-wej\u015bcie-do-domu.jpg","contentUrl":"https:\/\/www.drzwi-cal.pl\/wp-content\/uploads\/2018\/12\/jak-zaaran\u017cowa\u0107-wej\u015bcie-do-domu.jpg","width":1280,"height":300,"caption":"wej\u015bcie do domu"},{"@type":"BreadcrumbList","@id":"https:\/\/www.drzwi-cal.pl\/en\/blog\/jak-stylowo-zaaranzowac-wejscie-do-domu\/#breadcrumb","itemListElement":[{"@type":"ListItem","position":1,"name":"CAL prawdziwe drzwi","item":"https:\/\/www.drzwi-cal.pl\/en\/"},{"@type":"ListItem","position":2,"name":"Blog","item":"https:\/\/www.drzwi-cal.pl\/en\/blog\/"},{"@type":"ListItem","position":3,"name":"Jak stylowo zaaran\u017cowa\u0107 i ozdobi\u0107 drzwi wej\u015bciowe?"}]},{"@type":"WebSite","@id":"https:\/\/www.drzwi-cal.pl\/en\/#website","url":"https:\/\/www.drzwi-cal.pl\/en\/","name":"Drzwi zewn\u0119trzne i wewn\u0119trzne premium","description":"Wybierz tylko kolor i model swoich drzwi zewn\u0119trznych CAL, bo ciep\u0142o i bezpiecze\u0144stwo masz zawsze w cenie! Dobierz pasuj\u0105ce drewniane drzwi wewn\u0119trzne CAL.","publisher":{"@id":"https:\/\/www.drzwi-cal.pl\/en\/#organization"},"potentialAction":[{"@type":"SearchAction","target":{"@type":"EntryPoint","urlTemplate":"https:\/\/www.drzwi-cal.pl\/en\/?s={search_term_string}"},"query-input":{"@type":"PropertyValueSpecification","valueRequired":true,"valueName":"search_term_string"}}],"inLanguage":"en-US"},{"@type":"Organization","@id":"https:\/\/www.drzwi-cal.pl\/en\/#organization","name":"Drzwi CAL","alternateName":"Prawdziwe drzwi CAL","url":"https:\/\/www.drzwi-cal.pl\/en\/","logo":{"@type":"ImageObject","inLanguage":"en-US","@id":"https:\/\/www.drzwi-cal.pl\/en\/#\/schema\/logo\/image\/","url":"https:\/\/www.drzwi-cal.pl\/wp-content\/uploads\/2018\/08\/CAL.jpg","contentUrl":"https:\/\/www.drzwi-cal.pl\/wp-content\/uploads\/2018\/08\/CAL.jpg","width":1667,"height":750,"caption":"Drzwi CAL"},"image":{"@id":"https:\/\/www.drzwi-cal.pl\/en\/#\/schema\/logo\/image\/"},"sameAs":["https:\/\/www.facebook.com\/drzwical\/","https:\/\/www.instagram.com\/drzwical\/","https:\/\/www.linkedin.com\/company\/drzwi-cal","https:\/\/www.youtube.com\/user\/drzwical\/"]}]}},"_links":{"self":[{"href":"https:\/\/www.drzwi-cal.pl\/en\/wp-json\/wp\/v2\/blog\/4754","targetHints":{"allow":["GET"]}}],"collection":[{"href":"https:\/\/www.drzwi-cal.pl\/en\/wp-json\/wp\/v2\/blog"}],"about":[{"href":"https:\/\/www.drzwi-cal.pl\/en\/wp-json\/wp\/v2\/types\/dc_blog"}],"replies":[{"embeddable":true,"href":"https:\/\/www.drzwi-cal.pl\/en\/wp-json\/wp\/v2\/comments?post=4754"}],"version-history":[{"count":3,"href":"https:\/\/www.drzwi-cal.pl\/en\/wp-json\/wp\/v2\/blog\/4754\/revisions"}],"predecessor-version":[{"id":21459,"href":"https:\/\/www.drzwi-cal.pl\/en\/wp-json\/wp\/v2\/blog\/4754\/revisions\/21459"}],"wp:featuredmedia":[{"embeddable":true,"href":"https:\/\/www.drzwi-cal.pl\/en\/wp-json\/wp\/v2\/media\/4761"}],"wp:attachment":[{"href":"https:\/\/www.drzwi-cal.pl\/en\/wp-json\/wp\/v2\/media?parent=4754"}],"curies":[{"name":"wp","href":"https:\/\/api.w.org\/{rel}","templated":true}]}}