{"id":4897,"date":"2019-01-11T16:19:35","date_gmt":"2019-01-11T15:19:35","guid":{"rendered":"https:\/\/www.drzwi-cal.pl\/?post_type=dc_blog&#038;p=4897"},"modified":"2026-04-08T22:17:50","modified_gmt":"2026-04-08T20:17:50","slug":"doplata-do-wymiany-drzwi-i-mniej-smogu","status":"publish","type":"dc_blog","link":"https:\/\/www.drzwi-cal.pl\/en\/blog\/doplata-do-wymiany-drzwi-i-mniej-smogu\/","title":{"rendered":"Termomodernizacja czyli dop\u0142ata do wymiany drzwi"},"content":{"rendered":"<div id=\"attachment_4902\" style=\"width: 810px\" class=\"wp-caption aligncenter\"><img fetchpriority=\"high\" decoding=\"async\" width=\"1024\" height=\"523\" aria-describedby=\"caption-attachment-4902\" class=\"wp-image-4902\" src=\"https:\/\/www.drzwi-cal.pl\/wp-content\/uploads\/2019\/01\/czyste-powietrze-dofinansowanie-1-1024x523.jpg\" alt=\"<a href=\"https:\/\/www.drzwi-cal.pl\/en\/blog\/czym-jest-termomodernizacja-budynku-i-dlaczego-warto-ja-przeprowadzic\/\"><p id=\"caption-attachment-4902\" class=\"wp-caption-text\">termomodernizacja<\/a> czyste powietrze dofinansowanie&#8221; width=&#8221;800&#8243; height=&#8221;409&#8243; \/> Smog truje nas i nasze dzieci. Walczy\u0107 z nim mo\u017cesz montuj\u0105c ciep\u0142e, energooszcz\u0119dne <a href=\"\/drzwi-zewnetrzne\/\">drzwi zewn\u0119trzne<\/a> CAL. Termomodernizacja jest teraz mo\u017cliwa tak\u017ce dzi\u0119ki dofinansowaniu w ramach programu \u201eCzyste powietrze\u201d.<\/p><\/div>\n<h2>Nawet 60% zwrotu koszt\u00f3w drzwi zewn\u0119trznych &#8211; termomodernizacja<\/h2>\n<p>\u201eCzyste powietrze\u201d to program, w ramach kt\u00f3rego mo\u017cna otrzyma\u0107 dofinansowanie nie tylko na wymian\u0119 starego pieca na nowoczesny kocio\u0142, ale tak\u017ce na zakup ciep\u0142ych drzwi wej\u015bciowych do domu czy okien. To termomodernizacja! Jako konsumenci mo\u017cemy cieszy\u0107 si\u0119 nowymi drzwiami i mniejszymi rachunkami za ogrzewanie. I jednocze\u015bnie przyczyni\u0107 si\u0119 do zmniejszenia smogu w naszym otoczeniu.<\/p>\n<p>Dobr\u0105 wiadomo\u015bci\u0105 jest to, \u017ce nab\u00f3r wniosk\u00f3w o dofinansowanie odbywa si\u0119 w trybie ci\u0105g\u0142ym, a zwrot, kt\u00f3ry mo\u017cemy otrzyma\u0107, to nawet <strong>60% kosztu poniesionego na zakup nowych drzwi wej\u015bciowych<\/strong>. Wnioski w formie elektronicznej mo\u017cemy sk\u0142ada\u0107 do wojew\u00f3dzkich funduszy ochrony \u015brodowiska i gospodarki wodnej bezterminowo ju\u017c od wrze\u015bnia 2018 roku. Najwa\u017cniejsze informacje:<\/p>\n<ul>\n<li>Nab\u00f3r wniosk\u00f3w o dop\u0142aty w programie \u201eCzyste powietrze\u201d ruszy\u0142\u00a019 wrze\u015bnia i\u00a0potrwa do 31 grudnia 2027 roku.<\/li>\n<li>Aby ubiega\u0107 si\u0119 o dofinansowanie nale\u017cy z\u0142o\u017cy\u0107 wniosek w formie elektronicznej lub papierowej.<\/li>\n<li>W ramach pojedynczej inwestycji mo\u017cna uzyska\u0107 zwrot cz\u0119\u015bci koszt\u00f3w, je\u015bli nie przekraczaj\u0105 kwoty 53 tys. z\u0142otych. Je\u015bli kosz prac jest wy\u017cszy \u2013 mo\u017cna ubiega\u0107 si\u0119 o po\u017cyczk\u0119.<\/li>\n<li>zwrot koszt\u00f3w mog\u0105 ubiega\u0107 si\u0119 w\u0142a\u015bciciele i wsp\u00f3\u0142w\u0142a\u015bciciele ju\u017c\u00a0istniej\u0105cych dom\u00f3w\u00a0jednorodzinnych oraz osoby posiadaj\u0105ce zgod\u0119 na rozpocz\u0119cie budowy\u00a0nowego budynku\u00a0jednorodzinnego.<\/li>\n<li>Minimalny koszt inwestycji\u00a0umo\u017cliwiaj\u0105cy wnioskowanie o dop\u0142aty to\u00a07 tysi\u0119cy z\u0142otych, a konkretna wysoko\u015b\u0107 b\u0119dzie uzale\u017cniona od dochodu na osob\u0119 w gospodarstwie domowym.<\/li>\n<li>Terminy rozpatrywania wniosk\u00f3w\u00a0w poszczeg\u00f3lnych wojew\u00f3dztwach, a tak\u017ce\u00a0spos\u00f3b wype\u0142nienia wniosku\u00a0mo\u017cna znale\u017a\u0107 na stronach internetowych poszczeg\u00f3lnych WFO\u015aiGW.<\/li>\n<\/ul>\n<h4 style=\"text-align: center;\">Szczeg\u00f3\u0142owe zasady przyznawania dofinansowanie znajdziecie <span style=\"color: #008000;\"><a style=\"color: #008000;\" href=\"https:\/\/portal.wfosigw.lodz.pl\/dokumenty\/30%20Zasady%20czyste%20powietrze_070918bz.pdf\" target=\"_blank\" rel=\"noopener noreferrer\">TUTAJ<\/a><\/span>.<\/h4>\n<h2>Zyskaj dop\u0142at\u0119 na energooszcz\u0119dne drzwi zewn\u0119trzne CAL<\/h2>\n<p>Troska o jako\u015b\u0107 powietrza, kt\u00f3rym oddychamy to bardzo gor\u0105cy temat w polskiej debacie publicznej. Polacy inwestuj\u0105 w docieplanie budynk\u00f3w m.in. poprzez monta\u017c nowych pasywnych drzwi wej\u015bciowych do domu. Za takie uznawane s\u0105 drzwi posiadaj\u0105ce odpowiednio niski wsp\u00f3\u0142czynnik przenikania ciep\u0142a U<sub>d<\/sub>, np. <span style=\"color: #008000;\"><a style=\"color: #008000;\" href=\"\/?dc_kolekcje_z=arktyczna\" target=\"_blank\" rel=\"noopener noreferrer\">drzwi zewn\u0119trzne CAL z Kolekcji Arktycznej<\/a><\/span> o U<sub>d<\/sub> r\u00f3wnym nawet 0,58 W\/M<sup>2<\/sup>K. To jedne z najcieplejszych drzwi dost\u0119pnych na rynku. Pozwalaj\u0105 zmniejszy\u0107 ilo\u015b\u0107 energii potrzebnego do ogrzania domu z jednej strony, oraz utrzymuj\u0105 ciep\u0142o wewn\u0105trz pomieszcze\u0144 z drugiej. Termomodernizacja to nie tylko chwilowy zysk w postaci dop\u0142aty w programie &#8220;Czyste powietrze&#8221;. Instaluj\u0105c takie drzwi wewn\u0119trzne zyskujesz ciep\u0142y i przytulny dom, a do tego oszcz\u0119dzasz.<\/p>\n<div id=\"attachment_4904\" style=\"width: 810px\" class=\"wp-caption aligncenter\"><img decoding=\"async\" aria-describedby=\"caption-attachment-4904\" class=\"wp-image-4904\" src=\"https:\/\/www.drzwi-cal.pl\/wp-content\/uploads\/2019\/01\/ciep\u0142e-drzwi-zewn\u0119trzne-CAL-1-1024x600.png\" alt=\"\" width=\"800\" height=\"469\" srcset=\"https:\/\/www.drzwi-cal.pl\/wp-content\/uploads\/2019\/01\/ciep\u0142e-drzwi-zewn\u0119trzne-CAL-1-1024x600.png 1024w, https:\/\/www.drzwi-cal.pl\/wp-content\/uploads\/2019\/01\/ciep\u0142e-drzwi-zewn\u0119trzne-CAL-1-150x88.png 150w, https:\/\/www.drzwi-cal.pl\/wp-content\/uploads\/2019\/01\/ciep\u0142e-drzwi-zewn\u0119trzne-CAL-1-300x176.png 300w, https:\/\/www.drzwi-cal.pl\/wp-content\/uploads\/2019\/01\/ciep\u0142e-drzwi-zewn\u0119trzne-CAL-1-768x450.png 768w, https:\/\/www.drzwi-cal.pl\/wp-content\/uploads\/2019\/01\/ciep\u0142e-drzwi-zewn\u0119trzne-CAL-1-960x563.png 960w, https:\/\/www.drzwi-cal.pl\/wp-content\/uploads\/2019\/01\/ciep\u0142e-drzwi-zewn\u0119trzne-CAL-1-640x375.png 640w, https:\/\/www.drzwi-cal.pl\/wp-content\/uploads\/2019\/01\/ciep\u0142e-drzwi-zewn\u0119trzne-CAL-1-204x120.png 204w, https:\/\/www.drzwi-cal.pl\/wp-content\/uploads\/2019\/01\/ciep\u0142e-drzwi-zewn\u0119trzne-CAL-1-25x15.png 25w, https:\/\/www.drzwi-cal.pl\/wp-content\/uploads\/2019\/01\/ciep\u0142e-drzwi-zewn\u0119trzne-CAL-1.png 1080w\" sizes=\"(max-width: 800px) 100vw, 800px\" \/><p id=\"caption-attachment-4904\" class=\"wp-caption-text\">Czy wiedzia\u0142e\u015b, \u017ce drzwi zewn\u0119trzne CAL z Kolekcji Arktycznej to jedne z najcieplejszych drzwi na rynku? CAL to jedyny polski producent drzwi drewnianych b\u0119d\u0105cy Ambasadorem Budownictwa Pasywnego.<\/p><\/div>\n<h2>Ciep\u0142e drzwi zewn\u0119trzne wp\u0142ywaj\u0105 na popraw\u0119 powietrza &#8211; termomodernizacja dla klimatu!<\/h2>\n<p>Dlaczego warto postawi\u0107 na ciep\u0142e drzwi zewn\u0119trzne? Analizuj\u0105c to, jak funkcjonuje ca\u0142y system energetyczny odpowiedzialny za dostarczania ciep\u0142a do dom\u00f3w, szybko zorientujesz si\u0119, jak wa\u017cne s\u0105 dzia\u0142ania podejmowane przez w\u0142a\u015bcicieli domu w zakresie rozwi\u0105za\u0144 termoizolacyjnych, w tym stolarki drzwiowej. Im cieplejsze i bardziej szczelne drzwi chroni\u0105 wej\u015bcia do Twojego domu, tym mniej energii cieplnej potrzebujesz do jego ogrzania. Ma to znaczenie zw\u0142aszcza w okresie jesienno-zimowym, kiedy pojawia si\u0119 problem smogu. Smog to dym i spaliny, kt\u00f3re przenikaj\u0105 do powietrza podczas spalania np. w\u0119gla.<\/p>\n<p>Smog jest powa\u017cnym problemem w Polsce, gdzie wci\u0105\u017c wiele os\u00f3b stosuje stare piece, tzw. kopciuchy, o bardzo wysokiej emisji spalin. Smog sieje spustoszenia w naszych organizmach powoduj\u0105c lub przyczyniaj\u0105c si\u0119 do wielu chor\u00f3b, np. zapalenia p\u0142uc, oskrzeli, astmy, mia\u017cd\u017cycy, schorze\u0144 w\u0105troby oraz rozwoju nowotwor\u00f3w. Termoizolacja domu poprzez docieplenie \u015bcian oraz zamontowanie ciep\u0142ych okien i drzwi wej\u015bciowych znacz\u0105co przyczynia si\u0119 do ograniczenia smogu w naszym otoczeniu.<\/p>\n<h2>Walcz\u0105c ze smogiem zyskujesz pieni\u0105dze i ciep\u0142y dom<\/h2>\n<p>Montuj\u0105c drzwi zewn\u0119trzne CAL szybko odczujesz korzy\u015bci na w\u0142asnej sk\u00f3rze i w portfelu. Certyfikowane zgodne z norm\u0105 NF40 energooszcz\u0119dne drzwi zewn\u0119trzne CAL to ciep\u0142e pomieszczenia, doskona\u0142a szczelno\u015b\u0107 dzi\u0119ki obwiedniowemu systemowi uszczelek oraz realna oszcz\u0119dno\u015b\u0107 na ogrzewaniu (np. drzwi z <span style=\"color: #008000;\"><a style=\"color: #008000;\" href=\"https:\/\/www.drzwi-cal.pl\/en\/drzwi-zewnetrzne-kolekcje\/alutherm-collection\/\" target=\"_blank\" rel=\"noopener noreferrer\">Kolekcji AluTherm<\/a><\/span>). Firma CAL skrupulatnie przestrzega re\u017cim\u00f3w technologicznych i konstrukcyjnych na ka\u017cdym etapie produkcji, r\u00f3wnie mocno dbaj\u0105c o najwy\u017csz\u0105 jako\u015b\u0107 drewna, z kt\u00f3rego wykonuje swoje produkty.<\/p>\n<p>Drzwi CAL powstaj\u0105 zgodnie z filozofi\u0105 spo\u0142ecznej odpowiedzialno\u015bci biznesu. Wyrazem tego jest coroczna akcja \u201eDrzewo za drzwi\u201d, w ramach kt\u00f3rej pracownicy sadz\u0105 setki drzew i odp\u0142acaj\u0105 naturze tym samym dobrem, kt\u00f3re od niej dostaj\u0105. Do tej pory w ramach akcji odsadzono ju\u017c ponad 30 tys. drzew przyczyniaj\u0105c si\u0119 do rekonstrukcji zasob\u00f3w le\u015bnych. To jeszcze czystsze powietrze!<\/p>\n<p>&nbsp;<\/p>\n","protected":false},"featured_media":4902,"comment_status":"closed","ping_status":"closed","template":"","meta":[],"class_list":["post-4897","dc_blog","type-dc_blog","status-publish","has-post-thumbnail","hentry","dc_blog_tagi-ekologia","dc_blog_tagi-budowa-domu"],"acf":[],"yoast_head":"<!-- This site is optimized with the Yoast SEO plugin v26.5 - https:\/\/yoast.com\/wordpress\/plugins\/seo\/ -->\n<title>Termomodernizacja czyli dop\u0142ata do wymiany drzwi - Drzwi zewn\u0119trzne i wewn\u0119trzne premium<\/title>\n<meta name=\"description\" content=\"Termomodernizacja w programie &quot;Czyste Powietrze&quot; to nie tylko chwilowa korzy\u015b\u0107 z dop\u0142aty - to realne oszcz\u0119dno\u015bci i zdrowie Twoich dzieci!\" \/>\n<meta name=\"robots\" content=\"index, follow, max-snippet:-1, max-image-preview:large, max-video-preview:-1\" \/>\n<link rel=\"canonical\" href=\"https:\/\/www.drzwi-cal.pl\/en\/blog\/doplata-do-wymiany-drzwi-i-mniej-smogu\/\" \/>\n<meta property=\"og:locale\" content=\"en_US\" \/>\n<meta property=\"og:type\" content=\"article\" \/>\n<meta property=\"og:title\" content=\"Termomodernizacja czyli dop\u0142ata do wymiany drzwi - Drzwi zewn\u0119trzne i wewn\u0119trzne premium\" \/>\n<meta property=\"og:description\" content=\"Termomodernizacja w programie &quot;Czyste Powietrze&quot; to nie tylko chwilowa korzy\u015b\u0107 z dop\u0142aty - to realne oszcz\u0119dno\u015bci i zdrowie Twoich dzieci!\" \/>\n<meta property=\"og:url\" content=\"https:\/\/www.drzwi-cal.pl\/en\/blog\/doplata-do-wymiany-drzwi-i-mniej-smogu\/\" \/>\n<meta property=\"og:site_name\" content=\"Drzwi zewn\u0119trzne i wewn\u0119trzne premium\" \/>\n<meta property=\"article:publisher\" content=\"https:\/\/www.facebook.com\/drzwical\/\" \/>\n<meta property=\"article:modified_time\" content=\"2026-04-08T20:17:50+00:00\" \/>\n<meta property=\"og:image\" content=\"https:\/\/www.drzwi-cal.pl\/wp-content\/uploads\/2019\/01\/czyste-powietrze-dofinansowanie-1-e1556190783161.jpg\" \/>\n\t<meta property=\"og:image:width\" content=\"2500\" \/>\n\t<meta property=\"og:image:height\" content=\"1277\" \/>\n\t<meta property=\"og:image:type\" content=\"image\/jpeg\" \/>\n<meta name=\"twitter:card\" content=\"summary_large_image\" \/>\n<meta name=\"twitter:label1\" content=\"Est. reading time\" \/>\n\t<meta name=\"twitter:data1\" content=\"4 minutes\" \/>\n<script type=\"application\/ld+json\" class=\"yoast-schema-graph\">{\"@context\":\"https:\/\/schema.org\",\"@graph\":[{\"@type\":\"WebPage\",\"@id\":\"https:\/\/www.drzwi-cal.pl\/en\/blog\/doplata-do-wymiany-drzwi-i-mniej-smogu\/\",\"url\":\"https:\/\/www.drzwi-cal.pl\/en\/blog\/doplata-do-wymiany-drzwi-i-mniej-smogu\/\",\"name\":\"Termomodernizacja czyli dop\u0142ata do wymiany drzwi - Drzwi zewn\u0119trzne i wewn\u0119trzne premium\",\"isPartOf\":{\"@id\":\"https:\/\/www.drzwi-cal.pl\/en\/#website\"},\"primaryImageOfPage\":{\"@id\":\"https:\/\/www.drzwi-cal.pl\/en\/blog\/doplata-do-wymiany-drzwi-i-mniej-smogu\/#primaryimage\"},\"image\":{\"@id\":\"https:\/\/www.drzwi-cal.pl\/en\/blog\/doplata-do-wymiany-drzwi-i-mniej-smogu\/#primaryimage\"},\"thumbnailUrl\":\"https:\/\/www.drzwi-cal.pl\/wp-content\/uploads\/2019\/01\/czyste-powietrze-dofinansowanie-1-e1556190783161.jpg\",\"datePublished\":\"2019-01-11T15:19:35+00:00\",\"dateModified\":\"2026-04-08T20:17:50+00:00\",\"description\":\"Termomodernizacja w programie \\\"Czyste Powietrze\\\" to nie tylko chwilowa korzy\u015b\u0107 z dop\u0142aty - to realne oszcz\u0119dno\u015bci i zdrowie Twoich dzieci!\",\"breadcrumb\":{\"@id\":\"https:\/\/www.drzwi-cal.pl\/en\/blog\/doplata-do-wymiany-drzwi-i-mniej-smogu\/#breadcrumb\"},\"inLanguage\":\"en-US\",\"potentialAction\":[{\"@type\":\"ReadAction\",\"target\":[\"https:\/\/www.drzwi-cal.pl\/en\/blog\/doplata-do-wymiany-drzwi-i-mniej-smogu\/\"]}]},{\"@type\":\"ImageObject\",\"inLanguage\":\"en-US\",\"@id\":\"https:\/\/www.drzwi-cal.pl\/en\/blog\/doplata-do-wymiany-drzwi-i-mniej-smogu\/#primaryimage\",\"url\":\"https:\/\/www.drzwi-cal.pl\/wp-content\/uploads\/2019\/01\/czyste-powietrze-dofinansowanie-1-e1556190783161.jpg\",\"contentUrl\":\"https:\/\/www.drzwi-cal.pl\/wp-content\/uploads\/2019\/01\/czyste-powietrze-dofinansowanie-1-e1556190783161.jpg\",\"width\":2500,\"height\":1277,\"caption\":\"Smog truje nas i nasze dzieci. Walczy\u0107 z nim mo\u017cesz montuj\u0105c ciep\u0142e, energooszcz\u0119dne drzwi zewn\u0119trzne CAL \u2013 teraz tak\u017ce dzi\u0119ki dofinansowaniu w ramach programu \u201eCzyste powietrze\u201d.\"},{\"@type\":\"BreadcrumbList\",\"@id\":\"https:\/\/www.drzwi-cal.pl\/en\/blog\/doplata-do-wymiany-drzwi-i-mniej-smogu\/#breadcrumb\",\"itemListElement\":[{\"@type\":\"ListItem\",\"position\":1,\"name\":\"CAL prawdziwe drzwi\",\"item\":\"https:\/\/www.drzwi-cal.pl\/en\/\"},{\"@type\":\"ListItem\",\"position\":2,\"name\":\"Blog\",\"item\":\"https:\/\/www.drzwi-cal.pl\/en\/blog\/\"},{\"@type\":\"ListItem\",\"position\":3,\"name\":\"Termomodernizacja czyli dop\u0142ata do wymiany drzwi\"}]},{\"@type\":\"WebSite\",\"@id\":\"https:\/\/www.drzwi-cal.pl\/en\/#website\",\"url\":\"https:\/\/www.drzwi-cal.pl\/en\/\",\"name\":\"Drzwi zewn\u0119trzne i wewn\u0119trzne premium\",\"description\":\"Wybierz tylko kolor i model swoich drzwi zewn\u0119trznych CAL, bo ciep\u0142o i bezpiecze\u0144stwo masz zawsze w cenie! Dobierz pasuj\u0105ce drewniane drzwi wewn\u0119trzne CAL.\",\"publisher\":{\"@id\":\"https:\/\/www.drzwi-cal.pl\/en\/#organization\"},\"potentialAction\":[{\"@type\":\"SearchAction\",\"target\":{\"@type\":\"EntryPoint\",\"urlTemplate\":\"https:\/\/www.drzwi-cal.pl\/en\/?s={search_term_string}\"},\"query-input\":{\"@type\":\"PropertyValueSpecification\",\"valueRequired\":true,\"valueName\":\"search_term_string\"}}],\"inLanguage\":\"en-US\"},{\"@type\":\"Organization\",\"@id\":\"https:\/\/www.drzwi-cal.pl\/en\/#organization\",\"name\":\"Drzwi CAL\",\"alternateName\":\"Prawdziwe drzwi CAL\",\"url\":\"https:\/\/www.drzwi-cal.pl\/en\/\",\"logo\":{\"@type\":\"ImageObject\",\"inLanguage\":\"en-US\",\"@id\":\"https:\/\/www.drzwi-cal.pl\/en\/#\/schema\/logo\/image\/\",\"url\":\"https:\/\/www.drzwi-cal.pl\/wp-content\/uploads\/2018\/08\/CAL.jpg\",\"contentUrl\":\"https:\/\/www.drzwi-cal.pl\/wp-content\/uploads\/2018\/08\/CAL.jpg\",\"width\":1667,\"height\":750,\"caption\":\"Drzwi CAL\"},\"image\":{\"@id\":\"https:\/\/www.drzwi-cal.pl\/en\/#\/schema\/logo\/image\/\"},\"sameAs\":[\"https:\/\/www.facebook.com\/drzwical\/\",\"https:\/\/www.instagram.com\/drzwical\/\",\"https:\/\/www.linkedin.com\/company\/drzwi-cal\",\"https:\/\/www.youtube.com\/user\/drzwical\/\"]}]}<\/script>\n<!-- \/ Yoast SEO plugin. -->","yoast_head_json":{"title":"Termomodernizacja czyli dop\u0142ata do wymiany drzwi - Drzwi zewn\u0119trzne i wewn\u0119trzne premium","description":"Termomodernizacja w programie \"Czyste Powietrze\" to nie tylko chwilowa korzy\u015b\u0107 z dop\u0142aty - to realne oszcz\u0119dno\u015bci i zdrowie Twoich dzieci!","robots":{"index":"index","follow":"follow","max-snippet":"max-snippet:-1","max-image-preview":"max-image-preview:large","max-video-preview":"max-video-preview:-1"},"canonical":"https:\/\/www.drzwi-cal.pl\/en\/blog\/doplata-do-wymiany-drzwi-i-mniej-smogu\/","og_locale":"en_US","og_type":"article","og_title":"Termomodernizacja czyli dop\u0142ata do wymiany drzwi - Drzwi zewn\u0119trzne i wewn\u0119trzne premium","og_description":"Termomodernizacja w programie \"Czyste Powietrze\" to nie tylko chwilowa korzy\u015b\u0107 z dop\u0142aty - to realne oszcz\u0119dno\u015bci i zdrowie Twoich dzieci!","og_url":"https:\/\/www.drzwi-cal.pl\/en\/blog\/doplata-do-wymiany-drzwi-i-mniej-smogu\/","og_site_name":"Drzwi zewn\u0119trzne i wewn\u0119trzne premium","article_publisher":"https:\/\/www.facebook.com\/drzwical\/","article_modified_time":"2026-04-08T20:17:50+00:00","og_image":[{"width":2500,"height":1277,"url":"https:\/\/www.drzwi-cal.pl\/wp-content\/uploads\/2019\/01\/czyste-powietrze-dofinansowanie-1-e1556190783161.jpg","type":"image\/jpeg"}],"twitter_card":"summary_large_image","twitter_misc":{"Est. reading time":"4 minutes"},"schema":{"@context":"https:\/\/schema.org","@graph":[{"@type":"WebPage","@id":"https:\/\/www.drzwi-cal.pl\/en\/blog\/doplata-do-wymiany-drzwi-i-mniej-smogu\/","url":"https:\/\/www.drzwi-cal.pl\/en\/blog\/doplata-do-wymiany-drzwi-i-mniej-smogu\/","name":"Termomodernizacja czyli dop\u0142ata do wymiany drzwi - Drzwi zewn\u0119trzne i wewn\u0119trzne premium","isPartOf":{"@id":"https:\/\/www.drzwi-cal.pl\/en\/#website"},"primaryImageOfPage":{"@id":"https:\/\/www.drzwi-cal.pl\/en\/blog\/doplata-do-wymiany-drzwi-i-mniej-smogu\/#primaryimage"},"image":{"@id":"https:\/\/www.drzwi-cal.pl\/en\/blog\/doplata-do-wymiany-drzwi-i-mniej-smogu\/#primaryimage"},"thumbnailUrl":"https:\/\/www.drzwi-cal.pl\/wp-content\/uploads\/2019\/01\/czyste-powietrze-dofinansowanie-1-e1556190783161.jpg","datePublished":"2019-01-11T15:19:35+00:00","dateModified":"2026-04-08T20:17:50+00:00","description":"Termomodernizacja w programie \"Czyste Powietrze\" to nie tylko chwilowa korzy\u015b\u0107 z dop\u0142aty - to realne oszcz\u0119dno\u015bci i zdrowie Twoich dzieci!","breadcrumb":{"@id":"https:\/\/www.drzwi-cal.pl\/en\/blog\/doplata-do-wymiany-drzwi-i-mniej-smogu\/#breadcrumb"},"inLanguage":"en-US","potentialAction":[{"@type":"ReadAction","target":["https:\/\/www.drzwi-cal.pl\/en\/blog\/doplata-do-wymiany-drzwi-i-mniej-smogu\/"]}]},{"@type":"ImageObject","inLanguage":"en-US","@id":"https:\/\/www.drzwi-cal.pl\/en\/blog\/doplata-do-wymiany-drzwi-i-mniej-smogu\/#primaryimage","url":"https:\/\/www.drzwi-cal.pl\/wp-content\/uploads\/2019\/01\/czyste-powietrze-dofinansowanie-1-e1556190783161.jpg","contentUrl":"https:\/\/www.drzwi-cal.pl\/wp-content\/uploads\/2019\/01\/czyste-powietrze-dofinansowanie-1-e1556190783161.jpg","width":2500,"height":1277,"caption":"Smog truje nas i nasze dzieci. Walczy\u0107 z nim mo\u017cesz montuj\u0105c ciep\u0142e, energooszcz\u0119dne drzwi zewn\u0119trzne CAL \u2013 teraz tak\u017ce dzi\u0119ki dofinansowaniu w ramach programu \u201eCzyste powietrze\u201d."},{"@type":"BreadcrumbList","@id":"https:\/\/www.drzwi-cal.pl\/en\/blog\/doplata-do-wymiany-drzwi-i-mniej-smogu\/#breadcrumb","itemListElement":[{"@type":"ListItem","position":1,"name":"CAL prawdziwe drzwi","item":"https:\/\/www.drzwi-cal.pl\/en\/"},{"@type":"ListItem","position":2,"name":"Blog","item":"https:\/\/www.drzwi-cal.pl\/en\/blog\/"},{"@type":"ListItem","position":3,"name":"Termomodernizacja czyli dop\u0142ata do wymiany drzwi"}]},{"@type":"WebSite","@id":"https:\/\/www.drzwi-cal.pl\/en\/#website","url":"https:\/\/www.drzwi-cal.pl\/en\/","name":"Drzwi zewn\u0119trzne i wewn\u0119trzne premium","description":"Wybierz tylko kolor i model swoich drzwi zewn\u0119trznych CAL, bo ciep\u0142o i bezpiecze\u0144stwo masz zawsze w cenie! Dobierz pasuj\u0105ce drewniane drzwi wewn\u0119trzne CAL.","publisher":{"@id":"https:\/\/www.drzwi-cal.pl\/en\/#organization"},"potentialAction":[{"@type":"SearchAction","target":{"@type":"EntryPoint","urlTemplate":"https:\/\/www.drzwi-cal.pl\/en\/?s={search_term_string}"},"query-input":{"@type":"PropertyValueSpecification","valueRequired":true,"valueName":"search_term_string"}}],"inLanguage":"en-US"},{"@type":"Organization","@id":"https:\/\/www.drzwi-cal.pl\/en\/#organization","name":"Drzwi CAL","alternateName":"Prawdziwe drzwi CAL","url":"https:\/\/www.drzwi-cal.pl\/en\/","logo":{"@type":"ImageObject","inLanguage":"en-US","@id":"https:\/\/www.drzwi-cal.pl\/en\/#\/schema\/logo\/image\/","url":"https:\/\/www.drzwi-cal.pl\/wp-content\/uploads\/2018\/08\/CAL.jpg","contentUrl":"https:\/\/www.drzwi-cal.pl\/wp-content\/uploads\/2018\/08\/CAL.jpg","width":1667,"height":750,"caption":"Drzwi CAL"},"image":{"@id":"https:\/\/www.drzwi-cal.pl\/en\/#\/schema\/logo\/image\/"},"sameAs":["https:\/\/www.facebook.com\/drzwical\/","https:\/\/www.instagram.com\/drzwical\/","https:\/\/www.linkedin.com\/company\/drzwi-cal","https:\/\/www.youtube.com\/user\/drzwical\/"]}]}},"_links":{"self":[{"href":"https:\/\/www.drzwi-cal.pl\/en\/wp-json\/wp\/v2\/blog\/4897","targetHints":{"allow":["GET"]}}],"collection":[{"href":"https:\/\/www.drzwi-cal.pl\/en\/wp-json\/wp\/v2\/blog"}],"about":[{"href":"https:\/\/www.drzwi-cal.pl\/en\/wp-json\/wp\/v2\/types\/dc_blog"}],"replies":[{"embeddable":true,"href":"https:\/\/www.drzwi-cal.pl\/en\/wp-json\/wp\/v2\/comments?post=4897"}],"version-history":[{"count":2,"href":"https:\/\/www.drzwi-cal.pl\/en\/wp-json\/wp\/v2\/blog\/4897\/revisions"}],"predecessor-version":[{"id":23607,"href":"https:\/\/www.drzwi-cal.pl\/en\/wp-json\/wp\/v2\/blog\/4897\/revisions\/23607"}],"wp:featuredmedia":[{"embeddable":true,"href":"https:\/\/www.drzwi-cal.pl\/en\/wp-json\/wp\/v2\/media\/4902"}],"wp:attachment":[{"href":"https:\/\/www.drzwi-cal.pl\/en\/wp-json\/wp\/v2\/media?parent=4897"}],"curies":[{"name":"wp","href":"https:\/\/api.w.org\/{rel}","templated":true}]}}