{"id":4918,"date":"2019-01-29T11:00:34","date_gmt":"2019-01-29T10:00:34","guid":{"rendered":"https:\/\/www.drzwi-cal.pl\/?post_type=dc_blog&#038;p=4918"},"modified":"2020-06-09T09:54:30","modified_gmt":"2020-06-09T07:54:30","slug":"drzwi-w-kolorze-roku-pantone-teraz-to-mozliwe","status":"publish","type":"dc_blog","link":"https:\/\/www.drzwi-cal.pl\/en\/blog\/drzwi-w-kolorze-roku-pantone-teraz-to-mozliwe\/","title":{"rendered":"Drzwi w kolorze roku Pantone? Teraz to mo\u017cliwe!"},"content":{"rendered":"<p>Id\u0105c tym tropem dochodzimy do sfery wn\u0119trzarskiej. Czy tu tak\u017ce dotar\u0142 kolor roku Pantone? Ale\u017c oczywi\u015bcie! Ma sw\u00f3j udzia\u0142 w stylistyce drobnych dodatk\u00f3w, akcesori\u00f3w i sprz\u0119t\u00f3w kuchennych, a tak\u017ce mebli i co najciekawsze \u2013 drzwi. Podoba Ci si\u0119 tegoroczny kolor wybrany przez firm\u0119 Pantone? Mo\u017cesz go mie\u0107 na swoich drzwiach.<\/p>\n<h2>Czym charakteryzuje si\u0119 kolor roku 2019 Pantone?<\/h2>\n<p>Kolor roku 2019 przedstawiony przez firm\u0119 Pantone to Living Coral, czyli \u017cywy, nasycony odcie\u0144 pomara\u0144czowego. M\u00f3wi si\u0119 o nim, \u017ce jest energetyzuj\u0105cy i o\u017cywiaj\u0105cy, o towarzyskim charakterze. Sk\u0105d ten wyb\u00f3r? Ot\u00f3\u017c jest on reakcj\u0105 na dzisiejszy wp\u0142yw na nas medi\u00f3w spo\u0142eczno\u015bciowych, kt\u00f3ry jest tak du\u017cy, \u017ce brak nam prawdziwych, autentycznych kontakt\u00f3w mi\u0119dzyludzkich, poza ekranami komputer\u00f3w i smartfon\u00f3w. I ma je w\u0142a\u015bnie symbolizowa\u0107 ten kolor. Afirmacja \u017cycia, ocieplenie relacji, optymizm \u2013 te cechy najlepiej odzwierciedlaj\u0105 charakter tego odcienia, kt\u00f3ry jest zupe\u0142nym przeciwie\u0144stwem ubieg\u0142orocznego wyboru, czyli Ultra Violet.<\/p>\n<h2>Drzwi w wymarzonym kolorze \u2013 paleta RAL<\/h2>\n<p>Czy wiesz, \u017ce kolor roku Pantone mo\u017ce zago\u015bci\u0107 tak\u017ce na Twoich drzwiach? Skoro tak wiele m\u00f3wi si\u0119 o otwarto\u015bci, blisko\u015bci i prawdziwych relacjach mi\u0119dzyludzkich w kontek\u015bcie koloru roku 2019, mo\u017ce b\u0119dzie to strza\u0142 w dziesi\u0105tk\u0119? To mo\u017cliwe dzi\u0119ki uniwersalnym systemom kolor\u00f3w RAL i NCS. S\u0105 to popularne w\u015br\u00f3d producent\u00f3w farb palety pozwalaj\u0105ce na dopasowywanie kolor\u00f3w do r\u00f3\u017cnych produkt\u00f3w, zar\u00f3wno samochod\u00f3w, mebli, jak r\u00f3wnie\u017c okien, a tak\u017ce drzwi.<\/p>\n<p>Chc\u0105c zam\u00f3wi\u0107 drzwi w kolorze Living Coral, ale r\u00f3wnie\u017c w ka\u017cdym innym, interesuj\u0105cym Ci\u0119 odcieniu, mo\u017cesz skorzysta\u0107 z oferty firmy CAL, produkuj\u0105cej drzwi zewn\u0119trzne oraz wewn\u0119trzne. Wyb\u00f3r jest niemal nieograniczony, mo\u017cesz decydowa\u0107 si\u0119 na jedn\u0105 z kilkuset barw dost\u0119pnych w <a href=\"https:\/\/www.drzwi-cal.pl\/en\/blog\/kolorowe-drzwi-paleta-ral\/\"><strong>palecie<\/strong> <strong>RAL<\/strong><\/a> albo NCS. Wed\u0142ug por\u00f3wnywarki kolor\u00f3w perbang.dk w palecie RAL najdok\u0142adniej, bo w 92% odwzorowuj\u0105 kolory \u201e\u0141oso\u015b pomara\u0144czowy\u201d RAL 2012 i \u201e\u0141oso\u015b r\u00f3\u017cowy\u201d RAL 3022. Jeszcze dok\u0142adniej, bo w 98% nasz idea\u0142 przedstawiaj\u0105 dwa r\u00f3\u017cowe kolory NCS S 0550 Y80R i NCS D 0550 Y90R.<\/p>\n<h2>Kolor roku Pantone a spo\u0142eczna odpowiedzialno\u015b\u0107 biznesu<\/h2>\n<p>Dzia\u0142alno\u015b\u0107 firmy CAL bardzo \u0142\u0105czy si\u0119 z tym, co stoi za ideologi\u0105 wyboru Living Coral na kolor roku 2019. Specjali\u015bci z Pantone tegoroczn\u0105 barw\u0105 zwracaj\u0105 uwag\u0119 na ochron\u0119 \u015brodowiska, kt\u00f3ra w ostatnich latach jest bardzo wa\u017cnym tematem spo\u0142eczno-politycznym. Celem jest wi\u0119ksza czujno\u015b\u0107 i uwaga podczas ka\u017cdego z podejmowanych dzia\u0142a\u0144, maj\u0105cych wp\u0142yw na nasz\u0105 planet\u0119, a tak\u017ce dzia\u0142anie na jej korzy\u015b\u0107. Dok\u0142adnie to stara si\u0119 robi\u0107 firma CAL, kt\u00f3ra promuje <a href=\"https:\/\/www.drzwi-cal.pl\/spoleczna-odpowiedzialnosc-2\/\"><strong>spo\u0142eczn\u0105<\/strong> <strong>odpowiedzialno\u015b\u0107<\/strong> <strong>biznesu<\/strong><\/a>. Polityka produkcji drzwi opiera si\u0119 tu na modelu \u201eDrzewo za drzwi\u201d, co oznacza, \u017ce w miejsce jednego \u015bci\u0119tego drzewa firma zasadza nawet dwie nowe sadzonki.<\/p>\n<h2>Odwa\u017c si\u0119 na zmiany<\/h2>\n<p>Nowy rok to doskona\u0142y czas na podejmowanie decyzji o zmianach w swoim \u017cyciu, ale r\u00f3wnie\u017c w\u2026 mieszkaniu. Je\u015bli chcesz, by zago\u015bci\u0142o w nim troch\u0119 kolor\u00f3w, skorzystaj z mo\u017cliwo\u015bci, jakie oferuje firma CAL. U\u017cyj do tego koloru roku 2019 Pantone lub si\u0119gnij do palety kolor\u00f3w RAL i wybierz takie drzwi, kt\u00f3re rozja\u015bni\u0105 Twoje cztery k\u0105ty i wprowadz\u0105 do wn\u0119trza nieco \u015bwie\u017co\u015bci.<\/p>\n","protected":false},"featured_media":4994,"comment_status":"open","ping_status":"closed","template":"","meta":[],"class_list":["post-4918","dc_blog","type-dc_blog","status-publish","has-post-thumbnail","hentry","dc_blog_tagi-top-rozwiazania"],"acf":[],"yoast_head":"<!-- This site is optimized with the Yoast SEO plugin v26.5 - https:\/\/yoast.com\/wordpress\/plugins\/seo\/ -->\n<title>Drzwi w kolorze roku Pantone? Teraz to mo\u017cliwe! - Drzwi zewn\u0119trzne i wewn\u0119trzne premium<\/title>\n<meta name=\"description\" content=\"Kolor roku Pantone w 2019 r. to Living Coral, nasycony odcie\u0144 pomara\u0144czowego. Dzi\u0119ki palecie RAL lub NCS i firmie CAL mo\u017ce on zago\u015bci\u0107 na Twoich drzwiach.\" \/>\n<meta name=\"robots\" content=\"index, follow, max-snippet:-1, max-image-preview:large, max-video-preview:-1\" \/>\n<link rel=\"canonical\" href=\"https:\/\/www.drzwi-cal.pl\/en\/blog\/drzwi-w-kolorze-roku-pantone-teraz-to-mozliwe\/\" \/>\n<meta property=\"og:locale\" content=\"en_US\" \/>\n<meta property=\"og:type\" content=\"article\" \/>\n<meta property=\"og:title\" content=\"Drzwi w kolorze roku Pantone? Teraz to mo\u017cliwe! - Drzwi zewn\u0119trzne i wewn\u0119trzne premium\" \/>\n<meta property=\"og:description\" content=\"Kolor roku Pantone w 2019 r. to Living Coral, nasycony odcie\u0144 pomara\u0144czowego. Dzi\u0119ki palecie RAL lub NCS i firmie CAL mo\u017ce on zago\u015bci\u0107 na Twoich drzwiach.\" \/>\n<meta property=\"og:url\" content=\"https:\/\/www.drzwi-cal.pl\/en\/blog\/drzwi-w-kolorze-roku-pantone-teraz-to-mozliwe\/\" \/>\n<meta property=\"og:site_name\" content=\"Drzwi zewn\u0119trzne i wewn\u0119trzne premium\" \/>\n<meta property=\"article:publisher\" content=\"https:\/\/www.facebook.com\/drzwical\/\" \/>\n<meta property=\"article:modified_time\" content=\"2020-06-09T07:54:30+00:00\" \/>\n<meta property=\"og:image\" content=\"https:\/\/www.drzwi-cal.pl\/wp-content\/uploads\/2019\/01\/Kolor-roku-Pantone.png\" \/>\n\t<meta property=\"og:image:width\" content=\"1920\" \/>\n\t<meta property=\"og:image:height\" content=\"440\" \/>\n\t<meta property=\"og:image:type\" content=\"image\/png\" \/>\n<meta name=\"twitter:card\" content=\"summary_large_image\" \/>\n<meta name=\"twitter:label1\" content=\"Est. reading time\" \/>\n\t<meta name=\"twitter:data1\" content=\"3 minutes\" \/>\n<script type=\"application\/ld+json\" class=\"yoast-schema-graph\">{\"@context\":\"https:\/\/schema.org\",\"@graph\":[{\"@type\":\"WebPage\",\"@id\":\"https:\/\/www.drzwi-cal.pl\/en\/blog\/drzwi-w-kolorze-roku-pantone-teraz-to-mozliwe\/\",\"url\":\"https:\/\/www.drzwi-cal.pl\/en\/blog\/drzwi-w-kolorze-roku-pantone-teraz-to-mozliwe\/\",\"name\":\"Drzwi w kolorze roku Pantone? Teraz to mo\u017cliwe! - Drzwi zewn\u0119trzne i wewn\u0119trzne premium\",\"isPartOf\":{\"@id\":\"https:\/\/www.drzwi-cal.pl\/en\/#website\"},\"primaryImageOfPage\":{\"@id\":\"https:\/\/www.drzwi-cal.pl\/en\/blog\/drzwi-w-kolorze-roku-pantone-teraz-to-mozliwe\/#primaryimage\"},\"image\":{\"@id\":\"https:\/\/www.drzwi-cal.pl\/en\/blog\/drzwi-w-kolorze-roku-pantone-teraz-to-mozliwe\/#primaryimage\"},\"thumbnailUrl\":\"https:\/\/www.drzwi-cal.pl\/wp-content\/uploads\/2019\/01\/Kolor-roku-Pantone.png\",\"datePublished\":\"2019-01-29T10:00:34+00:00\",\"dateModified\":\"2020-06-09T07:54:30+00:00\",\"description\":\"Kolor roku Pantone w 2019 r. to Living Coral, nasycony odcie\u0144 pomara\u0144czowego. Dzi\u0119ki palecie RAL lub NCS i firmie CAL mo\u017ce on zago\u015bci\u0107 na Twoich drzwiach.\",\"breadcrumb\":{\"@id\":\"https:\/\/www.drzwi-cal.pl\/en\/blog\/drzwi-w-kolorze-roku-pantone-teraz-to-mozliwe\/#breadcrumb\"},\"inLanguage\":\"en-US\",\"potentialAction\":[{\"@type\":\"ReadAction\",\"target\":[\"https:\/\/www.drzwi-cal.pl\/en\/blog\/drzwi-w-kolorze-roku-pantone-teraz-to-mozliwe\/\"]}]},{\"@type\":\"ImageObject\",\"inLanguage\":\"en-US\",\"@id\":\"https:\/\/www.drzwi-cal.pl\/en\/blog\/drzwi-w-kolorze-roku-pantone-teraz-to-mozliwe\/#primaryimage\",\"url\":\"https:\/\/www.drzwi-cal.pl\/wp-content\/uploads\/2019\/01\/Kolor-roku-Pantone.png\",\"contentUrl\":\"https:\/\/www.drzwi-cal.pl\/wp-content\/uploads\/2019\/01\/Kolor-roku-Pantone.png\",\"width\":1920,\"height\":440,\"caption\":\"Kolor roku Pantone\"},{\"@type\":\"BreadcrumbList\",\"@id\":\"https:\/\/www.drzwi-cal.pl\/en\/blog\/drzwi-w-kolorze-roku-pantone-teraz-to-mozliwe\/#breadcrumb\",\"itemListElement\":[{\"@type\":\"ListItem\",\"position\":1,\"name\":\"CAL prawdziwe drzwi\",\"item\":\"https:\/\/www.drzwi-cal.pl\/en\/\"},{\"@type\":\"ListItem\",\"position\":2,\"name\":\"Blog\",\"item\":\"https:\/\/www.drzwi-cal.pl\/en\/blog\/\"},{\"@type\":\"ListItem\",\"position\":3,\"name\":\"Drzwi w kolorze roku Pantone? Teraz to mo\u017cliwe!\"}]},{\"@type\":\"WebSite\",\"@id\":\"https:\/\/www.drzwi-cal.pl\/en\/#website\",\"url\":\"https:\/\/www.drzwi-cal.pl\/en\/\",\"name\":\"Drzwi zewn\u0119trzne i wewn\u0119trzne premium\",\"description\":\"Wybierz tylko kolor i model swoich drzwi zewn\u0119trznych CAL, bo ciep\u0142o i bezpiecze\u0144stwo masz zawsze w cenie! Dobierz pasuj\u0105ce drewniane drzwi wewn\u0119trzne CAL.\",\"publisher\":{\"@id\":\"https:\/\/www.drzwi-cal.pl\/en\/#organization\"},\"potentialAction\":[{\"@type\":\"SearchAction\",\"target\":{\"@type\":\"EntryPoint\",\"urlTemplate\":\"https:\/\/www.drzwi-cal.pl\/en\/?s={search_term_string}\"},\"query-input\":{\"@type\":\"PropertyValueSpecification\",\"valueRequired\":true,\"valueName\":\"search_term_string\"}}],\"inLanguage\":\"en-US\"},{\"@type\":\"Organization\",\"@id\":\"https:\/\/www.drzwi-cal.pl\/en\/#organization\",\"name\":\"Drzwi CAL\",\"alternateName\":\"Prawdziwe drzwi CAL\",\"url\":\"https:\/\/www.drzwi-cal.pl\/en\/\",\"logo\":{\"@type\":\"ImageObject\",\"inLanguage\":\"en-US\",\"@id\":\"https:\/\/www.drzwi-cal.pl\/en\/#\/schema\/logo\/image\/\",\"url\":\"https:\/\/www.drzwi-cal.pl\/wp-content\/uploads\/2018\/08\/CAL.jpg\",\"contentUrl\":\"https:\/\/www.drzwi-cal.pl\/wp-content\/uploads\/2018\/08\/CAL.jpg\",\"width\":1667,\"height\":750,\"caption\":\"Drzwi CAL\"},\"image\":{\"@id\":\"https:\/\/www.drzwi-cal.pl\/en\/#\/schema\/logo\/image\/\"},\"sameAs\":[\"https:\/\/www.facebook.com\/drzwical\/\",\"https:\/\/www.instagram.com\/drzwical\/\",\"https:\/\/www.linkedin.com\/company\/drzwi-cal\",\"https:\/\/www.youtube.com\/user\/drzwical\/\"]}]}<\/script>\n<!-- \/ Yoast SEO plugin. -->","yoast_head_json":{"title":"Drzwi w kolorze roku Pantone? Teraz to mo\u017cliwe! - Drzwi zewn\u0119trzne i wewn\u0119trzne premium","description":"Kolor roku Pantone w 2019 r. to Living Coral, nasycony odcie\u0144 pomara\u0144czowego. Dzi\u0119ki palecie RAL lub NCS i firmie CAL mo\u017ce on zago\u015bci\u0107 na Twoich drzwiach.","robots":{"index":"index","follow":"follow","max-snippet":"max-snippet:-1","max-image-preview":"max-image-preview:large","max-video-preview":"max-video-preview:-1"},"canonical":"https:\/\/www.drzwi-cal.pl\/en\/blog\/drzwi-w-kolorze-roku-pantone-teraz-to-mozliwe\/","og_locale":"en_US","og_type":"article","og_title":"Drzwi w kolorze roku Pantone? Teraz to mo\u017cliwe! - Drzwi zewn\u0119trzne i wewn\u0119trzne premium","og_description":"Kolor roku Pantone w 2019 r. to Living Coral, nasycony odcie\u0144 pomara\u0144czowego. Dzi\u0119ki palecie RAL lub NCS i firmie CAL mo\u017ce on zago\u015bci\u0107 na Twoich drzwiach.","og_url":"https:\/\/www.drzwi-cal.pl\/en\/blog\/drzwi-w-kolorze-roku-pantone-teraz-to-mozliwe\/","og_site_name":"Drzwi zewn\u0119trzne i wewn\u0119trzne premium","article_publisher":"https:\/\/www.facebook.com\/drzwical\/","article_modified_time":"2020-06-09T07:54:30+00:00","og_image":[{"width":1920,"height":440,"url":"https:\/\/www.drzwi-cal.pl\/wp-content\/uploads\/2019\/01\/Kolor-roku-Pantone.png","type":"image\/png"}],"twitter_card":"summary_large_image","twitter_misc":{"Est. reading time":"3 minutes"},"schema":{"@context":"https:\/\/schema.org","@graph":[{"@type":"WebPage","@id":"https:\/\/www.drzwi-cal.pl\/en\/blog\/drzwi-w-kolorze-roku-pantone-teraz-to-mozliwe\/","url":"https:\/\/www.drzwi-cal.pl\/en\/blog\/drzwi-w-kolorze-roku-pantone-teraz-to-mozliwe\/","name":"Drzwi w kolorze roku Pantone? Teraz to mo\u017cliwe! - Drzwi zewn\u0119trzne i wewn\u0119trzne premium","isPartOf":{"@id":"https:\/\/www.drzwi-cal.pl\/en\/#website"},"primaryImageOfPage":{"@id":"https:\/\/www.drzwi-cal.pl\/en\/blog\/drzwi-w-kolorze-roku-pantone-teraz-to-mozliwe\/#primaryimage"},"image":{"@id":"https:\/\/www.drzwi-cal.pl\/en\/blog\/drzwi-w-kolorze-roku-pantone-teraz-to-mozliwe\/#primaryimage"},"thumbnailUrl":"https:\/\/www.drzwi-cal.pl\/wp-content\/uploads\/2019\/01\/Kolor-roku-Pantone.png","datePublished":"2019-01-29T10:00:34+00:00","dateModified":"2020-06-09T07:54:30+00:00","description":"Kolor roku Pantone w 2019 r. to Living Coral, nasycony odcie\u0144 pomara\u0144czowego. Dzi\u0119ki palecie RAL lub NCS i firmie CAL mo\u017ce on zago\u015bci\u0107 na Twoich drzwiach.","breadcrumb":{"@id":"https:\/\/www.drzwi-cal.pl\/en\/blog\/drzwi-w-kolorze-roku-pantone-teraz-to-mozliwe\/#breadcrumb"},"inLanguage":"en-US","potentialAction":[{"@type":"ReadAction","target":["https:\/\/www.drzwi-cal.pl\/en\/blog\/drzwi-w-kolorze-roku-pantone-teraz-to-mozliwe\/"]}]},{"@type":"ImageObject","inLanguage":"en-US","@id":"https:\/\/www.drzwi-cal.pl\/en\/blog\/drzwi-w-kolorze-roku-pantone-teraz-to-mozliwe\/#primaryimage","url":"https:\/\/www.drzwi-cal.pl\/wp-content\/uploads\/2019\/01\/Kolor-roku-Pantone.png","contentUrl":"https:\/\/www.drzwi-cal.pl\/wp-content\/uploads\/2019\/01\/Kolor-roku-Pantone.png","width":1920,"height":440,"caption":"Kolor roku Pantone"},{"@type":"BreadcrumbList","@id":"https:\/\/www.drzwi-cal.pl\/en\/blog\/drzwi-w-kolorze-roku-pantone-teraz-to-mozliwe\/#breadcrumb","itemListElement":[{"@type":"ListItem","position":1,"name":"CAL prawdziwe drzwi","item":"https:\/\/www.drzwi-cal.pl\/en\/"},{"@type":"ListItem","position":2,"name":"Blog","item":"https:\/\/www.drzwi-cal.pl\/en\/blog\/"},{"@type":"ListItem","position":3,"name":"Drzwi w kolorze roku Pantone? Teraz to mo\u017cliwe!"}]},{"@type":"WebSite","@id":"https:\/\/www.drzwi-cal.pl\/en\/#website","url":"https:\/\/www.drzwi-cal.pl\/en\/","name":"Drzwi zewn\u0119trzne i wewn\u0119trzne premium","description":"Wybierz tylko kolor i model swoich drzwi zewn\u0119trznych CAL, bo ciep\u0142o i bezpiecze\u0144stwo masz zawsze w cenie! Dobierz pasuj\u0105ce drewniane drzwi wewn\u0119trzne CAL.","publisher":{"@id":"https:\/\/www.drzwi-cal.pl\/en\/#organization"},"potentialAction":[{"@type":"SearchAction","target":{"@type":"EntryPoint","urlTemplate":"https:\/\/www.drzwi-cal.pl\/en\/?s={search_term_string}"},"query-input":{"@type":"PropertyValueSpecification","valueRequired":true,"valueName":"search_term_string"}}],"inLanguage":"en-US"},{"@type":"Organization","@id":"https:\/\/www.drzwi-cal.pl\/en\/#organization","name":"Drzwi CAL","alternateName":"Prawdziwe drzwi CAL","url":"https:\/\/www.drzwi-cal.pl\/en\/","logo":{"@type":"ImageObject","inLanguage":"en-US","@id":"https:\/\/www.drzwi-cal.pl\/en\/#\/schema\/logo\/image\/","url":"https:\/\/www.drzwi-cal.pl\/wp-content\/uploads\/2018\/08\/CAL.jpg","contentUrl":"https:\/\/www.drzwi-cal.pl\/wp-content\/uploads\/2018\/08\/CAL.jpg","width":1667,"height":750,"caption":"Drzwi CAL"},"image":{"@id":"https:\/\/www.drzwi-cal.pl\/en\/#\/schema\/logo\/image\/"},"sameAs":["https:\/\/www.facebook.com\/drzwical\/","https:\/\/www.instagram.com\/drzwical\/","https:\/\/www.linkedin.com\/company\/drzwi-cal","https:\/\/www.youtube.com\/user\/drzwical\/"]}]}},"_links":{"self":[{"href":"https:\/\/www.drzwi-cal.pl\/en\/wp-json\/wp\/v2\/blog\/4918","targetHints":{"allow":["GET"]}}],"collection":[{"href":"https:\/\/www.drzwi-cal.pl\/en\/wp-json\/wp\/v2\/blog"}],"about":[{"href":"https:\/\/www.drzwi-cal.pl\/en\/wp-json\/wp\/v2\/types\/dc_blog"}],"replies":[{"embeddable":true,"href":"https:\/\/www.drzwi-cal.pl\/en\/wp-json\/wp\/v2\/comments?post=4918"}],"version-history":[{"count":0,"href":"https:\/\/www.drzwi-cal.pl\/en\/wp-json\/wp\/v2\/blog\/4918\/revisions"}],"wp:featuredmedia":[{"embeddable":true,"href":"https:\/\/www.drzwi-cal.pl\/en\/wp-json\/wp\/v2\/media\/4994"}],"wp:attachment":[{"href":"https:\/\/www.drzwi-cal.pl\/en\/wp-json\/wp\/v2\/media?parent=4918"}],"curies":[{"name":"wp","href":"https:\/\/api.w.org\/{rel}","templated":true}]}}