{"id":4926,"date":"2019-02-05T11:00:42","date_gmt":"2019-02-05T10:00:42","guid":{"rendered":"https:\/\/www.drzwi-cal.pl\/?post_type=dc_blog&#038;p=4926"},"modified":"2026-04-08T22:20:26","modified_gmt":"2026-04-08T20:20:26","slug":"drzwi-do-kuchni-trwale-i-solidne-modele-na-lata","status":"publish","type":"dc_blog","link":"https:\/\/www.drzwi-cal.pl\/en\/blog\/drzwi-do-kuchni-trwale-i-solidne-modele-na-lata\/","title":{"rendered":"Drzwi do kuchni \u2013 trwa\u0142e i solidne, modele na lata"},"content":{"rendered":"<h3 style=\"text-align: center;\"><a title=\"drzwi wewn\u0119trzne\" href=\"https:\/\/www.drzwi-cal.pl\/drzwi-wewnetrzne\/\">Sprawd\u017a ofert\u0119! Na Drzwi wewn\u0119trzne<\/a><\/h3>\n<p>Cho\u0107 w nowoczesnych mieszkaniach coraz cz\u0119\u015bciej spotyka si\u0119 kuchnie otwarte po\u0142\u0105czone z salonem, wiele os\u00f3b wci\u0105\u017c preferuje zamkni\u0119te pomieszczenia, kt\u00f3re pozwalaj\u0105 zachowa\u0107 prywatno\u015b\u0107 i porz\u0105dek. W takim przypadku odpowiedni wyb\u00f3r drzwi do kuchni staje si\u0119 szczeg\u00f3lnie istotny. Jakie drzwi wewn\u0119trzne do kuchni sprawdz\u0105 si\u0119 najlepiej i na co zwr\u00f3ci\u0107 uwag\u0119 przy zakupie? Odpowiadamy poni\u017cej.<\/p>\n<h3 style=\"text-align: center;\"><a title=\"drzwi zewn\u0119trzne\" href=\"https:\/\/www.drzwi-cal.pl\/drzwi-zewnetrzne\/\">Sprawd\u017a ofert\u0119! Na Drzwi zewn\u0119trzne<\/a><\/h3>\n<h2>Drzwi przesuwne \u2013 do ma\u0142ych pomieszcze\u0144<\/h2>\n<p>Wiele os\u00f3b boryka si\u0119 z problemem ma\u0142ej kuchni \u2013 szczeg\u00f3lnie w mieszkaniach w blokach, gdzie ka\u017cdy centymetr przestrzeni ma znaczenie. Tradycyjne skrzyd\u0142o drzwiowe, kt\u00f3re otwiera si\u0119 do wewn\u0105trz, cz\u0119sto utrudnia poruszanie si\u0119 po pomieszczeniu lub koliduje z meblami. Rozwi\u0105zaniem s\u0105 <a href=\"https:\/\/www.drzwi-cal.pl\/en\/blog\/systemy-przesuwne-w-drzwiach-cal\/\"><strong>systemy przesuwne<\/strong><\/a>. Firma CAL oferuje a\u017c cztery funkcjonalne rozwi\u0105zania, kt\u00f3re\u00a0oszcz\u0119dzaj\u0105 miejsce i jednocze\u015bnie zapewniaj\u0105 wygod\u0119 u\u017cytkowania.<\/p>\n<ul>\n<li>system Ergon (przesuwno-obrotowy) \u2013 umo\u017cliwia otwieranie drzwi zar\u00f3wno na zewn\u0105trz, jak i do wewn\u0105trz. Cz\u0119\u015b\u0107 skrzyd\u0142a drzwiowego chowa si\u0119 w o\u015bcie\u017cnicy, dzi\u0119ki czemu system doskonale sprawdza si\u0119 w w\u0105skich korytarzach i kompaktowych kuchniach,<\/li>\n<li>system Magic \u2013 minimalistyczne rozwi\u0105zanie, w kt\u00f3rym\u00a0system przesuwny jest ca\u0142kowicie ukryty. Tor \u015blizgowy pozostaje niewidoczny, co podkre\u015bla nowoczesny design wn\u0119trza,<\/li>\n<li>system na\u015bcienny \u2013 drzwi przesuwaj\u0105 si\u0119 po prowadnicy zamontowanej na \u015bcianie, dzi\u0119ki czemu mo\u017cna je \u0142atwo montowa\u0107 w ka\u017cdym mieszkaniu.<\/li>\n<li>system wewn\u0105trz\u015bcienny \u2013najbardziej zaawansowany mechanizm, w kt\u00f3rym drzwi po otwarciu chowaj\u0105 si\u0119 w \u015bcianie (kaseta systemowa). To rozwi\u0105zanie niezwykle eleganckie i praktyczne, idealne do ma\u0142ych mieszka\u0144, gdzie liczy si\u0119 ka\u017cdy centymetr.<\/li>\n<\/ul>\n<p>Takie drzwi wewn\u0119trzne nie tylko s\u0105 funkcjonalne, ale te\u017c wpisuj\u0105 si\u0119 w nowoczesne trendy \u2013 \u0142\u0105cz\u0105 estetyk\u0119 z funkcjonalno\u015bci\u0105 i nadaj\u0105 wn\u0119trzu lekko\u015bci. Warto te\u017c pami\u0119ta\u0107, \u017ce odpowiedni <a href=\"https:\/\/www.drzwi-cal.pl\/en\/blog\/drzwi-prawe-czy-lewe-oto-jest-pytanie\/\">kierunek otwierania drzwi<\/a> czy prawid\u0142owe dopasowanie skrzyd\u0142a do \u015bciany i mebli maj\u0105 kluczowe znaczenie dla komfortu codziennego u\u017cytkowania.<\/p>\n<h2>Drzwi z przeszkleniami \u2013 dodadz\u0105 wn\u0119trzu \u015bwiat\u0142a<\/h2>\n<p data-start=\"3202\" data-end=\"3519\">Je\u015bli Twoja kuchnia ma ograniczony dop\u0142yw \u015bwiat\u0142a dziennego, doskona\u0142ym rozwi\u0105zaniem b\u0119d\u0105 drzwi z przeszkleniami. Pozwalaj\u0105 one do\u015bwietli\u0107 wn\u0119trze, wprowadzi\u0107 do niego naturalne \u015bwiat\u0142o z korytarza lub s\u0105siedniego pomieszczenia. Dzi\u0119ki temu kuchnia staje si\u0119 optycznie wi\u0119ksza i bardziej przytulna.<\/p>\n<p data-start=\"3521\" data-end=\"3876\">Mo\u017cesz zdecydowa\u0107 si\u0119 na szklane drzwi do kuchni z niewielkimi, poziomymi pasami szk\u0142a lub wybra\u0107 model z du\u017cym, prostok\u0105tnym przeszkleniem. Warto pami\u0119ta\u0107, by zastosowane szk\u0142o by\u0142o hartowane, co zapewnia bezpiecze\u0144stwo u\u017cytkowania. Szklany element nadaje drzwiom lekko\u015bci i nowoczesnego charakteru, a jednocze\u015bnie nie traci na trwa\u0142o\u015bci.<\/p>\n<p data-start=\"3878\" data-end=\"4210\">Wn\u0119trze stanie si\u0119 ja\u015bniejsze, a drzwi\u00a0nabior\u0105 wyj\u0105tkowego designu. Je\u015bli zale\u017cy Ci na prywatno\u015bci, mo\u017cesz wybra\u0107 szk\u0142o mleczne lub matowe \u2013 przepuszcza ono \u015bwiat\u0142o, ale nie pozwala zajrze\u0107 do \u015brodka. Tego typu drzwi wewn\u0119trzne sprawdz\u0105 si\u0119 w ka\u017cdej kuchni, niezale\u017cnie od jej wielko\u015bci czy stylu aran\u017cacji.<\/p>\n<p><img fetchpriority=\"high\" decoding=\"async\" class=\"aligncenter wp-image-4929 size-full\" src=\"https:\/\/www.drzwi-cal.pl\/wp-content\/uploads\/2019\/02\/21.jpg\" alt=\"\" width=\"4000\" height=\"2250\" \/><\/p>\n<h2>Kolor drzwi zgodny z aran\u017cacj\u0105 pomieszczenia<\/h2>\n<p data-start=\"4266\" data-end=\"4563\">Przy wyborze drzwi\u00a0bardzo wa\u017cny jest ich kolor \u2013 powinien wsp\u00f3\u0142gra\u0107 z aran\u017cacj\u0105 wn\u0119trza, a jednocze\u015bnie by\u0107 praktyczny w codziennym u\u017cytkowaniu. Kuchnia cz\u0119sto \u0142\u0105czy si\u0119 z przedpokojem, dlatego warto, by drzwi wewn\u0119trzne stanowi\u0142y sp\u00f3jne przej\u015bcie mi\u0119dzy pomieszczeniami.<\/p>\n<p data-start=\"4565\" data-end=\"4925\">Tradycyjnie wybierane s\u0105 drzwi drewniane w odcieniach br\u0105zu i be\u017cu, kt\u00f3re wprowadzaj\u0105 do wn\u0119trza ciep\u0142o i naturalno\u015b\u0107. Coraz wi\u0119ksz\u0105 popularno\u015b\u0107 zyskuj\u0105 jednak bia\u0142e drzwi oraz jasne drzwi \u2013 idealne do nowoczesnych aran\u017cacji, gdzie liczy si\u0119 estetyka i minimalizm. Po\u0142\u0105czenie szyby i drewna w jednym skrzydle daje wra\u017cenie lekko\u015bci i elegancji.<\/p>\n<p data-start=\"4927\" data-end=\"5339\">Je\u015bli Twoja kuchnia jest utrzymana w jasnych tonacjach, dopasuj do niej drzwi wewn\u0119trzne w podobnym kolorze, co pozwoli uzyska\u0107 sp\u00f3jny, harmonijny wygl\u0105d. Z kolei w pomieszczeniach o klasycznym wystroju sprawdz\u0105 si\u0119 tradycyjne drzwi z wyra\u017anym us\u0142ojeniem wykonane z drewna. Niezale\u017cnie od wyboru, dobrze dobrane drzwi kuchenne podkre\u015bl\u0105 styl\u00a0kuchni i podnios\u0105 estetyk\u0119 wn\u0119trza.<\/p>\n<h2>Drzwi odporne na wilgo\u0107, zmiany temperatury i zabrudzenia<\/h2>\n<p data-start=\"5408\" data-end=\"5785\">Kuchnia to miejsce, w kt\u00f3rym drzwi s\u0105 szczeg\u00f3lnie nara\u017cone na trudne warunki. Dlatego wybieraj\u0105c\u00a0drzwi, postaw na modele odporne na dzia\u0142anie wilgoci, zmienne temperatury i zabrudzenia. Najlepiej sprawdzaj\u0105 si\u0119 drzwi lakierowane lub pokryte odporn\u0105 na uszkodzenia oklein\u0105, kt\u00f3re zapewniaj\u0105 wysok\u0105 odporno\u015b\u0107 i nienaganny wygl\u0105d przez wiele lat.<\/p>\n<p data-start=\"5787\" data-end=\"6048\">Zwr\u00f3\u0107 uwag\u0119, aby powierzchnia skrzyd\u0142a by\u0142a g\u0142adka i \u0142atwa do czyszczenia \u2013 dzi\u0119ki temu unikniesz gromadzenia si\u0119 t\u0142uszczu i kurzu w trudno dost\u0119pnych miejscach. G\u0142adkie drzwi pe\u0142ne s\u0105 wyj\u0105tkowo praktyczne w kuchni, gdzie liczy si\u0119 czysto\u015b\u0107 i higiena.<\/p>\n<p data-start=\"6050\" data-end=\"6383\">Je\u015bli wybierzesz drzwi drewniane, upewnij si\u0119, \u017ce zosta\u0142y odpowiednio zabezpieczone przed wilgoci\u0105. Warto te\u017c zastosowa\u0107 podci\u0119cie wentylacyjne lub otwory wentylacyjne, kt\u00f3re umo\u017cliwi\u0105 prawid\u0142ow\u0105 cyrkulacj\u0119 powietrza pomi\u0119dzy pomieszczeniami. Zapewni to prawid\u0142ow\u0105 wentylacj\u0119 i zapobiegnie skraplaniu si\u0119 pary wodnej.<\/p>\n<p data-start=\"6385\" data-end=\"6644\">W przypadku drzwi\u00a0do kuchni, materia\u0142 i wyko\u0144czenie maj\u0105 ogromny wp\u0142yw na ich trwa\u0142o\u015b\u0107. Solidne konstrukcje, np. z litego drewna lub wysokiej jako\u015bci p\u0142yty HDF, zagwarantuj\u0105, \u017ce skrzyd\u0142o nie odkszta\u0142ci si\u0119 pod wp\u0142ywem dzia\u0142ania wilgoci.<\/p>\n<h2>Drzwi do kuchni \u2013 nie pozostawiaj wyboru przypadkowi<\/h2>\n<p>Powy\u017csze aspekty potwierdzaj\u0105, jak wa\u017cn\u0105 spraw\u0105 jest dob\u00f3r odpowiednich drzwi kuchennych. Je\u015bli szukasz trwa\u0142ych i solidnych skrzyde\u0142, nie mo\u017cesz poprzesta\u0107 na tanich rozwi\u0105zaniach, poniewa\u017c nie przetrwaj\u0105 one pr\u00f3by czasu. U\u017cyteczne, a zarazem estetyczne drzwi do kuchni znajdziesz w ofercie <a href=\"https:\/\/www.drzwi-cal.pl\/drzwi-wewnetrzne\/\"><strong>drzwi<\/strong> <strong>wewn\u0119trznych<\/strong> <strong>CAL<\/strong><\/a>. Sprawd\u017a j\u0105 ju\u017c teraz!<\/p>\n","protected":false},"featured_media":4927,"comment_status":"closed","ping_status":"closed","template":"","meta":[],"class_list":["post-4926","dc_blog","type-dc_blog","status-publish","has-post-thumbnail","hentry","dc_blog_tagi-wnetrze"],"acf":[],"yoast_head":"<!-- This site is optimized with the Yoast SEO plugin v26.5 - https:\/\/yoast.com\/wordpress\/plugins\/seo\/ -->\n<title>Drzwi do kuchni \u2013 trwa\u0142e i solidne, modele na lata<\/title>\n<meta name=\"description\" content=\"Wyb\u00f3r drzwi do kuchni nie powinien by\u0107 pozostawiony kwestii przypadku. Dopasuj model do swoich potrzeb i stylistyki wn\u0119trza, a kuchnia zyska wiele wdzi\u0119ku. wiele wdzi\u0119ku.\" \/>\n<meta name=\"robots\" content=\"index, follow, max-snippet:-1, max-image-preview:large, max-video-preview:-1\" \/>\n<link rel=\"canonical\" href=\"https:\/\/www.drzwi-cal.pl\/en\/blog\/drzwi-do-kuchni-trwale-i-solidne-modele-na-lata\/\" \/>\n<meta property=\"og:locale\" content=\"en_US\" \/>\n<meta property=\"og:type\" content=\"article\" \/>\n<meta property=\"og:title\" content=\"Drzwi do kuchni \u2013 trwa\u0142e i solidne, modele na lata\" \/>\n<meta property=\"og:description\" content=\"Wyb\u00f3r drzwi do kuchni nie powinien by\u0107 pozostawiony kwestii przypadku. Dopasuj model do swoich potrzeb i stylistyki wn\u0119trza, a kuchnia zyska wiele wdzi\u0119ku. wiele wdzi\u0119ku.\" \/>\n<meta property=\"og:url\" content=\"https:\/\/www.drzwi-cal.pl\/en\/blog\/drzwi-do-kuchni-trwale-i-solidne-modele-na-lata\/\" \/>\n<meta property=\"og:site_name\" content=\"Drzwi zewn\u0119trzne i wewn\u0119trzne premium\" \/>\n<meta property=\"article:publisher\" content=\"https:\/\/www.facebook.com\/drzwical\/\" \/>\n<meta property=\"article:modified_time\" content=\"2026-04-08T20:20:26+00:00\" \/>\n<meta property=\"og:image\" content=\"https:\/\/www.drzwi-cal.pl\/wp-content\/uploads\/2019\/02\/13-e1556190658680.jpg\" \/>\n\t<meta property=\"og:image:width\" content=\"2000\" \/>\n\t<meta property=\"og:image:height\" content=\"1500\" \/>\n\t<meta property=\"og:image:type\" content=\"image\/jpeg\" \/>\n<meta name=\"twitter:card\" content=\"summary_large_image\" \/>\n<meta name=\"twitter:label1\" content=\"Est. reading time\" \/>\n\t<meta name=\"twitter:data1\" content=\"5 minutes\" \/>\n<script type=\"application\/ld+json\" class=\"yoast-schema-graph\">{\"@context\":\"https:\/\/schema.org\",\"@graph\":[{\"@type\":\"WebPage\",\"@id\":\"https:\/\/www.drzwi-cal.pl\/en\/blog\/drzwi-do-kuchni-trwale-i-solidne-modele-na-lata\/\",\"url\":\"https:\/\/www.drzwi-cal.pl\/en\/blog\/drzwi-do-kuchni-trwale-i-solidne-modele-na-lata\/\",\"name\":\"Drzwi do kuchni \u2013 trwa\u0142e i solidne, modele na lata\",\"isPartOf\":{\"@id\":\"https:\/\/www.drzwi-cal.pl\/en\/#website\"},\"primaryImageOfPage\":{\"@id\":\"https:\/\/www.drzwi-cal.pl\/en\/blog\/drzwi-do-kuchni-trwale-i-solidne-modele-na-lata\/#primaryimage\"},\"image\":{\"@id\":\"https:\/\/www.drzwi-cal.pl\/en\/blog\/drzwi-do-kuchni-trwale-i-solidne-modele-na-lata\/#primaryimage\"},\"thumbnailUrl\":\"https:\/\/www.drzwi-cal.pl\/wp-content\/uploads\/2019\/02\/13-e1556190658680.jpg\",\"datePublished\":\"2019-02-05T10:00:42+00:00\",\"dateModified\":\"2026-04-08T20:20:26+00:00\",\"description\":\"Wyb\u00f3r drzwi do kuchni nie powinien by\u0107 pozostawiony kwestii przypadku. Dopasuj model do swoich potrzeb i stylistyki wn\u0119trza, a kuchnia zyska wiele wdzi\u0119ku. wiele wdzi\u0119ku.\",\"breadcrumb\":{\"@id\":\"https:\/\/www.drzwi-cal.pl\/en\/blog\/drzwi-do-kuchni-trwale-i-solidne-modele-na-lata\/#breadcrumb\"},\"inLanguage\":\"en-US\",\"potentialAction\":[{\"@type\":\"ReadAction\",\"target\":[\"https:\/\/www.drzwi-cal.pl\/en\/blog\/drzwi-do-kuchni-trwale-i-solidne-modele-na-lata\/\"]}]},{\"@type\":\"ImageObject\",\"inLanguage\":\"en-US\",\"@id\":\"https:\/\/www.drzwi-cal.pl\/en\/blog\/drzwi-do-kuchni-trwale-i-solidne-modele-na-lata\/#primaryimage\",\"url\":\"https:\/\/www.drzwi-cal.pl\/wp-content\/uploads\/2019\/02\/13-e1556190658680.jpg\",\"contentUrl\":\"https:\/\/www.drzwi-cal.pl\/wp-content\/uploads\/2019\/02\/13-e1556190658680.jpg\",\"width\":2000,\"height\":1500,\"caption\":\"Drzwi do kuchni\"},{\"@type\":\"BreadcrumbList\",\"@id\":\"https:\/\/www.drzwi-cal.pl\/en\/blog\/drzwi-do-kuchni-trwale-i-solidne-modele-na-lata\/#breadcrumb\",\"itemListElement\":[{\"@type\":\"ListItem\",\"position\":1,\"name\":\"CAL prawdziwe drzwi\",\"item\":\"https:\/\/www.drzwi-cal.pl\/en\/\"},{\"@type\":\"ListItem\",\"position\":2,\"name\":\"Blog\",\"item\":\"https:\/\/www.drzwi-cal.pl\/en\/blog\/\"},{\"@type\":\"ListItem\",\"position\":3,\"name\":\"Drzwi do kuchni \u2013 trwa\u0142e i solidne, modele na lata\"}]},{\"@type\":\"WebSite\",\"@id\":\"https:\/\/www.drzwi-cal.pl\/en\/#website\",\"url\":\"https:\/\/www.drzwi-cal.pl\/en\/\",\"name\":\"Drzwi zewn\u0119trzne i wewn\u0119trzne premium\",\"description\":\"Wybierz tylko kolor i model swoich drzwi zewn\u0119trznych CAL, bo ciep\u0142o i bezpiecze\u0144stwo masz zawsze w cenie! Dobierz pasuj\u0105ce drewniane drzwi wewn\u0119trzne CAL.\",\"publisher\":{\"@id\":\"https:\/\/www.drzwi-cal.pl\/en\/#organization\"},\"potentialAction\":[{\"@type\":\"SearchAction\",\"target\":{\"@type\":\"EntryPoint\",\"urlTemplate\":\"https:\/\/www.drzwi-cal.pl\/en\/?s={search_term_string}\"},\"query-input\":{\"@type\":\"PropertyValueSpecification\",\"valueRequired\":true,\"valueName\":\"search_term_string\"}}],\"inLanguage\":\"en-US\"},{\"@type\":\"Organization\",\"@id\":\"https:\/\/www.drzwi-cal.pl\/en\/#organization\",\"name\":\"Drzwi CAL\",\"alternateName\":\"Prawdziwe drzwi CAL\",\"url\":\"https:\/\/www.drzwi-cal.pl\/en\/\",\"logo\":{\"@type\":\"ImageObject\",\"inLanguage\":\"en-US\",\"@id\":\"https:\/\/www.drzwi-cal.pl\/en\/#\/schema\/logo\/image\/\",\"url\":\"https:\/\/www.drzwi-cal.pl\/wp-content\/uploads\/2018\/08\/CAL.jpg\",\"contentUrl\":\"https:\/\/www.drzwi-cal.pl\/wp-content\/uploads\/2018\/08\/CAL.jpg\",\"width\":1667,\"height\":750,\"caption\":\"Drzwi CAL\"},\"image\":{\"@id\":\"https:\/\/www.drzwi-cal.pl\/en\/#\/schema\/logo\/image\/\"},\"sameAs\":[\"https:\/\/www.facebook.com\/drzwical\/\",\"https:\/\/www.instagram.com\/drzwical\/\",\"https:\/\/www.linkedin.com\/company\/drzwi-cal\",\"https:\/\/www.youtube.com\/user\/drzwical\/\"]}]}<\/script>\n<!-- \/ Yoast SEO plugin. -->","yoast_head_json":{"title":"Drzwi do kuchni \u2013 trwa\u0142e i solidne, modele na lata","description":"Wyb\u00f3r drzwi do kuchni nie powinien by\u0107 pozostawiony kwestii przypadku. Dopasuj model do swoich potrzeb i stylistyki wn\u0119trza, a kuchnia zyska wiele wdzi\u0119ku. wiele wdzi\u0119ku.","robots":{"index":"index","follow":"follow","max-snippet":"max-snippet:-1","max-image-preview":"max-image-preview:large","max-video-preview":"max-video-preview:-1"},"canonical":"https:\/\/www.drzwi-cal.pl\/en\/blog\/drzwi-do-kuchni-trwale-i-solidne-modele-na-lata\/","og_locale":"en_US","og_type":"article","og_title":"Drzwi do kuchni \u2013 trwa\u0142e i solidne, modele na lata","og_description":"Wyb\u00f3r drzwi do kuchni nie powinien by\u0107 pozostawiony kwestii przypadku. Dopasuj model do swoich potrzeb i stylistyki wn\u0119trza, a kuchnia zyska wiele wdzi\u0119ku. wiele wdzi\u0119ku.","og_url":"https:\/\/www.drzwi-cal.pl\/en\/blog\/drzwi-do-kuchni-trwale-i-solidne-modele-na-lata\/","og_site_name":"Drzwi zewn\u0119trzne i wewn\u0119trzne premium","article_publisher":"https:\/\/www.facebook.com\/drzwical\/","article_modified_time":"2026-04-08T20:20:26+00:00","og_image":[{"width":2000,"height":1500,"url":"https:\/\/www.drzwi-cal.pl\/wp-content\/uploads\/2019\/02\/13-e1556190658680.jpg","type":"image\/jpeg"}],"twitter_card":"summary_large_image","twitter_misc":{"Est. reading time":"5 minutes"},"schema":{"@context":"https:\/\/schema.org","@graph":[{"@type":"WebPage","@id":"https:\/\/www.drzwi-cal.pl\/en\/blog\/drzwi-do-kuchni-trwale-i-solidne-modele-na-lata\/","url":"https:\/\/www.drzwi-cal.pl\/en\/blog\/drzwi-do-kuchni-trwale-i-solidne-modele-na-lata\/","name":"Drzwi do kuchni \u2013 trwa\u0142e i solidne, modele na lata","isPartOf":{"@id":"https:\/\/www.drzwi-cal.pl\/en\/#website"},"primaryImageOfPage":{"@id":"https:\/\/www.drzwi-cal.pl\/en\/blog\/drzwi-do-kuchni-trwale-i-solidne-modele-na-lata\/#primaryimage"},"image":{"@id":"https:\/\/www.drzwi-cal.pl\/en\/blog\/drzwi-do-kuchni-trwale-i-solidne-modele-na-lata\/#primaryimage"},"thumbnailUrl":"https:\/\/www.drzwi-cal.pl\/wp-content\/uploads\/2019\/02\/13-e1556190658680.jpg","datePublished":"2019-02-05T10:00:42+00:00","dateModified":"2026-04-08T20:20:26+00:00","description":"Wyb\u00f3r drzwi do kuchni nie powinien by\u0107 pozostawiony kwestii przypadku. Dopasuj model do swoich potrzeb i stylistyki wn\u0119trza, a kuchnia zyska wiele wdzi\u0119ku. wiele wdzi\u0119ku.","breadcrumb":{"@id":"https:\/\/www.drzwi-cal.pl\/en\/blog\/drzwi-do-kuchni-trwale-i-solidne-modele-na-lata\/#breadcrumb"},"inLanguage":"en-US","potentialAction":[{"@type":"ReadAction","target":["https:\/\/www.drzwi-cal.pl\/en\/blog\/drzwi-do-kuchni-trwale-i-solidne-modele-na-lata\/"]}]},{"@type":"ImageObject","inLanguage":"en-US","@id":"https:\/\/www.drzwi-cal.pl\/en\/blog\/drzwi-do-kuchni-trwale-i-solidne-modele-na-lata\/#primaryimage","url":"https:\/\/www.drzwi-cal.pl\/wp-content\/uploads\/2019\/02\/13-e1556190658680.jpg","contentUrl":"https:\/\/www.drzwi-cal.pl\/wp-content\/uploads\/2019\/02\/13-e1556190658680.jpg","width":2000,"height":1500,"caption":"Drzwi do kuchni"},{"@type":"BreadcrumbList","@id":"https:\/\/www.drzwi-cal.pl\/en\/blog\/drzwi-do-kuchni-trwale-i-solidne-modele-na-lata\/#breadcrumb","itemListElement":[{"@type":"ListItem","position":1,"name":"CAL prawdziwe drzwi","item":"https:\/\/www.drzwi-cal.pl\/en\/"},{"@type":"ListItem","position":2,"name":"Blog","item":"https:\/\/www.drzwi-cal.pl\/en\/blog\/"},{"@type":"ListItem","position":3,"name":"Drzwi do kuchni \u2013 trwa\u0142e i solidne, modele na lata"}]},{"@type":"WebSite","@id":"https:\/\/www.drzwi-cal.pl\/en\/#website","url":"https:\/\/www.drzwi-cal.pl\/en\/","name":"Drzwi zewn\u0119trzne i wewn\u0119trzne premium","description":"Wybierz tylko kolor i model swoich drzwi zewn\u0119trznych CAL, bo ciep\u0142o i bezpiecze\u0144stwo masz zawsze w cenie! Dobierz pasuj\u0105ce drewniane drzwi wewn\u0119trzne CAL.","publisher":{"@id":"https:\/\/www.drzwi-cal.pl\/en\/#organization"},"potentialAction":[{"@type":"SearchAction","target":{"@type":"EntryPoint","urlTemplate":"https:\/\/www.drzwi-cal.pl\/en\/?s={search_term_string}"},"query-input":{"@type":"PropertyValueSpecification","valueRequired":true,"valueName":"search_term_string"}}],"inLanguage":"en-US"},{"@type":"Organization","@id":"https:\/\/www.drzwi-cal.pl\/en\/#organization","name":"Drzwi CAL","alternateName":"Prawdziwe drzwi CAL","url":"https:\/\/www.drzwi-cal.pl\/en\/","logo":{"@type":"ImageObject","inLanguage":"en-US","@id":"https:\/\/www.drzwi-cal.pl\/en\/#\/schema\/logo\/image\/","url":"https:\/\/www.drzwi-cal.pl\/wp-content\/uploads\/2018\/08\/CAL.jpg","contentUrl":"https:\/\/www.drzwi-cal.pl\/wp-content\/uploads\/2018\/08\/CAL.jpg","width":1667,"height":750,"caption":"Drzwi CAL"},"image":{"@id":"https:\/\/www.drzwi-cal.pl\/en\/#\/schema\/logo\/image\/"},"sameAs":["https:\/\/www.facebook.com\/drzwical\/","https:\/\/www.instagram.com\/drzwical\/","https:\/\/www.linkedin.com\/company\/drzwi-cal","https:\/\/www.youtube.com\/user\/drzwical\/"]}]}},"_links":{"self":[{"href":"https:\/\/www.drzwi-cal.pl\/en\/wp-json\/wp\/v2\/blog\/4926","targetHints":{"allow":["GET"]}}],"collection":[{"href":"https:\/\/www.drzwi-cal.pl\/en\/wp-json\/wp\/v2\/blog"}],"about":[{"href":"https:\/\/www.drzwi-cal.pl\/en\/wp-json\/wp\/v2\/types\/dc_blog"}],"replies":[{"embeddable":true,"href":"https:\/\/www.drzwi-cal.pl\/en\/wp-json\/wp\/v2\/comments?post=4926"}],"version-history":[{"count":2,"href":"https:\/\/www.drzwi-cal.pl\/en\/wp-json\/wp\/v2\/blog\/4926\/revisions"}],"predecessor-version":[{"id":23637,"href":"https:\/\/www.drzwi-cal.pl\/en\/wp-json\/wp\/v2\/blog\/4926\/revisions\/23637"}],"wp:featuredmedia":[{"embeddable":true,"href":"https:\/\/www.drzwi-cal.pl\/en\/wp-json\/wp\/v2\/media\/4927"}],"wp:attachment":[{"href":"https:\/\/www.drzwi-cal.pl\/en\/wp-json\/wp\/v2\/media?parent=4926"}],"curies":[{"name":"wp","href":"https:\/\/api.w.org\/{rel}","templated":true}]}}