{"id":5014,"date":"2019-02-20T09:25:40","date_gmt":"2019-02-20T08:25:40","guid":{"rendered":"https:\/\/www.drzwi-cal.pl\/?post_type=dc_blog&#038;p=5014"},"modified":"2026-04-08T22:11:41","modified_gmt":"2026-04-08T20:11:41","slug":"szyby-w-drzwiach-cal","status":"publish","type":"dc_blog","link":"https:\/\/www.drzwi-cal.pl\/en\/blog\/szyby-w-drzwiach-cal\/","title":{"rendered":"Wszystko na temat przeszkle\u0144 w drzwiach z szyb\u0105 CAL\u00a0"},"content":{"rendered":"<h3 style=\"text-align: center;\"><a title=\"drzwi wewn\u0119trzne\" href=\"https:\/\/www.drzwi-cal.pl\/drzwi-wewnetrzne\/\">Sprawd\u017a ofert\u0119! Na Drzwi wewn\u0119trzne<\/a><\/h3>\n<p>W przypadku drzwi zewn\u0119trznych to m.in. od standardu wykonanej szyby zale\u017cy, czy b\u0119d\u0105 wci\u0105\u017c tak samo ciep\u0142e i energooszcz\u0119dne. Drzwi wewn\u0119trzne potrafi\u0105 za to zyska\u0107 na urodzie dzi\u0119ki ciekawym przeszkleniom. Z tych powod\u00f3w w ofercie drzwi CAL znajdziecie mn\u00f3stwo ciekawych rozwi\u0105za\u0144 z wykorzystaniem szk\u0142a.<\/p>\n<h3 style=\"text-align: center;\"><a title=\"drzwi zewn\u0119trzne\" href=\"https:\/\/www.drzwi-cal.pl\/drzwi-zewnetrzne\/\">Sprawd\u017a ofert\u0119! Na Drzwi zewn\u0119trzne<\/a><\/h3>\n<h2><img fetchpriority=\"high\" decoding=\"async\" class=\"aligncenter wp-image-5015 size-large\" src=\"https:\/\/www.drzwi-cal.pl\/wp-content\/uploads\/2019\/02\/przeszklenia-drzwi-cal-1024x576.jpg\" alt=\"drzwi z szyb\u0105\" width=\"1024\" height=\"576\" srcset=\"https:\/\/www.drzwi-cal.pl\/wp-content\/uploads\/2019\/02\/przeszklenia-drzwi-cal-1024x576.jpg 1024w, https:\/\/www.drzwi-cal.pl\/wp-content\/uploads\/2019\/02\/przeszklenia-drzwi-cal-150x84.jpg 150w, https:\/\/www.drzwi-cal.pl\/wp-content\/uploads\/2019\/02\/przeszklenia-drzwi-cal-300x169.jpg 300w, https:\/\/www.drzwi-cal.pl\/wp-content\/uploads\/2019\/02\/przeszklenia-drzwi-cal-768x432.jpg 768w, https:\/\/www.drzwi-cal.pl\/wp-content\/uploads\/2019\/02\/przeszklenia-drzwi-cal-960x540.jpg 960w, https:\/\/www.drzwi-cal.pl\/wp-content\/uploads\/2019\/02\/przeszklenia-drzwi-cal-640x360.jpg 640w, https:\/\/www.drzwi-cal.pl\/wp-content\/uploads\/2019\/02\/przeszklenia-drzwi-cal-204x115.jpg 204w, https:\/\/www.drzwi-cal.pl\/wp-content\/uploads\/2019\/02\/przeszklenia-drzwi-cal-25x14.jpg 25w, https:\/\/www.drzwi-cal.pl\/wp-content\/uploads\/2019\/02\/przeszklenia-drzwi-cal.jpg 1600w\" sizes=\"(max-width: 1024px) 100vw, 1024px\" \/><\/h2>\n<h2>Drzwi zewn\u0119trzne z szyb\u0105 CAL<\/h2>\n<p style=\"text-align: justify;\">Drzwi z szyb\u0105 to dzi\u015b nie tylko kwestia estetyki, ale r\u00f3wnie\u017c funkcjonalno\u015bci i bezpiecze\u0144stwa. Dzi\u0119ki zastosowaniu hartowanego szk\u0142a oraz pow\u0142ok termoizolacyjnych gwarantuj\u0105 trwa\u0142o\u015b\u0107, odporno\u015b\u0107 i doskona\u0142e parametry cieplne. Ponadto mocny, kilkuwarstwowy pakiet szybowy zamontowany w drzwiach zewn\u0119trznych potrafi podnie\u015b\u0107 ich klas\u0119 antyw\u0142amaniowo\u015bci i odporno\u015b\u0107 na uszkodzenia. Aplikacje szklane w drzwiach zewn\u0119trznych potrafi\u0105 by\u0107 ich najwi\u0119kszym atutem estetycznym. Dzi\u0119ki temu nasz dom staje si\u0119 bezpiecznym miejscem.<\/p>\n<p style=\"text-align: justify;\">Drzwi zewn\u0119trzne CAL (Kolekcja Alutherm, Rycerska, Kamienna, Arktyczna, Luksusowa, Klasyczna) <strong>posiadaj\u0105 w standardzie (bez dop\u0142aty) pakiety szklane klasy P4<\/strong>. Szyba P4 sk\u0142ada si\u0119 z dw\u00f3ch tafli szk\u0142a o grubo\u015bci 4mm, po\u0142\u0105czonych ze sob\u0105 czterema foliami PVB o grubo\u015bci 0,38 mm. Dzi\u0119ki temu jest odporna na przebicie i rozbicie t\u0119pym lub ostrym narz\u0119dziem. Szyby tej klasy mog\u0105 zast\u0119powa\u0107 kraty o oczku 150 mm wykonane z drutu stalowego o \u015brednicy 10 mm.<\/p>\n<p style=\"text-align: justify;\">A co z izolacj\u0105? O to tak\u017ce zadbali\u015bmy. Aplikacje szklane nie obni\u017caj\u0105 deklarowanych w\u0142a\u015bciwo\u015bci termoizolacyjnych drzwi CAL.W ten spos\u00f3b wszystkie modele z wy\u017cej wymienionych kolekcji spe\u0142niaj\u0105 normy dotycz\u0105ce budownictwa energooszcz\u0119dnego, a w przypadku <span style=\"color: #008000;\"><a href=\"..\/..\/?dc_kolekcje_z=arktyczna\" target=\"_blank\" rel=\"noopener noreferrer\">kolekcji Arktycznej<\/a><\/span> \u2013 budownictwa pasywnego. Z kolei ka\u017cdy model drzwi z Kolekcji Lekka Jazda zawieraj\u0105cy aplikacje szklane wyposa\u017cyli\u015bmy w dwukomorowy pakiet szybowy z dwiema pow\u0142okami termofloat. S\u0105 to szyby wykonane z tzw. szk\u0142a niskoemisyjnego o niskim wsp\u00f3\u0142czynniku przenikania ciep\u0142a. W efekcie drzwi z aplikacjami wykonanymi ze szk\u0142a termofloat znacz\u0105co przyczyniaj\u0105 si\u0119 do <span style=\"color: #008000;\"><a href=\"https:\/\/www.drzwi-cal.pl\/en\/blog\/doplata-do-wymiany-drzwi-i-mniej-smogu\/\" target=\"_blank\" rel=\"noopener noreferrer\">energooszcz\u0119dno\u015bci<\/a> <\/span>i pomagaj\u0105 redukowa\u0107 emisj\u0119 CO2.<\/p>\n<blockquote>\n<h3>LUSTRA WENECKIE<\/h3>\n<p style=\"text-align: justify;\">Ciekawym rozwi\u0105zaniem w zakresie dost\u0119pnych w CAL aplikacji szklanych w drzwiach s\u0105 lustra weneckie \u2013 szyby pokryte cienk\u0105 warstw\u0105 metalu. Zazwyczaj umieszczone mi\u0119dzy dwoma przestrzeniami \u2013 jedna z nich jest przyciemniona \u2013 to wn\u0119trze domu, a druga jasno o\u015bwietlona na zewn\u0105trz. Osoby znajduj\u0105ce si\u0119 na podw\u00f3rzu widz\u0105 w\u0142asne odbicie. \u015awiat\u0142o z ciemnego wiatro\u0142apu r\u00f3wnie\u017c do niego przechodzi, ale oko ludzkie widz\u0105c znacznie ja\u015bniejsze odbicie od podw\u00f3rka, nie dostrzega tego \u015bwiat\u0142a. Natomiast w ciemnym wn\u0119trzu domu \u015bwiat\u0142o przechodz\u0105ce przez lustro ma znacznie wi\u0119ksze nat\u0119\u017cenie ni\u017c odbite od lustra, wi\u0119c osoby znajduj\u0105ce si\u0119 w nim mog\u0105 swobodnie obserwowa\u0107 ja\u015bniejsze pomieszczenie jak przez szyb\u0119.<\/p>\n<p style=\"text-align: justify;\">Nale\u017cy pami\u0119ta\u0107 o tym, \u017ce gdy na zewn\u0105trz jest ciemno, a w \u015brodku domu zapalimy \u015bwiat\u0142o, to efekt lustra b\u0119dzie widoczny od wewn\u0105trz, za\u015b obserwator zewn\u0119trzny b\u0119dzie widzia\u0142 obraz taki, jak przez normaln\u0105 szyb\u0119. Warto zwr\u00f3ci\u0107 uwag\u0119 tak\u017ce na nasz\u0105 <span style=\"color: #008000;\"><a href=\"..\/..\/?dc_kolekcje_z=filmowa\" target=\"_blank\" rel=\"noopener noreferrer\">Kolekcj\u0119 Filmow\u0105<\/a><\/span>, w zewn\u0119trzna, szersza szyba, jest malowana na czarno, co wraz z fazowanymi brzegami stanowi aplikacj\u0119 ozdobn\u0105, za\u015b przezierny pakiet szybowy umieszczony w \u015brodku daje mo\u017cliwo\u015b\u0107 obserwacji otoczenia przez drzwi i dodatkowo do\u015bwietla wiatro\u0142ap.<\/p>\n<\/blockquote>\n<h2>Na\u015bwietla w drzwiach zewn\u0119trznych<\/h2>\n<div id=\"attachment_5017\" style=\"width: 710px\" class=\"wp-caption aligncenter\"><img decoding=\"async\" aria-describedby=\"caption-attachment-5017\" class=\"wp-image-5017\" src=\"https:\/\/www.drzwi-cal.pl\/wp-content\/uploads\/2019\/02\/alutherm.jpg\" alt=\"drzwi z szyb\u0105\" width=\"700\" height=\"510\" srcset=\"https:\/\/www.drzwi-cal.pl\/wp-content\/uploads\/2019\/02\/alutherm.jpg 960w, https:\/\/www.drzwi-cal.pl\/wp-content\/uploads\/2019\/02\/alutherm-150x109.jpg 150w, https:\/\/www.drzwi-cal.pl\/wp-content\/uploads\/2019\/02\/alutherm-300x219.jpg 300w, https:\/\/www.drzwi-cal.pl\/wp-content\/uploads\/2019\/02\/alutherm-768x560.jpg 768w, https:\/\/www.drzwi-cal.pl\/wp-content\/uploads\/2019\/02\/alutherm-640x467.jpg 640w, https:\/\/www.drzwi-cal.pl\/wp-content\/uploads\/2019\/02\/alutherm-204x149.jpg 204w, https:\/\/www.drzwi-cal.pl\/wp-content\/uploads\/2019\/02\/alutherm-25x18.jpg 25w\" sizes=\"(max-width: 700px) 100vw, 700px\" \/><p id=\"caption-attachment-5017\" class=\"wp-caption-text\">Drzwi zewn\u0119trzne z kolekcji Alutherm marki CAL posiadaj\u0105 aplikacj\u0119 szklan\u0105 wykonan\u0105 ze szk\u0142a w klasie P4 o w\u0142a\u015bciwo\u015bciach antyw\u0142amaniowych i energooszcz\u0119dnych. W tej aran\u017cacji dodatkow\u0105 ozdob\u0105 jest na\u015bwietle, dzi\u0119ki kt\u00f3remu w ci\u0105gu dnia do pomieszczenia wpada wi\u0119cej natu<a href=\"https:\/\/www.drzwi-cal.pl\/en\/blog\/kolorowe-drzwi-paleta-ral\/\">ral<\/a>nego \u015bwiat\u0142a.<\/p><\/div>\n<p style=\"text-align: justify;\">Oddzielnym typem rozwi\u0105zania s\u0105 <strong>na\u015bwietla<\/strong>, czyli dodatkowe elementy zawieraj\u0105ce tafle szk\u0142a tworz\u0105ce wraz z drzwiami ca\u0142y zesp\u00f3\u0142 drzwiowy. Wi\u0119kszo\u015b\u0107 drzwi zewn\u0119trznych CAL mo\u017ce zosta\u0107 wyprodukowana w zespole z na\u015bwietlami \u2013 zar\u00f3wno bocznymi, jak i na\u015bwietlem g\u00f3rnym. Takie rozwi\u0105zanie nie tylko zachwyca eleganckim wygl\u0105dem, ale wpuszcza do domu, szczeg\u00f3lnie do przedpokoju czy wiatro\u0142apu dodatkow\u0105, mocn\u0105 dawk\u0119 dziennego \u015bwiat\u0142a. Jest to tak\u017ce spos\u00f3b na zabudowanie nietypowo wysokich lub nietypowo szerokich otwor\u00f3w drzwiowych, z kt\u00f3rymi mo\u017cemy spotka\u0107 si\u0119 szczeg\u00f3lnie w starszych budynkach jak np. kamienice. W CAL mo\u017cemy t\u0105 technik\u0105 wykona\u0107 drzwi zewn\u0119trzne do dowolnych otwor\u00f3w o szeroko\u015bci od 900 do 2950 mm i wysoko\u015bci od 2000 do a\u017c 3000 mm. Zestawy na\u015bwietli z drzwiami CAL s\u0105 wyj\u0105tkowe, poniewa\u017c <a href=\"https:\/\/www.drzwi-cal.pl\/cieplo-i-bezpieczenstwo\/\" target=\"_blank\" rel=\"noopener noreferrer\"><span style=\"color: #008000;\">posiadaj\u0105 klas\u0119 antyw\u0142amaniowo\u015bci RC2<\/span><\/a>. Kupuj\u0105c drzwi z na\u015bwietlami warto wi\u0119c zwr\u00f3ci\u0107 uwag\u0119, jak\u0105 klas\u0105 oznaczony jest ca\u0142y komplet, a nie jak u wi\u0119kszo\u015bci producent\u00f3w same drzwi.<\/p>\n<h2>Szyby w drzwiach wewn\u0119trznych<\/h2>\n<p><img decoding=\"async\" class=\"aligncenter wp-image-5019 size-large\" src=\"https:\/\/www.drzwi-cal.pl\/wp-content\/uploads\/2019\/02\/drzwi-jaczno-kolor-fuksja-kolekcja-nova-3.1-1024x768.jpg\" alt=\"drzwi z szyb\u0105\" width=\"1024\" height=\"768\" srcset=\"https:\/\/www.drzwi-cal.pl\/wp-content\/uploads\/2019\/02\/drzwi-jaczno-kolor-fuksja-kolekcja-nova-3.1-1024x768.jpg 1024w, https:\/\/www.drzwi-cal.pl\/wp-content\/uploads\/2019\/02\/drzwi-jaczno-kolor-fuksja-kolekcja-nova-3.1-150x113.jpg 150w, https:\/\/www.drzwi-cal.pl\/wp-content\/uploads\/2019\/02\/drzwi-jaczno-kolor-fuksja-kolekcja-nova-3.1-300x225.jpg 300w, https:\/\/www.drzwi-cal.pl\/wp-content\/uploads\/2019\/02\/drzwi-jaczno-kolor-fuksja-kolekcja-nova-3.1-768x576.jpg 768w, https:\/\/www.drzwi-cal.pl\/wp-content\/uploads\/2019\/02\/drzwi-jaczno-kolor-fuksja-kolekcja-nova-3.1-960x720.jpg 960w, https:\/\/www.drzwi-cal.pl\/wp-content\/uploads\/2019\/02\/drzwi-jaczno-kolor-fuksja-kolekcja-nova-3.1-640x480.jpg 640w, https:\/\/www.drzwi-cal.pl\/wp-content\/uploads\/2019\/02\/drzwi-jaczno-kolor-fuksja-kolekcja-nova-3.1-204x153.jpg 204w, https:\/\/www.drzwi-cal.pl\/wp-content\/uploads\/2019\/02\/drzwi-jaczno-kolor-fuksja-kolekcja-nova-3.1-25x19.jpg 25w, https:\/\/www.drzwi-cal.pl\/wp-content\/uploads\/2019\/02\/drzwi-jaczno-kolor-fuksja-kolekcja-nova-3.1.jpg 1200w\" sizes=\"(max-width: 1024px) 100vw, 1024px\" \/><\/p>\n<p style=\"text-align: justify;\">W przypadku drzwi wewn\u0119trznych szyby pozornie pe\u0142ni\u0105 funkcj\u0119 czysto estetyczn\u0105. W zwi\u0105zku z tym mo\u017cemy zaoferowa\u0107 Wam a\u017c <strong>9 rodzaj\u00f3w przeszkle\u0144<\/strong> o r\u00f3\u017cnym stopniu przejrzysto\u015bci, dzi\u0119ki czemu mog\u0105 by\u0107 to ca\u0142kowicie mleczne szyby idealne jako ozdoba drzwi \u0142azienkowych, gdzie liczy si\u0119 prywatno\u015b\u0107, jak i ca\u0142kowicie przejrzyste szyby, kt\u00f3re pi\u0119knie prezentuj\u0105 si\u0119 jako dekoracja drzwi do jadalni czy salonu.<\/p>\n<p><img loading=\"lazy\" decoding=\"async\" class=\"aligncenter wp-image-5021 size-large\" src=\"https:\/\/www.drzwi-cal.pl\/wp-content\/uploads\/2019\/02\/rodzaje-przeszkle\u0144-1024x424.png\" alt=\"drzwi z szyb\u0105\" width=\"1024\" height=\"424\" srcset=\"https:\/\/www.drzwi-cal.pl\/wp-content\/uploads\/2019\/02\/rodzaje-przeszkle\u0144-1024x424.png 1024w, https:\/\/www.drzwi-cal.pl\/wp-content\/uploads\/2019\/02\/rodzaje-przeszkle\u0144-150x62.png 150w, https:\/\/www.drzwi-cal.pl\/wp-content\/uploads\/2019\/02\/rodzaje-przeszkle\u0144-300x124.png 300w, https:\/\/www.drzwi-cal.pl\/wp-content\/uploads\/2019\/02\/rodzaje-przeszkle\u0144-768x318.png 768w, https:\/\/www.drzwi-cal.pl\/wp-content\/uploads\/2019\/02\/rodzaje-przeszkle\u0144-960x397.png 960w, https:\/\/www.drzwi-cal.pl\/wp-content\/uploads\/2019\/02\/rodzaje-przeszkle\u0144-640x265.png 640w, https:\/\/www.drzwi-cal.pl\/wp-content\/uploads\/2019\/02\/rodzaje-przeszkle\u0144-204x84.png 204w, https:\/\/www.drzwi-cal.pl\/wp-content\/uploads\/2019\/02\/rodzaje-przeszkle\u0144-25x10.png 25w, https:\/\/www.drzwi-cal.pl\/wp-content\/uploads\/2019\/02\/rodzaje-przeszkle\u0144.png 1768w\" sizes=\"(max-width: 1024px) 100vw, 1024px\" \/><\/p>\n<ul>\n<li>Szyba bezpieczna Decormat g\u0142adki<\/li>\n<li>Szyba bezpieczna Okienna<\/li>\n<li>Szyba bezpieczna Kryszta\u0142ek<\/li>\n<li>Szyba fazowana Decormat<\/li>\n<li>Szyba fazowana Refleks br\u0105z<\/li>\n<li>Szyba bezpieczna Mleczna<\/li>\n<li>Szyba hartowana Decormat<\/li>\n<li>Szyba fazowana Okienna<\/li>\n<li>Szyba fazowana Refleks grafit<\/li>\n<\/ul>\n<p style=\"text-align: justify;\">Dodatkowo umo\u017cliwiamy wzbogacenie estetyki drzwi o <strong>aplikacje ze<\/strong> <strong>szk\u0142a lacobel<\/strong>. Jest to ozdobne szk\u0142o kolorowe przeznaczone do wewn\u0105trz, ch\u0119tnie stosowane w formie paneli dekoracyjnych np. nad blatem w kuchni. Aplikacj\u0119 ze szk\u0142a lacobel (nieprze\u017aroczyst\u0105) w drzwiach wewn\u0119trznych mo\u017cemy wykona\u0107 w dowolnym kolorze z palety <a href=\"https:\/\/www.drzwi-cal.pl\/en\/blog\/kolorowe-drzwi-paleta-ral\/\">RAL<\/a>. Takie aplikacje sprawiaj\u0105, \u017ce drzwi wygl\u0105daj\u0105 niezwykle efektownie, a do listy plus\u00f3w trzeba doda\u0107 fakt \u0142atwego utrzymania tego typu szk\u0142a w czysto\u015bci.<\/p>\n<h2 data-start=\"0\" data-end=\"67\">Jak wybra\u0107 idealne przeszklenia w drzwiach CAL<\/h2>\n<p data-start=\"69\" data-end=\"584\">Na zako\u0144czenie warto podkre\u015bli\u0107, \u017ce zar\u00f3wno drzwi zewn\u0119trzne z szyb\u0105, jak i drzwi wewn\u0119trzne przeszklone otwieraj\u0105 ogromne mo\u017cliwo\u015bci aran\u017cacyjne. Dzi\u0119ki odpowiednio dobranej o\u015bcie\u017cnicy oraz zastosowaniu takich detali jak szpros czy du\u017ce przeszklenia mo\u017cna nada\u0107 przestrzeni industrialny charakter albo przeciwnie \u2013 wprowadzi\u0107 minimalistyczny styl. Nowoczesne drzwi z przeszkleniami nie tylko dekoruj\u0105, ale tak\u017ce potrafi\u0105 przepuszcza\u0107 \u015bwiat\u0142o dzienne, co zapewnia optyczne powi\u0119kszenie i wyj\u0105tkowy komfort w domu.<\/p>\n<p data-start=\"586\" data-end=\"1082\">Drzwi wej\u015bciowe z szyb\u0105 oraz drzwi pokojowe z przeszkleniami sprawdzaj\u0105 si\u0119 zar\u00f3wno w klasycznych, jak i nowoczesnych aran\u017cacjach. Przepuszczaj\u0105 \u015bwiat\u0142o i wprowadzaj\u0105 lekko\u015b\u0107, a jednocze\u015bnie pozwalaj\u0105 zachowa\u0107 prywatno\u015b\u0107 w zale\u017cno\u015bci od wybranego rodzaju szk\u0142a.<\/p>\n<p data-start=\"1084\" data-end=\"1550\" data-is-last-node=\"\" data-is-only-node=\"\">Rodzaje drzwi oferowane przez CAL \u2013 od eleganckich drzwi drewnianych po drzwi wewn\u0119trzne z przeszkleniem \u2013 pozwalaj\u0105 dopasowa\u0107 drzwi do stylu wn\u0119trza, jego funkcji i indywidualnych potrzeb. Niezale\u017cnie od tego, czy marzysz o klimacie loftowym, minimalistycznym wyko\u0144czeniu czy nowoczesnym charakterze pomieszczenia, ka\u017cde rozwi\u0105zanie wyposa\u017cone w szyby i odpowiednio ustawione wzgl\u0119dem wpadaj\u0105cego \u015bwiat\u0142a pozwoli wnie\u015b\u0107 do wn\u0119trza harmoni\u0119 i nada\u0107 mu charakteru.<\/p>\n","protected":false},"featured_media":5019,"comment_status":"closed","ping_status":"closed","template":"","meta":[],"class_list":["post-5014","dc_blog","type-dc_blog","status-publish","has-post-thumbnail","hentry"],"acf":[],"yoast_head":"<!-- This site is optimized with the Yoast SEO plugin v26.5 - https:\/\/yoast.com\/wordpress\/plugins\/seo\/ -->\n<title>Wszystko na temat przeszkle\u0144 w drzwiach z szyb\u0105 CAL - Drzwi zewn\u0119trzne i wewn\u0119trzne premium<\/title>\n<meta name=\"description\" content=\"Drzwi z szyb\u0105 potrafi\u0105 by\u0107 najwi\u0119kszym atutem estetycznym domu. Ponadto mocny, kilkuwarstwowy pakiet szybowy w drzwiach zewn\u0119trznych podnosi ich klas\u0119 antyw\u0142amaniowo\u015bci i odporno\u015b\u0107 na uszkodzenia. Dzi\u0119ki temu nasz dom staje si\u0119 bezpiecznym miejscem.\" \/>\n<meta name=\"robots\" content=\"index, follow, max-snippet:-1, max-image-preview:large, max-video-preview:-1\" \/>\n<link rel=\"canonical\" href=\"https:\/\/www.drzwi-cal.pl\/en\/blog\/szyby-w-drzwiach-cal\/\" \/>\n<meta property=\"og:locale\" content=\"en_US\" \/>\n<meta property=\"og:type\" content=\"article\" \/>\n<meta property=\"og:title\" content=\"Wszystko na temat przeszkle\u0144 w drzwiach z szyb\u0105 CAL - Drzwi zewn\u0119trzne i wewn\u0119trzne premium\" \/>\n<meta property=\"og:description\" content=\"Drzwi z szyb\u0105 potrafi\u0105 by\u0107 najwi\u0119kszym atutem estetycznym domu. Ponadto mocny, kilkuwarstwowy pakiet szybowy w drzwiach zewn\u0119trznych podnosi ich klas\u0119 antyw\u0142amaniowo\u015bci i odporno\u015b\u0107 na uszkodzenia. Dzi\u0119ki temu nasz dom staje si\u0119 bezpiecznym miejscem.\" \/>\n<meta property=\"og:url\" content=\"https:\/\/www.drzwi-cal.pl\/en\/blog\/szyby-w-drzwiach-cal\/\" \/>\n<meta property=\"og:site_name\" content=\"Drzwi zewn\u0119trzne i wewn\u0119trzne premium\" \/>\n<meta property=\"article:publisher\" content=\"https:\/\/www.facebook.com\/drzwical\/\" \/>\n<meta property=\"article:modified_time\" content=\"2026-04-08T20:11:41+00:00\" \/>\n<meta property=\"og:image\" content=\"https:\/\/www.drzwi-cal.pl\/wp-content\/uploads\/2019\/02\/drzwi-jaczno-kolor-fuksja-kolekcja-nova-3.1.jpg\" \/>\n\t<meta property=\"og:image:width\" content=\"1200\" \/>\n\t<meta property=\"og:image:height\" content=\"900\" \/>\n\t<meta property=\"og:image:type\" content=\"image\/jpeg\" \/>\n<meta name=\"twitter:card\" content=\"summary_large_image\" \/>\n<meta name=\"twitter:label1\" content=\"Est. reading time\" \/>\n\t<meta name=\"twitter:data1\" content=\"6 minutes\" \/>\n<script type=\"application\/ld+json\" class=\"yoast-schema-graph\">{\"@context\":\"https:\/\/schema.org\",\"@graph\":[{\"@type\":\"WebPage\",\"@id\":\"https:\/\/www.drzwi-cal.pl\/en\/blog\/szyby-w-drzwiach-cal\/\",\"url\":\"https:\/\/www.drzwi-cal.pl\/en\/blog\/szyby-w-drzwiach-cal\/\",\"name\":\"Wszystko na temat przeszkle\u0144 w drzwiach z szyb\u0105 CAL - Drzwi zewn\u0119trzne i wewn\u0119trzne premium\",\"isPartOf\":{\"@id\":\"https:\/\/www.drzwi-cal.pl\/en\/#website\"},\"primaryImageOfPage\":{\"@id\":\"https:\/\/www.drzwi-cal.pl\/en\/blog\/szyby-w-drzwiach-cal\/#primaryimage\"},\"image\":{\"@id\":\"https:\/\/www.drzwi-cal.pl\/en\/blog\/szyby-w-drzwiach-cal\/#primaryimage\"},\"thumbnailUrl\":\"https:\/\/www.drzwi-cal.pl\/wp-content\/uploads\/2019\/02\/drzwi-jaczno-kolor-fuksja-kolekcja-nova-3.1.jpg\",\"datePublished\":\"2019-02-20T08:25:40+00:00\",\"dateModified\":\"2026-04-08T20:11:41+00:00\",\"description\":\"Drzwi z szyb\u0105 potrafi\u0105 by\u0107 najwi\u0119kszym atutem estetycznym domu. Ponadto mocny, kilkuwarstwowy pakiet szybowy w drzwiach zewn\u0119trznych podnosi ich klas\u0119 antyw\u0142amaniowo\u015bci i odporno\u015b\u0107 na uszkodzenia. Dzi\u0119ki temu nasz dom staje si\u0119 bezpiecznym miejscem.\",\"breadcrumb\":{\"@id\":\"https:\/\/www.drzwi-cal.pl\/en\/blog\/szyby-w-drzwiach-cal\/#breadcrumb\"},\"inLanguage\":\"en-US\",\"potentialAction\":[{\"@type\":\"ReadAction\",\"target\":[\"https:\/\/www.drzwi-cal.pl\/en\/blog\/szyby-w-drzwiach-cal\/\"]}]},{\"@type\":\"ImageObject\",\"inLanguage\":\"en-US\",\"@id\":\"https:\/\/www.drzwi-cal.pl\/en\/blog\/szyby-w-drzwiach-cal\/#primaryimage\",\"url\":\"https:\/\/www.drzwi-cal.pl\/wp-content\/uploads\/2019\/02\/drzwi-jaczno-kolor-fuksja-kolekcja-nova-3.1.jpg\",\"contentUrl\":\"https:\/\/www.drzwi-cal.pl\/wp-content\/uploads\/2019\/02\/drzwi-jaczno-kolor-fuksja-kolekcja-nova-3.1.jpg\",\"width\":1200,\"height\":900,\"caption\":\"drzwi z szyb\u0105\"},{\"@type\":\"BreadcrumbList\",\"@id\":\"https:\/\/www.drzwi-cal.pl\/en\/blog\/szyby-w-drzwiach-cal\/#breadcrumb\",\"itemListElement\":[{\"@type\":\"ListItem\",\"position\":1,\"name\":\"CAL prawdziwe drzwi\",\"item\":\"https:\/\/www.drzwi-cal.pl\/en\/\"},{\"@type\":\"ListItem\",\"position\":2,\"name\":\"Blog\",\"item\":\"https:\/\/www.drzwi-cal.pl\/en\/blog\/\"},{\"@type\":\"ListItem\",\"position\":3,\"name\":\"Wszystko na temat przeszkle\u0144 w drzwiach z szyb\u0105 CAL\u00a0\"}]},{\"@type\":\"WebSite\",\"@id\":\"https:\/\/www.drzwi-cal.pl\/en\/#website\",\"url\":\"https:\/\/www.drzwi-cal.pl\/en\/\",\"name\":\"Drzwi zewn\u0119trzne i wewn\u0119trzne premium\",\"description\":\"Wybierz tylko kolor i model swoich drzwi zewn\u0119trznych CAL, bo ciep\u0142o i bezpiecze\u0144stwo masz zawsze w cenie! Dobierz pasuj\u0105ce drewniane drzwi wewn\u0119trzne CAL.\",\"publisher\":{\"@id\":\"https:\/\/www.drzwi-cal.pl\/en\/#organization\"},\"potentialAction\":[{\"@type\":\"SearchAction\",\"target\":{\"@type\":\"EntryPoint\",\"urlTemplate\":\"https:\/\/www.drzwi-cal.pl\/en\/?s={search_term_string}\"},\"query-input\":{\"@type\":\"PropertyValueSpecification\",\"valueRequired\":true,\"valueName\":\"search_term_string\"}}],\"inLanguage\":\"en-US\"},{\"@type\":\"Organization\",\"@id\":\"https:\/\/www.drzwi-cal.pl\/en\/#organization\",\"name\":\"Drzwi CAL\",\"alternateName\":\"Prawdziwe drzwi CAL\",\"url\":\"https:\/\/www.drzwi-cal.pl\/en\/\",\"logo\":{\"@type\":\"ImageObject\",\"inLanguage\":\"en-US\",\"@id\":\"https:\/\/www.drzwi-cal.pl\/en\/#\/schema\/logo\/image\/\",\"url\":\"https:\/\/www.drzwi-cal.pl\/wp-content\/uploads\/2018\/08\/CAL.jpg\",\"contentUrl\":\"https:\/\/www.drzwi-cal.pl\/wp-content\/uploads\/2018\/08\/CAL.jpg\",\"width\":1667,\"height\":750,\"caption\":\"Drzwi CAL\"},\"image\":{\"@id\":\"https:\/\/www.drzwi-cal.pl\/en\/#\/schema\/logo\/image\/\"},\"sameAs\":[\"https:\/\/www.facebook.com\/drzwical\/\",\"https:\/\/www.instagram.com\/drzwical\/\",\"https:\/\/www.linkedin.com\/company\/drzwi-cal\",\"https:\/\/www.youtube.com\/user\/drzwical\/\"]}]}<\/script>\n<!-- \/ Yoast SEO plugin. -->","yoast_head_json":{"title":"Wszystko na temat przeszkle\u0144 w drzwiach z szyb\u0105 CAL - Drzwi zewn\u0119trzne i wewn\u0119trzne premium","description":"Drzwi z szyb\u0105 potrafi\u0105 by\u0107 najwi\u0119kszym atutem estetycznym domu. Ponadto mocny, kilkuwarstwowy pakiet szybowy w drzwiach zewn\u0119trznych podnosi ich klas\u0119 antyw\u0142amaniowo\u015bci i odporno\u015b\u0107 na uszkodzenia. Dzi\u0119ki temu nasz dom staje si\u0119 bezpiecznym miejscem.","robots":{"index":"index","follow":"follow","max-snippet":"max-snippet:-1","max-image-preview":"max-image-preview:large","max-video-preview":"max-video-preview:-1"},"canonical":"https:\/\/www.drzwi-cal.pl\/en\/blog\/szyby-w-drzwiach-cal\/","og_locale":"en_US","og_type":"article","og_title":"Wszystko na temat przeszkle\u0144 w drzwiach z szyb\u0105 CAL - Drzwi zewn\u0119trzne i wewn\u0119trzne premium","og_description":"Drzwi z szyb\u0105 potrafi\u0105 by\u0107 najwi\u0119kszym atutem estetycznym domu. Ponadto mocny, kilkuwarstwowy pakiet szybowy w drzwiach zewn\u0119trznych podnosi ich klas\u0119 antyw\u0142amaniowo\u015bci i odporno\u015b\u0107 na uszkodzenia. Dzi\u0119ki temu nasz dom staje si\u0119 bezpiecznym miejscem.","og_url":"https:\/\/www.drzwi-cal.pl\/en\/blog\/szyby-w-drzwiach-cal\/","og_site_name":"Drzwi zewn\u0119trzne i wewn\u0119trzne premium","article_publisher":"https:\/\/www.facebook.com\/drzwical\/","article_modified_time":"2026-04-08T20:11:41+00:00","og_image":[{"width":1200,"height":900,"url":"https:\/\/www.drzwi-cal.pl\/wp-content\/uploads\/2019\/02\/drzwi-jaczno-kolor-fuksja-kolekcja-nova-3.1.jpg","type":"image\/jpeg"}],"twitter_card":"summary_large_image","twitter_misc":{"Est. reading time":"6 minutes"},"schema":{"@context":"https:\/\/schema.org","@graph":[{"@type":"WebPage","@id":"https:\/\/www.drzwi-cal.pl\/en\/blog\/szyby-w-drzwiach-cal\/","url":"https:\/\/www.drzwi-cal.pl\/en\/blog\/szyby-w-drzwiach-cal\/","name":"Wszystko na temat przeszkle\u0144 w drzwiach z szyb\u0105 CAL - Drzwi zewn\u0119trzne i wewn\u0119trzne premium","isPartOf":{"@id":"https:\/\/www.drzwi-cal.pl\/en\/#website"},"primaryImageOfPage":{"@id":"https:\/\/www.drzwi-cal.pl\/en\/blog\/szyby-w-drzwiach-cal\/#primaryimage"},"image":{"@id":"https:\/\/www.drzwi-cal.pl\/en\/blog\/szyby-w-drzwiach-cal\/#primaryimage"},"thumbnailUrl":"https:\/\/www.drzwi-cal.pl\/wp-content\/uploads\/2019\/02\/drzwi-jaczno-kolor-fuksja-kolekcja-nova-3.1.jpg","datePublished":"2019-02-20T08:25:40+00:00","dateModified":"2026-04-08T20:11:41+00:00","description":"Drzwi z szyb\u0105 potrafi\u0105 by\u0107 najwi\u0119kszym atutem estetycznym domu. Ponadto mocny, kilkuwarstwowy pakiet szybowy w drzwiach zewn\u0119trznych podnosi ich klas\u0119 antyw\u0142amaniowo\u015bci i odporno\u015b\u0107 na uszkodzenia. Dzi\u0119ki temu nasz dom staje si\u0119 bezpiecznym miejscem.","breadcrumb":{"@id":"https:\/\/www.drzwi-cal.pl\/en\/blog\/szyby-w-drzwiach-cal\/#breadcrumb"},"inLanguage":"en-US","potentialAction":[{"@type":"ReadAction","target":["https:\/\/www.drzwi-cal.pl\/en\/blog\/szyby-w-drzwiach-cal\/"]}]},{"@type":"ImageObject","inLanguage":"en-US","@id":"https:\/\/www.drzwi-cal.pl\/en\/blog\/szyby-w-drzwiach-cal\/#primaryimage","url":"https:\/\/www.drzwi-cal.pl\/wp-content\/uploads\/2019\/02\/drzwi-jaczno-kolor-fuksja-kolekcja-nova-3.1.jpg","contentUrl":"https:\/\/www.drzwi-cal.pl\/wp-content\/uploads\/2019\/02\/drzwi-jaczno-kolor-fuksja-kolekcja-nova-3.1.jpg","width":1200,"height":900,"caption":"drzwi z szyb\u0105"},{"@type":"BreadcrumbList","@id":"https:\/\/www.drzwi-cal.pl\/en\/blog\/szyby-w-drzwiach-cal\/#breadcrumb","itemListElement":[{"@type":"ListItem","position":1,"name":"CAL prawdziwe drzwi","item":"https:\/\/www.drzwi-cal.pl\/en\/"},{"@type":"ListItem","position":2,"name":"Blog","item":"https:\/\/www.drzwi-cal.pl\/en\/blog\/"},{"@type":"ListItem","position":3,"name":"Wszystko na temat przeszkle\u0144 w drzwiach z szyb\u0105 CAL\u00a0"}]},{"@type":"WebSite","@id":"https:\/\/www.drzwi-cal.pl\/en\/#website","url":"https:\/\/www.drzwi-cal.pl\/en\/","name":"Drzwi zewn\u0119trzne i wewn\u0119trzne premium","description":"Wybierz tylko kolor i model swoich drzwi zewn\u0119trznych CAL, bo ciep\u0142o i bezpiecze\u0144stwo masz zawsze w cenie! Dobierz pasuj\u0105ce drewniane drzwi wewn\u0119trzne CAL.","publisher":{"@id":"https:\/\/www.drzwi-cal.pl\/en\/#organization"},"potentialAction":[{"@type":"SearchAction","target":{"@type":"EntryPoint","urlTemplate":"https:\/\/www.drzwi-cal.pl\/en\/?s={search_term_string}"},"query-input":{"@type":"PropertyValueSpecification","valueRequired":true,"valueName":"search_term_string"}}],"inLanguage":"en-US"},{"@type":"Organization","@id":"https:\/\/www.drzwi-cal.pl\/en\/#organization","name":"Drzwi CAL","alternateName":"Prawdziwe drzwi CAL","url":"https:\/\/www.drzwi-cal.pl\/en\/","logo":{"@type":"ImageObject","inLanguage":"en-US","@id":"https:\/\/www.drzwi-cal.pl\/en\/#\/schema\/logo\/image\/","url":"https:\/\/www.drzwi-cal.pl\/wp-content\/uploads\/2018\/08\/CAL.jpg","contentUrl":"https:\/\/www.drzwi-cal.pl\/wp-content\/uploads\/2018\/08\/CAL.jpg","width":1667,"height":750,"caption":"Drzwi CAL"},"image":{"@id":"https:\/\/www.drzwi-cal.pl\/en\/#\/schema\/logo\/image\/"},"sameAs":["https:\/\/www.facebook.com\/drzwical\/","https:\/\/www.instagram.com\/drzwical\/","https:\/\/www.linkedin.com\/company\/drzwi-cal","https:\/\/www.youtube.com\/user\/drzwical\/"]}]}},"_links":{"self":[{"href":"https:\/\/www.drzwi-cal.pl\/en\/wp-json\/wp\/v2\/blog\/5014","targetHints":{"allow":["GET"]}}],"collection":[{"href":"https:\/\/www.drzwi-cal.pl\/en\/wp-json\/wp\/v2\/blog"}],"about":[{"href":"https:\/\/www.drzwi-cal.pl\/en\/wp-json\/wp\/v2\/types\/dc_blog"}],"replies":[{"embeddable":true,"href":"https:\/\/www.drzwi-cal.pl\/en\/wp-json\/wp\/v2\/comments?post=5014"}],"version-history":[{"count":5,"href":"https:\/\/www.drzwi-cal.pl\/en\/wp-json\/wp\/v2\/blog\/5014\/revisions"}],"predecessor-version":[{"id":23549,"href":"https:\/\/www.drzwi-cal.pl\/en\/wp-json\/wp\/v2\/blog\/5014\/revisions\/23549"}],"wp:featuredmedia":[{"embeddable":true,"href":"https:\/\/www.drzwi-cal.pl\/en\/wp-json\/wp\/v2\/media\/5019"}],"wp:attachment":[{"href":"https:\/\/www.drzwi-cal.pl\/en\/wp-json\/wp\/v2\/media?parent=5014"}],"curies":[{"name":"wp","href":"https:\/\/api.w.org\/{rel}","templated":true}]}}