{"id":5091,"date":"2019-03-07T11:39:45","date_gmt":"2019-03-07T10:39:45","guid":{"rendered":"https:\/\/www.drzwi-cal.pl\/?post_type=dc_blog&#038;p=5091"},"modified":"2020-06-09T09:49:43","modified_gmt":"2020-06-09T07:49:43","slug":"drzwi-cal-budma-2019","status":"publish","type":"dc_blog","link":"https:\/\/www.drzwi-cal.pl\/en\/blog\/drzwi-cal-budma-2019\/","title":{"rendered":"Relacja Budma 2019 \u2013 Drzwi CAL na targach w Poznaniu"},"content":{"rendered":"<div id=\"attachment_5092\" style=\"width: 810px\" class=\"wp-caption aligncenter\"><img fetchpriority=\"high\" decoding=\"async\" aria-describedby=\"caption-attachment-5092\" class=\"wp-image-5092\" src=\"https:\/\/www.drzwi-cal.pl\/wp-content\/uploads\/2019\/03\/Drzwi-CAL-na-targach-Budma-2019-w-Poznaniu-1-1024x768.jpg\" alt=\"drzwi cal budma 2019\" width=\"800\" height=\"600\" srcset=\"https:\/\/www.drzwi-cal.pl\/wp-content\/uploads\/2019\/03\/Drzwi-CAL-na-targach-Budma-2019-w-Poznaniu-1-1024x768.jpg 1024w, https:\/\/www.drzwi-cal.pl\/wp-content\/uploads\/2019\/03\/Drzwi-CAL-na-targach-Budma-2019-w-Poznaniu-1-150x113.jpg 150w, https:\/\/www.drzwi-cal.pl\/wp-content\/uploads\/2019\/03\/Drzwi-CAL-na-targach-Budma-2019-w-Poznaniu-1-300x225.jpg 300w, https:\/\/www.drzwi-cal.pl\/wp-content\/uploads\/2019\/03\/Drzwi-CAL-na-targach-Budma-2019-w-Poznaniu-1-768x576.jpg 768w, https:\/\/www.drzwi-cal.pl\/wp-content\/uploads\/2019\/03\/Drzwi-CAL-na-targach-Budma-2019-w-Poznaniu-1-960x720.jpg 960w, https:\/\/www.drzwi-cal.pl\/wp-content\/uploads\/2019\/03\/Drzwi-CAL-na-targach-Budma-2019-w-Poznaniu-1-640x480.jpg 640w, https:\/\/www.drzwi-cal.pl\/wp-content\/uploads\/2019\/03\/Drzwi-CAL-na-targach-Budma-2019-w-Poznaniu-1-204x153.jpg 204w, https:\/\/www.drzwi-cal.pl\/wp-content\/uploads\/2019\/03\/Drzwi-CAL-na-targach-Budma-2019-w-Poznaniu-1-25x19.jpg 25w, https:\/\/www.drzwi-cal.pl\/wp-content\/uploads\/2019\/03\/Drzwi-CAL-na-targach-Budma-2019-w-Poznaniu-1.jpg 1440w\" sizes=\"(max-width: 800px) 100vw, 800px\" \/><p id=\"caption-attachment-5092\" class=\"wp-caption-text\"><em>Stoisko CAL podczas targ\u00f3w Budma 2019 przyci\u0105gn\u0119\u0142o wiele os\u00f3b zainteresowanych niebanalnym designem naszych drzwi.<\/em><\/p><\/div>\n<p style=\"text-align: justify;\">Mi\u0119dzynarodowe Targi Budownictwa i Architektury BUDMA 2019 odby\u0142y si\u0119 w po\u0142owie lutego w Poznaniu. To jedna z najwi\u0119kszych tego typu bran\u017cowych imprez w Europie, gdzie wystawiaj\u0105 si\u0119 najlepsze firmy zwi\u0105zane z bran\u017c\u0105 budowlan\u0105, architektur\u0105 i innowacyjnymi technologiami. W\u015br\u00f3d producent\u00f3w nowoczesnych drzwi nie zabrak\u0142o tak\u017ce marki Drzwi CAL.<\/p>\n<p style=\"text-align: justify;\">\u2013 W czterech stojakach wykonanych z masywnej klejonki \u015bwierkowej, podkre\u015blaj\u0105cej naturalne materia\u0142y, osadzili\u015bmy dwoje drzwi wewn\u0119trznych i tyle samo zewn\u0119trznych. Wszystkie o ponadgabarytowej wysoko\u015bci 2500 mm okre\u015blaj\u0105cej mo\u017cliwo\u015bci technologiczne firmy CAL. Wszystkie to konstrukcje z niewidocznymi zawiasami i obustronnie zlicowane z o\u015bcie\u017cnic\u0105 \u2013 wyja\u015bnia Czes\u0142aw Suski, Dyrektor Handlowy CAL.<\/p>\n<h2>Drzwi CAL Budma 2019 \u2013 Rovaniemi z ok\u0142adzin\u0105 z \u0142upka kwarcytowego<\/h2>\n<p style=\"text-align: justify;\">Na wej\u015bciu do stoiska, wzd\u0142u\u017c g\u0142\u00f3wnej drogi komunikacyjnej hali nr 5 ustawili\u015bmy drzwi z Kolekcji Arktycznej w ok\u0142adzinie z kamienia. Pot\u0119\u017cna p\u0142aszczyzna drzwi o dwuip\u00f3\u0142metrowej wysoko\u015bci i ponad metrowej szeroko\u015bci, o niespodziewanej fakturze powierzchni przyci\u0105ga\u0142a wzrok wszystkich przechodz\u0105cych i prowokowa\u0142a do cho\u0107by pog\u0142askania skrzyd\u0142a drzwiowego. Pytania o rodzaj tak niespotykanego materia\u0142u by\u0142y cz\u0119sto pocz\u0105tkiem prezentacji wyj\u0105tkowych walor\u00f3w technicznych pasywnych, otwieranych na zewn\u0105trz drzwi z niewidocznymi zawiasami. Od wewn\u0105trz drzwi wyko\u0144czone by\u0142y antracytowym olejowoskiem.<\/p>\n<div id=\"attachment_5094\" style=\"width: 810px\" class=\"wp-caption aligncenter\"><img decoding=\"async\" aria-describedby=\"caption-attachment-5094\" class=\"wp-image-5094\" src=\"https:\/\/www.drzwi-cal.pl\/wp-content\/uploads\/2019\/03\/Drzwi-CAL-na-targach-Budma-2019-w-Poznaniu-2.jpg\" alt=\"drzwi cal budma 2019\" width=\"800\" height=\"600\" srcset=\"https:\/\/www.drzwi-cal.pl\/wp-content\/uploads\/2019\/03\/Drzwi-CAL-na-targach-Budma-2019-w-Poznaniu-2.jpg 1024w, https:\/\/www.drzwi-cal.pl\/wp-content\/uploads\/2019\/03\/Drzwi-CAL-na-targach-Budma-2019-w-Poznaniu-2-150x113.jpg 150w, https:\/\/www.drzwi-cal.pl\/wp-content\/uploads\/2019\/03\/Drzwi-CAL-na-targach-Budma-2019-w-Poznaniu-2-300x225.jpg 300w, https:\/\/www.drzwi-cal.pl\/wp-content\/uploads\/2019\/03\/Drzwi-CAL-na-targach-Budma-2019-w-Poznaniu-2-768x576.jpg 768w, https:\/\/www.drzwi-cal.pl\/wp-content\/uploads\/2019\/03\/Drzwi-CAL-na-targach-Budma-2019-w-Poznaniu-2-960x720.jpg 960w, https:\/\/www.drzwi-cal.pl\/wp-content\/uploads\/2019\/03\/Drzwi-CAL-na-targach-Budma-2019-w-Poznaniu-2-640x480.jpg 640w, https:\/\/www.drzwi-cal.pl\/wp-content\/uploads\/2019\/03\/Drzwi-CAL-na-targach-Budma-2019-w-Poznaniu-2-204x153.jpg 204w, https:\/\/www.drzwi-cal.pl\/wp-content\/uploads\/2019\/03\/Drzwi-CAL-na-targach-Budma-2019-w-Poznaniu-2-25x19.jpg 25w\" sizes=\"(max-width: 800px) 100vw, 800px\" \/><p id=\"caption-attachment-5094\" class=\"wp-caption-text\"><em>Dyrektor Handlowy, Czes\u0142aw Suski prezentuje drzwi Rovaniemi NTP pokryte autentycznym \u0142upkiem kwarcytowym z Brazylii.<\/em><\/p><\/div>\n<h2>Pasywne drzwi z na\u015bwietlami w ok\u0142adzinie z blachy kortenowskiej<\/h2>\n<p style=\"text-align: justify;\">Wyj\u0105tkowym po\u0142\u0105czeniem wysokiej technologii i bardzo modnego designu by\u0142 portal wej\u015bciowy sk\u0142adaj\u0105cy si\u0119 z drzwi z klepk\u0105 d\u0119bow\u0105 zamontowanych w zlicowanych na\u015bwietlach bocznych w ok\u0142adzinie z blachy kortenowskiej &#8211; bardzo modnym rozwi\u0105zaniem wyko\u0144czeniowym w tym sezonie, kt\u00f3ry daje pi\u0119kny i ciep\u0142y efekt rdzy. Mnogo\u015b\u0107 zastosowanych technologii jest trudna do wymienienia w kr\u00f3tkiej relacji. Do\u015b\u0107 powiedzie\u0107, \u017ce zamontowali\u015bmy w nich system CALconnect, s\u0142u\u017c\u0105cy do sterowania i nadzoru drzwi za pomoc\u0105 smartfonu dedykowan\u0105 aplikacj\u0105, z mo\u017cliwo\u015bci\u0105 pod\u0142\u0105czenia do instalacji domu inteligentnego. Ca\u0142o\u015b\u0107 prezentowa\u0142a si\u0119 bardzo okazale i dizajnersko. Takie zestawienie jest \u015bwie\u017co po badaniach szczelno\u015bci i odporno\u015bci na czynniki zewn\u0119trzne oraz izolacyjno\u015bci termicznej. Zainteresowani mogli zobaczy\u0107 pachn\u0105ce jeszcze farb\u0105 drukarsk\u0105 certyfikaty.<\/p>\n<div id=\"attachment_5096\" style=\"width: 810px\" class=\"wp-caption aligncenter\"><img decoding=\"async\" aria-describedby=\"caption-attachment-5096\" class=\"wp-image-5096\" src=\"https:\/\/www.drzwi-cal.pl\/wp-content\/uploads\/2019\/03\/Drzwi-CAL-na-targach-Budma-2019-w-Poznaniu-3.jpg\" alt=\"drzwi cal budma 2019\" width=\"800\" height=\"450\" srcset=\"https:\/\/www.drzwi-cal.pl\/wp-content\/uploads\/2019\/03\/Drzwi-CAL-na-targach-Budma-2019-w-Poznaniu-3.jpg 1600w, https:\/\/www.drzwi-cal.pl\/wp-content\/uploads\/2019\/03\/Drzwi-CAL-na-targach-Budma-2019-w-Poznaniu-3-150x84.jpg 150w, https:\/\/www.drzwi-cal.pl\/wp-content\/uploads\/2019\/03\/Drzwi-CAL-na-targach-Budma-2019-w-Poznaniu-3-300x169.jpg 300w, https:\/\/www.drzwi-cal.pl\/wp-content\/uploads\/2019\/03\/Drzwi-CAL-na-targach-Budma-2019-w-Poznaniu-3-768x432.jpg 768w, https:\/\/www.drzwi-cal.pl\/wp-content\/uploads\/2019\/03\/Drzwi-CAL-na-targach-Budma-2019-w-Poznaniu-3-1024x576.jpg 1024w, https:\/\/www.drzwi-cal.pl\/wp-content\/uploads\/2019\/03\/Drzwi-CAL-na-targach-Budma-2019-w-Poznaniu-3-960x540.jpg 960w, https:\/\/www.drzwi-cal.pl\/wp-content\/uploads\/2019\/03\/Drzwi-CAL-na-targach-Budma-2019-w-Poznaniu-3-640x360.jpg 640w, https:\/\/www.drzwi-cal.pl\/wp-content\/uploads\/2019\/03\/Drzwi-CAL-na-targach-Budma-2019-w-Poznaniu-3-204x115.jpg 204w, https:\/\/www.drzwi-cal.pl\/wp-content\/uploads\/2019\/03\/Drzwi-CAL-na-targach-Budma-2019-w-Poznaniu-3-25x14.jpg 25w\" sizes=\"(max-width: 800px) 100vw, 800px\" \/><p id=\"caption-attachment-5096\" class=\"wp-caption-text\"><em>Drzwi CAL Budma 2019. Pasywny portal zewn\u0119trzny z systemem CAL Connect to propozycja dla inteligentnego domu.<\/em><\/p><\/div>\n<div id=\"attachment_5100\" style=\"width: 810px\" class=\"wp-caption aligncenter\"><img loading=\"lazy\" decoding=\"async\" aria-describedby=\"caption-attachment-5100\" class=\"wp-image-5100\" src=\"https:\/\/www.drzwi-cal.pl\/wp-content\/uploads\/2019\/03\/Drzwi-CAL-okleina-robin-wood-1.jpg\" alt=\"drzwi cal budma 2019\" width=\"800\" height=\"739\" srcset=\"https:\/\/www.drzwi-cal.pl\/wp-content\/uploads\/2019\/03\/Drzwi-CAL-okleina-robin-wood-1.jpg 1300w, https:\/\/www.drzwi-cal.pl\/wp-content\/uploads\/2019\/03\/Drzwi-CAL-okleina-robin-wood-1-150x139.jpg 150w, https:\/\/www.drzwi-cal.pl\/wp-content\/uploads\/2019\/03\/Drzwi-CAL-okleina-robin-wood-1-300x277.jpg 300w, https:\/\/www.drzwi-cal.pl\/wp-content\/uploads\/2019\/03\/Drzwi-CAL-okleina-robin-wood-1-768x710.jpg 768w, https:\/\/www.drzwi-cal.pl\/wp-content\/uploads\/2019\/03\/Drzwi-CAL-okleina-robin-wood-1-1024x946.jpg 1024w, https:\/\/www.drzwi-cal.pl\/wp-content\/uploads\/2019\/03\/Drzwi-CAL-okleina-robin-wood-1-960x887.jpg 960w, https:\/\/www.drzwi-cal.pl\/wp-content\/uploads\/2019\/03\/Drzwi-CAL-okleina-robin-wood-1-640x591.jpg 640w, https:\/\/www.drzwi-cal.pl\/wp-content\/uploads\/2019\/03\/Drzwi-CAL-okleina-robin-wood-1-204x188.jpg 204w, https:\/\/www.drzwi-cal.pl\/wp-content\/uploads\/2019\/03\/Drzwi-CAL-okleina-robin-wood-1-25x23.jpg 25w\" sizes=\"(max-width: 800px) 100vw, 800px\" \/><p id=\"caption-attachment-5100\" class=\"wp-caption-text\"><em>Od strony wewn\u0119trznej ca\u0142a \u015bcianka zaokleinowana zosta\u0142a, podobnie jak stoj\u0105ce obok drzwi wewn\u0119trzne Boksze, fornirem Robin Wood z limitowanej kolekcji dost\u0119pnej tylko w ofercie CAL.<\/em><\/p><\/div>\n<h2>Naturalnie i kolorowo. Drzwi CAL poczu\u0142y wiosn\u0119<\/h2>\n<p style=\"text-align: justify;\">Na zako\u0144czenie pere\u0142ka w kolekcji, model Czarna Ha\u0144cza, kt\u00f3ry mia\u0142 swoj\u0105 premier\u0105 na targach Budma 2019. R\u0119cznie robione drzwi z d\u0119bowych desek zespojonych barwn\u0105 \u017cywic\u0105 epoksydow\u0105. Kolor \u017cywicy mo\u017cecie dobra\u0107 dowolnie \u2013 niebieska, zielona, r\u00f3\u017cowa, czarna\u00a0 \u2013 jak\u0105 chcecie.<\/p>\n<div id=\"attachment_5104\" style=\"width: 810px\" class=\"wp-caption aligncenter\"><img loading=\"lazy\" decoding=\"async\" aria-describedby=\"caption-attachment-5104\" class=\"wp-image-5104\" src=\"https:\/\/www.drzwi-cal.pl\/wp-content\/uploads\/2019\/03\/drzwi-CAL-Czarna-Ha\u0144cza-z-\u017cywic\u0105.jpg\" alt=\"drzwi cal budma 2019\" width=\"800\" height=\"692\" srcset=\"https:\/\/www.drzwi-cal.pl\/wp-content\/uploads\/2019\/03\/drzwi-CAL-Czarna-Ha\u0144cza-z-\u017cywic\u0105.jpg 1300w, https:\/\/www.drzwi-cal.pl\/wp-content\/uploads\/2019\/03\/drzwi-CAL-Czarna-Ha\u0144cza-z-\u017cywic\u0105-150x130.jpg 150w, https:\/\/www.drzwi-cal.pl\/wp-content\/uploads\/2019\/03\/drzwi-CAL-Czarna-Ha\u0144cza-z-\u017cywic\u0105-300x259.jpg 300w, https:\/\/www.drzwi-cal.pl\/wp-content\/uploads\/2019\/03\/drzwi-CAL-Czarna-Ha\u0144cza-z-\u017cywic\u0105-768x664.jpg 768w, https:\/\/www.drzwi-cal.pl\/wp-content\/uploads\/2019\/03\/drzwi-CAL-Czarna-Ha\u0144cza-z-\u017cywic\u0105-1024x885.jpg 1024w, https:\/\/www.drzwi-cal.pl\/wp-content\/uploads\/2019\/03\/drzwi-CAL-Czarna-Ha\u0144cza-z-\u017cywic\u0105-960x830.jpg 960w, https:\/\/www.drzwi-cal.pl\/wp-content\/uploads\/2019\/03\/drzwi-CAL-Czarna-Ha\u0144cza-z-\u017cywic\u0105-640x553.jpg 640w, https:\/\/www.drzwi-cal.pl\/wp-content\/uploads\/2019\/03\/drzwi-CAL-Czarna-Ha\u0144cza-z-\u017cywic\u0105-204x176.jpg 204w, https:\/\/www.drzwi-cal.pl\/wp-content\/uploads\/2019\/03\/drzwi-CAL-Czarna-Ha\u0144cza-z-\u017cywic\u0105-25x22.jpg 25w\" sizes=\"(max-width: 800px) 100vw, 800px\" \/><p id=\"caption-attachment-5104\" class=\"wp-caption-text\"><em>Powy\u017cej: drzwi Czarna Ha\u0144cza wykonane zosta\u0142y ca\u0142kowicie r\u0119cznie. Warto zwr\u00f3ci\u0107 uwag\u0119 na naturalny kszta\u0142t desek oraz wype\u0142nienie z kolorowej \u017cywicy epoksydowej.<\/em><\/p><\/div>\n<div id=\"attachment_5108\" style=\"width: 810px\" class=\"wp-caption aligncenter\"><img loading=\"lazy\" decoding=\"async\" aria-describedby=\"caption-attachment-5108\" class=\"wp-image-5108\" src=\"https:\/\/www.drzwi-cal.pl\/wp-content\/uploads\/2019\/03\/Drzwi-CAL-na-targach-Budma-2019-drzwi-z-\u0142upkiem-i-Zbighniew-Urba\u0144ski-testuje-portal-drzwiowy-CAL-1.jpg\" alt=\"drzwi cal budma 2019\" width=\"800\" height=\"692\" srcset=\"https:\/\/www.drzwi-cal.pl\/wp-content\/uploads\/2019\/03\/Drzwi-CAL-na-targach-Budma-2019-drzwi-z-\u0142upkiem-i-Zbighniew-Urba\u0144ski-testuje-portal-drzwiowy-CAL-1.jpg 1300w, https:\/\/www.drzwi-cal.pl\/wp-content\/uploads\/2019\/03\/Drzwi-CAL-na-targach-Budma-2019-drzwi-z-\u0142upkiem-i-Zbighniew-Urba\u0144ski-testuje-portal-drzwiowy-CAL-1-150x130.jpg 150w, https:\/\/www.drzwi-cal.pl\/wp-content\/uploads\/2019\/03\/Drzwi-CAL-na-targach-Budma-2019-drzwi-z-\u0142upkiem-i-Zbighniew-Urba\u0144ski-testuje-portal-drzwiowy-CAL-1-300x259.jpg 300w, https:\/\/www.drzwi-cal.pl\/wp-content\/uploads\/2019\/03\/Drzwi-CAL-na-targach-Budma-2019-drzwi-z-\u0142upkiem-i-Zbighniew-Urba\u0144ski-testuje-portal-drzwiowy-CAL-1-768x664.jpg 768w, https:\/\/www.drzwi-cal.pl\/wp-content\/uploads\/2019\/03\/Drzwi-CAL-na-targach-Budma-2019-drzwi-z-\u0142upkiem-i-Zbighniew-Urba\u0144ski-testuje-portal-drzwiowy-CAL-1-1024x885.jpg 1024w, https:\/\/www.drzwi-cal.pl\/wp-content\/uploads\/2019\/03\/Drzwi-CAL-na-targach-Budma-2019-drzwi-z-\u0142upkiem-i-Zbighniew-Urba\u0144ski-testuje-portal-drzwiowy-CAL-1-960x830.jpg 960w, https:\/\/www.drzwi-cal.pl\/wp-content\/uploads\/2019\/03\/Drzwi-CAL-na-targach-Budma-2019-drzwi-z-\u0142upkiem-i-Zbighniew-Urba\u0144ski-testuje-portal-drzwiowy-CAL-1-640x553.jpg 640w, https:\/\/www.drzwi-cal.pl\/wp-content\/uploads\/2019\/03\/Drzwi-CAL-na-targach-Budma-2019-drzwi-z-\u0142upkiem-i-Zbighniew-Urba\u0144ski-testuje-portal-drzwiowy-CAL-1-204x176.jpg 204w, https:\/\/www.drzwi-cal.pl\/wp-content\/uploads\/2019\/03\/Drzwi-CAL-na-targach-Budma-2019-drzwi-z-\u0142upkiem-i-Zbighniew-Urba\u0144ski-testuje-portal-drzwiowy-CAL-1-25x22.jpg 25w\" sizes=\"(max-width: 800px) 100vw, 800px\" \/><p id=\"caption-attachment-5108\" class=\"wp-caption-text\"><em>Z lewej &#8211; drzwi CAL Rovaniemi z \u0142upkiem brazylijskim; po prawej dziennikarz Zbigniew Urba\u0144ski testuje mo\u017cliwo\u015bci naszego portalu drzwiowego.<\/em><\/p><\/div>\n<p style=\"text-align: justify;\">Czy osi\u0105gn\u0119li\u015bmy za\u0142o\u017cony cel po\u0142\u0105czenia najwy\u017cszej technologii z niczym nieskr\u0119powanym designem? Naszym zdaniem tak. Zreszt\u0105, przekonajcie si\u0119 sami, co o naszej firmie i ofercie powiedzia\u0142 Zbigniew Urba\u0144ski, dziennikarz i prezenter technologiczny WP Tech, zwi\u0105zany w przesz\u0142o\u015bci m.in. z TVN, TVN Turbo i Onetem.<\/p>\n<div class=\"video\"><iframe title=\"Oryginalne drzwi zewn\u0119trzne. Wyj\u0105tkowe drzwi wewn\u0119trzne. Nowo\u015bci CAL Budma 2019\" width=\"500\" height=\"281\" src=\"https:\/\/www.youtube.com\/embed\/4mxl3LLFq3g?feature=oembed\" frameborder=\"0\" allow=\"accelerometer; autoplay; clipboard-write; encrypted-media; gyroscope; picture-in-picture; web-share\" referrerpolicy=\"strict-origin-when-cross-origin\" allowfullscreen><\/iframe><\/div>\n","protected":false},"featured_media":5092,"comment_status":"open","ping_status":"closed","template":"","meta":[],"class_list":["post-5091","dc_blog","type-dc_blog","status-publish","has-post-thumbnail","hentry","dc_blog_tagi-firma"],"acf":[],"yoast_head":"<!-- This site is optimized with the Yoast SEO plugin v26.5 - https:\/\/yoast.com\/wordpress\/plugins\/seo\/ -->\n<title>Relacja Budma 2019 \u2013 Drzwi CAL na targach w Poznaniu - Drzwi zewn\u0119trzne i wewn\u0119trzne premium<\/title>\n<meta name=\"description\" content=\"Drzwi CAL Budma 2019. Zobacz relacj\u0119 z najwi\u0119kszych targ\u00f3w budownictwa i architektury w Polsce. Poznaj wyj\u0105tkowe modele drzwi przygotowane na presti\u017cowe targi.\" \/>\n<meta name=\"robots\" content=\"index, follow, max-snippet:-1, max-image-preview:large, max-video-preview:-1\" \/>\n<link rel=\"canonical\" href=\"https:\/\/www.drzwi-cal.pl\/en\/blog\/drzwi-cal-budma-2019\/\" \/>\n<meta property=\"og:locale\" content=\"en_US\" \/>\n<meta property=\"og:type\" content=\"article\" \/>\n<meta property=\"og:title\" content=\"Relacja Budma 2019 \u2013 Drzwi CAL na targach w Poznaniu - Drzwi zewn\u0119trzne i wewn\u0119trzne premium\" \/>\n<meta property=\"og:description\" content=\"Drzwi CAL Budma 2019. Zobacz relacj\u0119 z najwi\u0119kszych targ\u00f3w budownictwa i architektury w Polsce. Poznaj wyj\u0105tkowe modele drzwi przygotowane na presti\u017cowe targi.\" \/>\n<meta property=\"og:url\" content=\"https:\/\/www.drzwi-cal.pl\/en\/blog\/drzwi-cal-budma-2019\/\" \/>\n<meta property=\"og:site_name\" content=\"Drzwi zewn\u0119trzne i wewn\u0119trzne premium\" \/>\n<meta property=\"article:publisher\" content=\"https:\/\/www.facebook.com\/drzwical\/\" \/>\n<meta property=\"article:modified_time\" content=\"2020-06-09T07:49:43+00:00\" \/>\n<meta property=\"og:image\" content=\"https:\/\/www.drzwi-cal.pl\/wp-content\/uploads\/2019\/03\/Drzwi-CAL-na-targach-Budma-2019-w-Poznaniu-1.jpg\" \/>\n\t<meta property=\"og:image:width\" content=\"1440\" \/>\n\t<meta property=\"og:image:height\" content=\"1080\" \/>\n\t<meta property=\"og:image:type\" content=\"image\/jpeg\" \/>\n<meta name=\"twitter:card\" content=\"summary_large_image\" \/>\n<meta name=\"twitter:label1\" content=\"Est. reading time\" \/>\n\t<meta name=\"twitter:data1\" content=\"3 minutes\" \/>\n<script type=\"application\/ld+json\" class=\"yoast-schema-graph\">{\"@context\":\"https:\/\/schema.org\",\"@graph\":[{\"@type\":\"WebPage\",\"@id\":\"https:\/\/www.drzwi-cal.pl\/en\/blog\/drzwi-cal-budma-2019\/\",\"url\":\"https:\/\/www.drzwi-cal.pl\/en\/blog\/drzwi-cal-budma-2019\/\",\"name\":\"Relacja Budma 2019 \u2013 Drzwi CAL na targach w Poznaniu - Drzwi zewn\u0119trzne i wewn\u0119trzne premium\",\"isPartOf\":{\"@id\":\"https:\/\/www.drzwi-cal.pl\/en\/#website\"},\"primaryImageOfPage\":{\"@id\":\"https:\/\/www.drzwi-cal.pl\/en\/blog\/drzwi-cal-budma-2019\/#primaryimage\"},\"image\":{\"@id\":\"https:\/\/www.drzwi-cal.pl\/en\/blog\/drzwi-cal-budma-2019\/#primaryimage\"},\"thumbnailUrl\":\"https:\/\/www.drzwi-cal.pl\/wp-content\/uploads\/2019\/03\/Drzwi-CAL-na-targach-Budma-2019-w-Poznaniu-1.jpg\",\"datePublished\":\"2019-03-07T10:39:45+00:00\",\"dateModified\":\"2020-06-09T07:49:43+00:00\",\"description\":\"Drzwi CAL Budma 2019. Zobacz relacj\u0119 z najwi\u0119kszych targ\u00f3w budownictwa i architektury w Polsce. Poznaj wyj\u0105tkowe modele drzwi przygotowane na presti\u017cowe targi.\",\"breadcrumb\":{\"@id\":\"https:\/\/www.drzwi-cal.pl\/en\/blog\/drzwi-cal-budma-2019\/#breadcrumb\"},\"inLanguage\":\"en-US\",\"potentialAction\":[{\"@type\":\"ReadAction\",\"target\":[\"https:\/\/www.drzwi-cal.pl\/en\/blog\/drzwi-cal-budma-2019\/\"]}]},{\"@type\":\"ImageObject\",\"inLanguage\":\"en-US\",\"@id\":\"https:\/\/www.drzwi-cal.pl\/en\/blog\/drzwi-cal-budma-2019\/#primaryimage\",\"url\":\"https:\/\/www.drzwi-cal.pl\/wp-content\/uploads\/2019\/03\/Drzwi-CAL-na-targach-Budma-2019-w-Poznaniu-1.jpg\",\"contentUrl\":\"https:\/\/www.drzwi-cal.pl\/wp-content\/uploads\/2019\/03\/Drzwi-CAL-na-targach-Budma-2019-w-Poznaniu-1.jpg\",\"width\":1440,\"height\":1080,\"caption\":\"drzwi cal budma 2019\"},{\"@type\":\"BreadcrumbList\",\"@id\":\"https:\/\/www.drzwi-cal.pl\/en\/blog\/drzwi-cal-budma-2019\/#breadcrumb\",\"itemListElement\":[{\"@type\":\"ListItem\",\"position\":1,\"name\":\"CAL prawdziwe drzwi\",\"item\":\"https:\/\/www.drzwi-cal.pl\/en\/\"},{\"@type\":\"ListItem\",\"position\":2,\"name\":\"Blog\",\"item\":\"https:\/\/www.drzwi-cal.pl\/en\/blog\/\"},{\"@type\":\"ListItem\",\"position\":3,\"name\":\"Relacja Budma 2019 \u2013 Drzwi CAL na targach w Poznaniu\"}]},{\"@type\":\"WebSite\",\"@id\":\"https:\/\/www.drzwi-cal.pl\/en\/#website\",\"url\":\"https:\/\/www.drzwi-cal.pl\/en\/\",\"name\":\"Drzwi zewn\u0119trzne i wewn\u0119trzne premium\",\"description\":\"Wybierz tylko kolor i model swoich drzwi zewn\u0119trznych CAL, bo ciep\u0142o i bezpiecze\u0144stwo masz zawsze w cenie! Dobierz pasuj\u0105ce drewniane drzwi wewn\u0119trzne CAL.\",\"publisher\":{\"@id\":\"https:\/\/www.drzwi-cal.pl\/en\/#organization\"},\"potentialAction\":[{\"@type\":\"SearchAction\",\"target\":{\"@type\":\"EntryPoint\",\"urlTemplate\":\"https:\/\/www.drzwi-cal.pl\/en\/?s={search_term_string}\"},\"query-input\":{\"@type\":\"PropertyValueSpecification\",\"valueRequired\":true,\"valueName\":\"search_term_string\"}}],\"inLanguage\":\"en-US\"},{\"@type\":\"Organization\",\"@id\":\"https:\/\/www.drzwi-cal.pl\/en\/#organization\",\"name\":\"Drzwi CAL\",\"alternateName\":\"Prawdziwe drzwi CAL\",\"url\":\"https:\/\/www.drzwi-cal.pl\/en\/\",\"logo\":{\"@type\":\"ImageObject\",\"inLanguage\":\"en-US\",\"@id\":\"https:\/\/www.drzwi-cal.pl\/en\/#\/schema\/logo\/image\/\",\"url\":\"https:\/\/www.drzwi-cal.pl\/wp-content\/uploads\/2018\/08\/CAL.jpg\",\"contentUrl\":\"https:\/\/www.drzwi-cal.pl\/wp-content\/uploads\/2018\/08\/CAL.jpg\",\"width\":1667,\"height\":750,\"caption\":\"Drzwi CAL\"},\"image\":{\"@id\":\"https:\/\/www.drzwi-cal.pl\/en\/#\/schema\/logo\/image\/\"},\"sameAs\":[\"https:\/\/www.facebook.com\/drzwical\/\",\"https:\/\/www.instagram.com\/drzwical\/\",\"https:\/\/www.linkedin.com\/company\/drzwi-cal\",\"https:\/\/www.youtube.com\/user\/drzwical\/\"]}]}<\/script>\n<!-- \/ Yoast SEO plugin. -->","yoast_head_json":{"title":"Relacja Budma 2019 \u2013 Drzwi CAL na targach w Poznaniu - Drzwi zewn\u0119trzne i wewn\u0119trzne premium","description":"Drzwi CAL Budma 2019. Zobacz relacj\u0119 z najwi\u0119kszych targ\u00f3w budownictwa i architektury w Polsce. Poznaj wyj\u0105tkowe modele drzwi przygotowane na presti\u017cowe targi.","robots":{"index":"index","follow":"follow","max-snippet":"max-snippet:-1","max-image-preview":"max-image-preview:large","max-video-preview":"max-video-preview:-1"},"canonical":"https:\/\/www.drzwi-cal.pl\/en\/blog\/drzwi-cal-budma-2019\/","og_locale":"en_US","og_type":"article","og_title":"Relacja Budma 2019 \u2013 Drzwi CAL na targach w Poznaniu - Drzwi zewn\u0119trzne i wewn\u0119trzne premium","og_description":"Drzwi CAL Budma 2019. Zobacz relacj\u0119 z najwi\u0119kszych targ\u00f3w budownictwa i architektury w Polsce. Poznaj wyj\u0105tkowe modele drzwi przygotowane na presti\u017cowe targi.","og_url":"https:\/\/www.drzwi-cal.pl\/en\/blog\/drzwi-cal-budma-2019\/","og_site_name":"Drzwi zewn\u0119trzne i wewn\u0119trzne premium","article_publisher":"https:\/\/www.facebook.com\/drzwical\/","article_modified_time":"2020-06-09T07:49:43+00:00","og_image":[{"width":1440,"height":1080,"url":"https:\/\/www.drzwi-cal.pl\/wp-content\/uploads\/2019\/03\/Drzwi-CAL-na-targach-Budma-2019-w-Poznaniu-1.jpg","type":"image\/jpeg"}],"twitter_card":"summary_large_image","twitter_misc":{"Est. reading time":"3 minutes"},"schema":{"@context":"https:\/\/schema.org","@graph":[{"@type":"WebPage","@id":"https:\/\/www.drzwi-cal.pl\/en\/blog\/drzwi-cal-budma-2019\/","url":"https:\/\/www.drzwi-cal.pl\/en\/blog\/drzwi-cal-budma-2019\/","name":"Relacja Budma 2019 \u2013 Drzwi CAL na targach w Poznaniu - Drzwi zewn\u0119trzne i wewn\u0119trzne premium","isPartOf":{"@id":"https:\/\/www.drzwi-cal.pl\/en\/#website"},"primaryImageOfPage":{"@id":"https:\/\/www.drzwi-cal.pl\/en\/blog\/drzwi-cal-budma-2019\/#primaryimage"},"image":{"@id":"https:\/\/www.drzwi-cal.pl\/en\/blog\/drzwi-cal-budma-2019\/#primaryimage"},"thumbnailUrl":"https:\/\/www.drzwi-cal.pl\/wp-content\/uploads\/2019\/03\/Drzwi-CAL-na-targach-Budma-2019-w-Poznaniu-1.jpg","datePublished":"2019-03-07T10:39:45+00:00","dateModified":"2020-06-09T07:49:43+00:00","description":"Drzwi CAL Budma 2019. Zobacz relacj\u0119 z najwi\u0119kszych targ\u00f3w budownictwa i architektury w Polsce. Poznaj wyj\u0105tkowe modele drzwi przygotowane na presti\u017cowe targi.","breadcrumb":{"@id":"https:\/\/www.drzwi-cal.pl\/en\/blog\/drzwi-cal-budma-2019\/#breadcrumb"},"inLanguage":"en-US","potentialAction":[{"@type":"ReadAction","target":["https:\/\/www.drzwi-cal.pl\/en\/blog\/drzwi-cal-budma-2019\/"]}]},{"@type":"ImageObject","inLanguage":"en-US","@id":"https:\/\/www.drzwi-cal.pl\/en\/blog\/drzwi-cal-budma-2019\/#primaryimage","url":"https:\/\/www.drzwi-cal.pl\/wp-content\/uploads\/2019\/03\/Drzwi-CAL-na-targach-Budma-2019-w-Poznaniu-1.jpg","contentUrl":"https:\/\/www.drzwi-cal.pl\/wp-content\/uploads\/2019\/03\/Drzwi-CAL-na-targach-Budma-2019-w-Poznaniu-1.jpg","width":1440,"height":1080,"caption":"drzwi cal budma 2019"},{"@type":"BreadcrumbList","@id":"https:\/\/www.drzwi-cal.pl\/en\/blog\/drzwi-cal-budma-2019\/#breadcrumb","itemListElement":[{"@type":"ListItem","position":1,"name":"CAL prawdziwe drzwi","item":"https:\/\/www.drzwi-cal.pl\/en\/"},{"@type":"ListItem","position":2,"name":"Blog","item":"https:\/\/www.drzwi-cal.pl\/en\/blog\/"},{"@type":"ListItem","position":3,"name":"Relacja Budma 2019 \u2013 Drzwi CAL na targach w Poznaniu"}]},{"@type":"WebSite","@id":"https:\/\/www.drzwi-cal.pl\/en\/#website","url":"https:\/\/www.drzwi-cal.pl\/en\/","name":"Drzwi zewn\u0119trzne i wewn\u0119trzne premium","description":"Wybierz tylko kolor i model swoich drzwi zewn\u0119trznych CAL, bo ciep\u0142o i bezpiecze\u0144stwo masz zawsze w cenie! Dobierz pasuj\u0105ce drewniane drzwi wewn\u0119trzne CAL.","publisher":{"@id":"https:\/\/www.drzwi-cal.pl\/en\/#organization"},"potentialAction":[{"@type":"SearchAction","target":{"@type":"EntryPoint","urlTemplate":"https:\/\/www.drzwi-cal.pl\/en\/?s={search_term_string}"},"query-input":{"@type":"PropertyValueSpecification","valueRequired":true,"valueName":"search_term_string"}}],"inLanguage":"en-US"},{"@type":"Organization","@id":"https:\/\/www.drzwi-cal.pl\/en\/#organization","name":"Drzwi CAL","alternateName":"Prawdziwe drzwi CAL","url":"https:\/\/www.drzwi-cal.pl\/en\/","logo":{"@type":"ImageObject","inLanguage":"en-US","@id":"https:\/\/www.drzwi-cal.pl\/en\/#\/schema\/logo\/image\/","url":"https:\/\/www.drzwi-cal.pl\/wp-content\/uploads\/2018\/08\/CAL.jpg","contentUrl":"https:\/\/www.drzwi-cal.pl\/wp-content\/uploads\/2018\/08\/CAL.jpg","width":1667,"height":750,"caption":"Drzwi CAL"},"image":{"@id":"https:\/\/www.drzwi-cal.pl\/en\/#\/schema\/logo\/image\/"},"sameAs":["https:\/\/www.facebook.com\/drzwical\/","https:\/\/www.instagram.com\/drzwical\/","https:\/\/www.linkedin.com\/company\/drzwi-cal","https:\/\/www.youtube.com\/user\/drzwical\/"]}]}},"_links":{"self":[{"href":"https:\/\/www.drzwi-cal.pl\/en\/wp-json\/wp\/v2\/blog\/5091","targetHints":{"allow":["GET"]}}],"collection":[{"href":"https:\/\/www.drzwi-cal.pl\/en\/wp-json\/wp\/v2\/blog"}],"about":[{"href":"https:\/\/www.drzwi-cal.pl\/en\/wp-json\/wp\/v2\/types\/dc_blog"}],"replies":[{"embeddable":true,"href":"https:\/\/www.drzwi-cal.pl\/en\/wp-json\/wp\/v2\/comments?post=5091"}],"version-history":[{"count":0,"href":"https:\/\/www.drzwi-cal.pl\/en\/wp-json\/wp\/v2\/blog\/5091\/revisions"}],"wp:featuredmedia":[{"embeddable":true,"href":"https:\/\/www.drzwi-cal.pl\/en\/wp-json\/wp\/v2\/media\/5092"}],"wp:attachment":[{"href":"https:\/\/www.drzwi-cal.pl\/en\/wp-json\/wp\/v2\/media?parent=5091"}],"curies":[{"name":"wp","href":"https:\/\/api.w.org\/{rel}","templated":true}]}}