{"id":5115,"date":"2019-03-14T11:00:26","date_gmt":"2019-03-14T10:00:26","guid":{"rendered":"https:\/\/www.drzwi-cal.pl\/?post_type=dc_blog&#038;p=5115"},"modified":"2026-04-08T22:21:27","modified_gmt":"2026-04-08T20:21:27","slug":"czarne-drzwi-wewnetrzne-moda-prosto-z-mediolanu","status":"publish","type":"dc_blog","link":"https:\/\/www.drzwi-cal.pl\/en\/blog\/czarne-drzwi-wewnetrzne-moda-prosto-z-mediolanu\/","title":{"rendered":"Czarne drzwi wewn\u0119trzne \u2013 moda prosto z Mediolanu"},"content":{"rendered":"<h3 style=\"text-align: center;\"><a title=\"drzwi wewn\u0119trzne\" href=\"https:\/\/www.drzwi-cal.pl\/drzwi-wewnetrzne\/\">Sprawd\u017a ofert\u0119! Na Drzwi wewn\u0119trzne<\/a><\/h3>\n<p>Chocia\u017c tak wiele m\u00f3wi si\u0119 o <a href=\"https:\/\/www.drzwi-cal.pl\/en\/blog\/drzwi-w-kolorze-roku-pantone-teraz-to-mozliwe\/\"><strong>kolorze<\/strong> <strong>roku<\/strong> <strong>2019<\/strong><\/a>, kt\u00f3ry silnie zainspirowa\u0142 tw\u00f3rc\u00f3w, nie mo\u017cna nie wspomnie\u0107 o innym trendzie, kt\u00f3ry przyby\u0142 do nas prosto z Mediolanu, a s\u0105 to czarne drzwi wewn\u0119trzne. To rozwi\u0105zanie \u0142\u0105czy w sobie wyj\u0105tkowy design, elegancj\u0119 i nowoczesno\u015b\u0107. Drzwi wewn\u0119trzne w kolorze czarnym doskonale wpisuj\u0105 si\u0119 w estetyk\u0119 nowoczesnych wn\u0119trz, nadaj\u0105c im charakteru i g\u0142\u0119bi.<\/p>\n<h3 style=\"text-align: center;\"><a title=\"drzwi zewn\u0119trzne\" href=\"https:\/\/www.drzwi-cal.pl\/drzwi-zewnetrzne\/\">Sprawd\u017a ofert\u0119! Na Drzwi zewn\u0119trzne<\/a><\/h3>\n<h2>Do czego pasuj\u0105 czarne drzwi wewn\u0119trzne?<\/h2>\n<p data-start=\"1199\" data-end=\"1573\">Cho\u0107 czarne drzwi to niezwykle efektowny trend, nale\u017cy wprowadza\u0107 je z wyczuciem. Warto pami\u0119ta\u0107, \u017ce drzwi wewn\u0119trzne musz\u0105 by\u0107 dopasowane do stylu wn\u0119trza, koloru \u015bcian, pod\u0142\u00f3g oraz o\u015bcie\u017cnicy. Zbyt du\u017ca ilo\u015b\u0107 czerni mog\u0142aby przyt\u0142oczy\u0107 przestrze\u0144, dlatego najlepiej planowa\u0107 wyb\u00f3r drzwi dopiero wtedy, gdy projekt ca\u0142ego mieszkania jest ju\u017c sp\u00f3jny i przemy\u015blany.<\/p>\n<p data-start=\"1575\" data-end=\"1870\">Je\u015bli zdecydujesz si\u0119 na czarne drzwi pokojowe, zwr\u00f3\u0107 uwag\u0119 na to, by ich skrzyd\u0142o i o\u015bcie\u017cnica tworzy\u0142y harmonijn\u0105 ca\u0142o\u015b\u0107 z reszt\u0105 aran\u017cacji. W du\u017cych przestrzeniach \u015bwietnie sprawdz\u0105 si\u0119 drzwi pe\u0142ne o g\u0142adkiej powierzchni, kt\u00f3re podkre\u015bl\u0105 minimalistyczny charakter wn\u0119trza.<\/p>\n<p data-start=\"1872\" data-end=\"2189\">W mniejszych pomieszczeniach, takich jak \u0142azienka czy garderoba, lepiej wybra\u0107 drzwi przeszklone lub modele z delikatnym przeszkleniem. Szyba pozwoli \u201eprzeszkli\u0107\u201d wn\u0119trze i optycznie je powi\u0119kszy\u0107, zachowuj\u0105c przy tym elegancj\u0119. Dzi\u0119ki temu zachowasz sp\u00f3jny i harmonijny wygl\u0105d ca\u0142ego domu lub mieszkania.<\/p>\n<p><img fetchpriority=\"high\" decoding=\"async\" class=\"alignnone wp-image-5116 size-full\" src=\"https:\/\/www.drzwi-cal.pl\/wp-content\/uploads\/2019\/03\/zdj.jpg\" alt=\"\" width=\"1208\" height=\"679\" srcset=\"https:\/\/www.drzwi-cal.pl\/wp-content\/uploads\/2019\/03\/zdj.jpg 1208w, https:\/\/www.drzwi-cal.pl\/wp-content\/uploads\/2019\/03\/zdj-150x84.jpg 150w, https:\/\/www.drzwi-cal.pl\/wp-content\/uploads\/2019\/03\/zdj-300x169.jpg 300w, https:\/\/www.drzwi-cal.pl\/wp-content\/uploads\/2019\/03\/zdj-768x432.jpg 768w, https:\/\/www.drzwi-cal.pl\/wp-content\/uploads\/2019\/03\/zdj-1024x576.jpg 1024w, https:\/\/www.drzwi-cal.pl\/wp-content\/uploads\/2019\/03\/zdj-960x540.jpg 960w, https:\/\/www.drzwi-cal.pl\/wp-content\/uploads\/2019\/03\/zdj-640x360.jpg 640w, https:\/\/www.drzwi-cal.pl\/wp-content\/uploads\/2019\/03\/zdj-204x115.jpg 204w, https:\/\/www.drzwi-cal.pl\/wp-content\/uploads\/2019\/03\/zdj-25x14.jpg 25w\" sizes=\"(max-width: 1208px) 100vw, 1208px\" \/><\/p>\n<h2>Wyrazisty kontrast czy stonowane po\u0142\u0105czenie?<\/h2>\n<p data-start=\"2245\" data-end=\"2579\"><a href=\"https:\/\/www.drzwi-cal.pl\/en\/blog\/czarne-drzwi-zewnetrzne-wady-i-zalety\/\">Drzwi wewn\u0119trzne czarne<\/a> mog\u0105 by\u0107 zar\u00f3wno mocnym akcentem, jak i subtelnym uzupe\u0142nieniem aran\u017cacji. Wszystko zale\u017cy od tego, jak zestawisz je z pozosta\u0142ymi elementami wn\u0119trza.<br data-start=\"2423\" data-end=\"2426\" \/>Je\u015bli lubisz kontrasty, zestaw czarne drzwi z bia\u0142ymi lub jasnoszarymi \u015bcianami. Taki uk\u0142ad nada pomieszczeniu elegancji i nowoczesnego charakteru.<\/p>\n<p data-start=\"2581\" data-end=\"2891\">Z kolei je\u015bli marzysz o bardziej minimalistycznym efekcie, postaw na drzwi wewn\u0119trzne w kolorze zbli\u017conym do \u015bcian. W dobrze o\u015bwietlonych wn\u0119trzach czer\u0144 prezentuje si\u0119 wyj\u0105tkowo stylowo i nie przyt\u0142acza przestrzeni. To idealny wyb\u00f3r dla os\u00f3b ceni\u0105cych nowoczesne drzwi i ponadczasowy design.<\/p>\n<p data-start=\"2893\" data-end=\"3132\">Doskona\u0142ym t\u0142em dla czarnych drzwi b\u0119d\u0105 pod\u0142ogi z jasnego drewna, paneli lub gresu w odcieniach szaro\u015bci. Dzi\u0119ki temu uzyskasz harmonijn\u0105 aran\u017cacj\u0119 wn\u0119trza, w kt\u00f3rej drzwi stan\u0105 si\u0119 eleganckim dope\u0142nieniem, a nie dominuj\u0105cym elementem.<\/p>\n<h2>Ciemne wn\u0119trza \u2013 alternatywa dla bieli<\/h2>\n<p data-start=\"3182\" data-end=\"3487\">Od lat kr\u00f3luje moda na jasne, bia\u0142e przestrzenie, jednak coraz cz\u0119\u015bciej zwracamy uwag\u0119 na ciemniejsze aran\u017cacje, kt\u00f3re s\u0105 r\u00f3wnie przytulne i stylowe. Czarne drzwi\u00a0to doskona\u0142y spos\u00f3b, by wprowadzi\u0107 do mieszkania odrobin\u0119 elegancji i nowoczesno\u015bci bez rezygnacji z przytulnego klimatu.<\/p>\n<p data-start=\"3489\" data-end=\"3750\">Czer\u0144 w po\u0142\u0105czeniu z naturalnymi materia\u0142ami \u2013 np. drewnem lub fornirem z naturalnego drewna \u2013 daje efekt g\u0142\u0119bi i luksusu. To rozwi\u0105zanie idealne nie tylko do nowoczesnych mieszka\u0144, ale tak\u017ce do aran\u017cacji w stylu loftowym czy minimalistycznym.<\/p>\n<p data-start=\"3752\" data-end=\"4110\">Wybieraj\u0105c drzwi bezprzylgowe, podkre\u015blisz nowoczesny charakter pomieszczenia. Z kolei <a href=\"https:\/\/www.drzwi-cal.pl\/en\/blog\/drzwi-przylgowe-czy-bezprzylgowe-ktore-wybrac\/\">drzwi przylgowe<\/a> sprawdz\u0105 si\u0119 we wn\u0119trzach bardziej klasycznych. Warto te\u017c zwr\u00f3ci\u0107 uwag\u0119 na jako\u015b\u0107 wykonania \u2013 wysokiej jako\u015bci drzwi wykonane z najwy\u017cszej jako\u015bci materia\u0142\u00f3w b\u0119d\u0105 odporne na zarysowania i pos\u0142u\u017c\u0105 przez wiele lat, zachowuj\u0105c idealny wygl\u0105d.<\/p>\n<h2 data-start=\"4117\" data-end=\"4164\">Jak wybra\u0107 idealne drzwi do swojego wn\u0119trza?<\/h2>\n<p data-start=\"4166\" data-end=\"4535\">Przy wyborze drzwi wewn\u0119trznych zwr\u00f3\u0107 uwag\u0119 nie tylko na kolor, ale r\u00f3wnie\u017c na rodzaj skrzyd\u0142a, o\u015bcie\u017cnicy i spos\u00f3b monta\u017cu. W naszej ofercie znajdziesz zar\u00f3wno drzwi wewn\u0119trzne bezprzylgowe, jak i klasyczne drzwi przylgowe. W zale\u017cno\u015bci od stylu aran\u017cacji mo\u017cesz wybra\u0107 modele o prostym, g\u0142adkim wyko\u0144czeniu lub z delikatnymi przeszkleniami.<\/p>\n<p data-start=\"4537\" data-end=\"4827\">Warto postawi\u0107 na szeroki wyb\u00f3r modeli, kt\u00f3re umo\u017cliwi\u0105 dopasowanie drzwi do ka\u017cdego pomieszczenia. Niezale\u017cnie od tego, czy urz\u0105dzasz przestronny salon, eleganck\u0105 sypialni\u0119, czy kompaktow\u0105 \u0142azienk\u0119, u nas znajdziesz\u00a0drzwi wewn\u0119trzne, kt\u00f3re idealnie podkre\u015bl\u0105 charakter Twojego wn\u0119trza.<\/p>\n<p data-start=\"4829\" data-end=\"5063\">Sprawd\u017a ofert\u0119 <a href=\"https:\/\/www.drzwi-cal.pl\/drzwi-wewnetrzne\/\"><strong>drzwi<\/strong> <strong>wewn\u0119trznych<\/strong> <strong>CAL<\/strong><\/a> i wybierz swoje wymarzone modele. Znajdziesz u nas szeroki wyb\u00f3r czarnych drzwi\u00a0o r\u00f3\u017cnorodnym wzornictwie i stylu. Ka\u017cdy model \u0142\u0105czy wyj\u0105tkowy design z funkcjonalno\u015bci\u0105, gwarantuj\u0105c trwa\u0142o\u015b\u0107 i wygod\u0119 u\u017cytkowania przez wiele lat.<\/p>\n","protected":false},"featured_media":5116,"comment_status":"closed","ping_status":"closed","template":"","meta":[],"class_list":["post-5115","dc_blog","type-dc_blog","status-publish","has-post-thumbnail","hentry","dc_blog_tagi-wnetrze"],"acf":[],"yoast_head":"<!-- This site is optimized with the Yoast SEO plugin v26.5 - https:\/\/yoast.com\/wordpress\/plugins\/seo\/ -->\n<title>Czarne drzwi wewn\u0119trzne \u2013 moda prosto z Mediolanu<\/title>\n<meta name=\"description\" content=\"Czarne drzwi wewn\u0119trzne to \u015bwietna alternatywa dla bieli. Wpisuj\u0105 si\u0119 zar\u00f3wno w nowoczesn\u0105, jak i klasyczn\u0105 stylistyk\u0119. Znajdziesz je w ofercie firmy CAL.\" \/>\n<meta name=\"robots\" content=\"index, follow, max-snippet:-1, max-image-preview:large, max-video-preview:-1\" \/>\n<link rel=\"canonical\" href=\"https:\/\/www.drzwi-cal.pl\/en\/blog\/czarne-drzwi-wewnetrzne-moda-prosto-z-mediolanu\/\" \/>\n<meta property=\"og:locale\" content=\"en_US\" \/>\n<meta property=\"og:type\" content=\"article\" \/>\n<meta property=\"og:title\" content=\"Czarne drzwi wewn\u0119trzne \u2013 moda prosto z Mediolanu\" \/>\n<meta property=\"og:description\" content=\"Czarne drzwi wewn\u0119trzne to \u015bwietna alternatywa dla bieli. Wpisuj\u0105 si\u0119 zar\u00f3wno w nowoczesn\u0105, jak i klasyczn\u0105 stylistyk\u0119. Znajdziesz je w ofercie firmy CAL.\" \/>\n<meta property=\"og:url\" content=\"https:\/\/www.drzwi-cal.pl\/en\/blog\/czarne-drzwi-wewnetrzne-moda-prosto-z-mediolanu\/\" \/>\n<meta property=\"og:site_name\" content=\"Drzwi zewn\u0119trzne i wewn\u0119trzne premium\" \/>\n<meta property=\"article:publisher\" content=\"https:\/\/www.facebook.com\/drzwical\/\" \/>\n<meta property=\"article:modified_time\" content=\"2026-04-08T20:21:27+00:00\" \/>\n<meta property=\"og:image\" content=\"https:\/\/www.drzwi-cal.pl\/wp-content\/uploads\/2019\/03\/zdj.jpg\" \/>\n\t<meta property=\"og:image:width\" content=\"1208\" \/>\n\t<meta property=\"og:image:height\" content=\"679\" \/>\n\t<meta property=\"og:image:type\" content=\"image\/jpeg\" \/>\n<meta name=\"twitter:card\" content=\"summary_large_image\" \/>\n<meta name=\"twitter:label1\" content=\"Est. reading time\" \/>\n\t<meta name=\"twitter:data1\" content=\"4 minutes\" \/>\n<script type=\"application\/ld+json\" class=\"yoast-schema-graph\">{\"@context\":\"https:\/\/schema.org\",\"@graph\":[{\"@type\":\"WebPage\",\"@id\":\"https:\/\/www.drzwi-cal.pl\/en\/blog\/czarne-drzwi-wewnetrzne-moda-prosto-z-mediolanu\/\",\"url\":\"https:\/\/www.drzwi-cal.pl\/en\/blog\/czarne-drzwi-wewnetrzne-moda-prosto-z-mediolanu\/\",\"name\":\"Czarne drzwi wewn\u0119trzne \u2013 moda prosto z Mediolanu\",\"isPartOf\":{\"@id\":\"https:\/\/www.drzwi-cal.pl\/en\/#website\"},\"primaryImageOfPage\":{\"@id\":\"https:\/\/www.drzwi-cal.pl\/en\/blog\/czarne-drzwi-wewnetrzne-moda-prosto-z-mediolanu\/#primaryimage\"},\"image\":{\"@id\":\"https:\/\/www.drzwi-cal.pl\/en\/blog\/czarne-drzwi-wewnetrzne-moda-prosto-z-mediolanu\/#primaryimage\"},\"thumbnailUrl\":\"https:\/\/www.drzwi-cal.pl\/wp-content\/uploads\/2019\/03\/zdj.jpg\",\"datePublished\":\"2019-03-14T10:00:26+00:00\",\"dateModified\":\"2026-04-08T20:21:27+00:00\",\"description\":\"Czarne drzwi wewn\u0119trzne to \u015bwietna alternatywa dla bieli. Wpisuj\u0105 si\u0119 zar\u00f3wno w nowoczesn\u0105, jak i klasyczn\u0105 stylistyk\u0119. Znajdziesz je w ofercie firmy CAL.\",\"breadcrumb\":{\"@id\":\"https:\/\/www.drzwi-cal.pl\/en\/blog\/czarne-drzwi-wewnetrzne-moda-prosto-z-mediolanu\/#breadcrumb\"},\"inLanguage\":\"en-US\",\"potentialAction\":[{\"@type\":\"ReadAction\",\"target\":[\"https:\/\/www.drzwi-cal.pl\/en\/blog\/czarne-drzwi-wewnetrzne-moda-prosto-z-mediolanu\/\"]}]},{\"@type\":\"ImageObject\",\"inLanguage\":\"en-US\",\"@id\":\"https:\/\/www.drzwi-cal.pl\/en\/blog\/czarne-drzwi-wewnetrzne-moda-prosto-z-mediolanu\/#primaryimage\",\"url\":\"https:\/\/www.drzwi-cal.pl\/wp-content\/uploads\/2019\/03\/zdj.jpg\",\"contentUrl\":\"https:\/\/www.drzwi-cal.pl\/wp-content\/uploads\/2019\/03\/zdj.jpg\",\"width\":1208,\"height\":679,\"caption\":\"czarne drzwi wewn\u0119trzne\"},{\"@type\":\"BreadcrumbList\",\"@id\":\"https:\/\/www.drzwi-cal.pl\/en\/blog\/czarne-drzwi-wewnetrzne-moda-prosto-z-mediolanu\/#breadcrumb\",\"itemListElement\":[{\"@type\":\"ListItem\",\"position\":1,\"name\":\"CAL prawdziwe drzwi\",\"item\":\"https:\/\/www.drzwi-cal.pl\/en\/\"},{\"@type\":\"ListItem\",\"position\":2,\"name\":\"Blog\",\"item\":\"https:\/\/www.drzwi-cal.pl\/en\/blog\/\"},{\"@type\":\"ListItem\",\"position\":3,\"name\":\"Czarne drzwi wewn\u0119trzne \u2013 moda prosto z Mediolanu\"}]},{\"@type\":\"WebSite\",\"@id\":\"https:\/\/www.drzwi-cal.pl\/en\/#website\",\"url\":\"https:\/\/www.drzwi-cal.pl\/en\/\",\"name\":\"Drzwi zewn\u0119trzne i wewn\u0119trzne premium\",\"description\":\"Wybierz tylko kolor i model swoich drzwi zewn\u0119trznych CAL, bo ciep\u0142o i bezpiecze\u0144stwo masz zawsze w cenie! Dobierz pasuj\u0105ce drewniane drzwi wewn\u0119trzne CAL.\",\"publisher\":{\"@id\":\"https:\/\/www.drzwi-cal.pl\/en\/#organization\"},\"potentialAction\":[{\"@type\":\"SearchAction\",\"target\":{\"@type\":\"EntryPoint\",\"urlTemplate\":\"https:\/\/www.drzwi-cal.pl\/en\/?s={search_term_string}\"},\"query-input\":{\"@type\":\"PropertyValueSpecification\",\"valueRequired\":true,\"valueName\":\"search_term_string\"}}],\"inLanguage\":\"en-US\"},{\"@type\":\"Organization\",\"@id\":\"https:\/\/www.drzwi-cal.pl\/en\/#organization\",\"name\":\"Drzwi CAL\",\"alternateName\":\"Prawdziwe drzwi CAL\",\"url\":\"https:\/\/www.drzwi-cal.pl\/en\/\",\"logo\":{\"@type\":\"ImageObject\",\"inLanguage\":\"en-US\",\"@id\":\"https:\/\/www.drzwi-cal.pl\/en\/#\/schema\/logo\/image\/\",\"url\":\"https:\/\/www.drzwi-cal.pl\/wp-content\/uploads\/2018\/08\/CAL.jpg\",\"contentUrl\":\"https:\/\/www.drzwi-cal.pl\/wp-content\/uploads\/2018\/08\/CAL.jpg\",\"width\":1667,\"height\":750,\"caption\":\"Drzwi CAL\"},\"image\":{\"@id\":\"https:\/\/www.drzwi-cal.pl\/en\/#\/schema\/logo\/image\/\"},\"sameAs\":[\"https:\/\/www.facebook.com\/drzwical\/\",\"https:\/\/www.instagram.com\/drzwical\/\",\"https:\/\/www.linkedin.com\/company\/drzwi-cal\",\"https:\/\/www.youtube.com\/user\/drzwical\/\"]}]}<\/script>\n<!-- \/ Yoast SEO plugin. -->","yoast_head_json":{"title":"Czarne drzwi wewn\u0119trzne \u2013 moda prosto z Mediolanu","description":"Czarne drzwi wewn\u0119trzne to \u015bwietna alternatywa dla bieli. Wpisuj\u0105 si\u0119 zar\u00f3wno w nowoczesn\u0105, jak i klasyczn\u0105 stylistyk\u0119. Znajdziesz je w ofercie firmy CAL.","robots":{"index":"index","follow":"follow","max-snippet":"max-snippet:-1","max-image-preview":"max-image-preview:large","max-video-preview":"max-video-preview:-1"},"canonical":"https:\/\/www.drzwi-cal.pl\/en\/blog\/czarne-drzwi-wewnetrzne-moda-prosto-z-mediolanu\/","og_locale":"en_US","og_type":"article","og_title":"Czarne drzwi wewn\u0119trzne \u2013 moda prosto z Mediolanu","og_description":"Czarne drzwi wewn\u0119trzne to \u015bwietna alternatywa dla bieli. Wpisuj\u0105 si\u0119 zar\u00f3wno w nowoczesn\u0105, jak i klasyczn\u0105 stylistyk\u0119. Znajdziesz je w ofercie firmy CAL.","og_url":"https:\/\/www.drzwi-cal.pl\/en\/blog\/czarne-drzwi-wewnetrzne-moda-prosto-z-mediolanu\/","og_site_name":"Drzwi zewn\u0119trzne i wewn\u0119trzne premium","article_publisher":"https:\/\/www.facebook.com\/drzwical\/","article_modified_time":"2026-04-08T20:21:27+00:00","og_image":[{"width":1208,"height":679,"url":"https:\/\/www.drzwi-cal.pl\/wp-content\/uploads\/2019\/03\/zdj.jpg","type":"image\/jpeg"}],"twitter_card":"summary_large_image","twitter_misc":{"Est. reading time":"4 minutes"},"schema":{"@context":"https:\/\/schema.org","@graph":[{"@type":"WebPage","@id":"https:\/\/www.drzwi-cal.pl\/en\/blog\/czarne-drzwi-wewnetrzne-moda-prosto-z-mediolanu\/","url":"https:\/\/www.drzwi-cal.pl\/en\/blog\/czarne-drzwi-wewnetrzne-moda-prosto-z-mediolanu\/","name":"Czarne drzwi wewn\u0119trzne \u2013 moda prosto z Mediolanu","isPartOf":{"@id":"https:\/\/www.drzwi-cal.pl\/en\/#website"},"primaryImageOfPage":{"@id":"https:\/\/www.drzwi-cal.pl\/en\/blog\/czarne-drzwi-wewnetrzne-moda-prosto-z-mediolanu\/#primaryimage"},"image":{"@id":"https:\/\/www.drzwi-cal.pl\/en\/blog\/czarne-drzwi-wewnetrzne-moda-prosto-z-mediolanu\/#primaryimage"},"thumbnailUrl":"https:\/\/www.drzwi-cal.pl\/wp-content\/uploads\/2019\/03\/zdj.jpg","datePublished":"2019-03-14T10:00:26+00:00","dateModified":"2026-04-08T20:21:27+00:00","description":"Czarne drzwi wewn\u0119trzne to \u015bwietna alternatywa dla bieli. Wpisuj\u0105 si\u0119 zar\u00f3wno w nowoczesn\u0105, jak i klasyczn\u0105 stylistyk\u0119. Znajdziesz je w ofercie firmy CAL.","breadcrumb":{"@id":"https:\/\/www.drzwi-cal.pl\/en\/blog\/czarne-drzwi-wewnetrzne-moda-prosto-z-mediolanu\/#breadcrumb"},"inLanguage":"en-US","potentialAction":[{"@type":"ReadAction","target":["https:\/\/www.drzwi-cal.pl\/en\/blog\/czarne-drzwi-wewnetrzne-moda-prosto-z-mediolanu\/"]}]},{"@type":"ImageObject","inLanguage":"en-US","@id":"https:\/\/www.drzwi-cal.pl\/en\/blog\/czarne-drzwi-wewnetrzne-moda-prosto-z-mediolanu\/#primaryimage","url":"https:\/\/www.drzwi-cal.pl\/wp-content\/uploads\/2019\/03\/zdj.jpg","contentUrl":"https:\/\/www.drzwi-cal.pl\/wp-content\/uploads\/2019\/03\/zdj.jpg","width":1208,"height":679,"caption":"czarne drzwi wewn\u0119trzne"},{"@type":"BreadcrumbList","@id":"https:\/\/www.drzwi-cal.pl\/en\/blog\/czarne-drzwi-wewnetrzne-moda-prosto-z-mediolanu\/#breadcrumb","itemListElement":[{"@type":"ListItem","position":1,"name":"CAL prawdziwe drzwi","item":"https:\/\/www.drzwi-cal.pl\/en\/"},{"@type":"ListItem","position":2,"name":"Blog","item":"https:\/\/www.drzwi-cal.pl\/en\/blog\/"},{"@type":"ListItem","position":3,"name":"Czarne drzwi wewn\u0119trzne \u2013 moda prosto z Mediolanu"}]},{"@type":"WebSite","@id":"https:\/\/www.drzwi-cal.pl\/en\/#website","url":"https:\/\/www.drzwi-cal.pl\/en\/","name":"Drzwi zewn\u0119trzne i wewn\u0119trzne premium","description":"Wybierz tylko kolor i model swoich drzwi zewn\u0119trznych CAL, bo ciep\u0142o i bezpiecze\u0144stwo masz zawsze w cenie! Dobierz pasuj\u0105ce drewniane drzwi wewn\u0119trzne CAL.","publisher":{"@id":"https:\/\/www.drzwi-cal.pl\/en\/#organization"},"potentialAction":[{"@type":"SearchAction","target":{"@type":"EntryPoint","urlTemplate":"https:\/\/www.drzwi-cal.pl\/en\/?s={search_term_string}"},"query-input":{"@type":"PropertyValueSpecification","valueRequired":true,"valueName":"search_term_string"}}],"inLanguage":"en-US"},{"@type":"Organization","@id":"https:\/\/www.drzwi-cal.pl\/en\/#organization","name":"Drzwi CAL","alternateName":"Prawdziwe drzwi CAL","url":"https:\/\/www.drzwi-cal.pl\/en\/","logo":{"@type":"ImageObject","inLanguage":"en-US","@id":"https:\/\/www.drzwi-cal.pl\/en\/#\/schema\/logo\/image\/","url":"https:\/\/www.drzwi-cal.pl\/wp-content\/uploads\/2018\/08\/CAL.jpg","contentUrl":"https:\/\/www.drzwi-cal.pl\/wp-content\/uploads\/2018\/08\/CAL.jpg","width":1667,"height":750,"caption":"Drzwi CAL"},"image":{"@id":"https:\/\/www.drzwi-cal.pl\/en\/#\/schema\/logo\/image\/"},"sameAs":["https:\/\/www.facebook.com\/drzwical\/","https:\/\/www.instagram.com\/drzwical\/","https:\/\/www.linkedin.com\/company\/drzwi-cal","https:\/\/www.youtube.com\/user\/drzwical\/"]}]}},"_links":{"self":[{"href":"https:\/\/www.drzwi-cal.pl\/en\/wp-json\/wp\/v2\/blog\/5115","targetHints":{"allow":["GET"]}}],"collection":[{"href":"https:\/\/www.drzwi-cal.pl\/en\/wp-json\/wp\/v2\/blog"}],"about":[{"href":"https:\/\/www.drzwi-cal.pl\/en\/wp-json\/wp\/v2\/types\/dc_blog"}],"replies":[{"embeddable":true,"href":"https:\/\/www.drzwi-cal.pl\/en\/wp-json\/wp\/v2\/comments?post=5115"}],"version-history":[{"count":3,"href":"https:\/\/www.drzwi-cal.pl\/en\/wp-json\/wp\/v2\/blog\/5115\/revisions"}],"predecessor-version":[{"id":23646,"href":"https:\/\/www.drzwi-cal.pl\/en\/wp-json\/wp\/v2\/blog\/5115\/revisions\/23646"}],"wp:featuredmedia":[{"embeddable":true,"href":"https:\/\/www.drzwi-cal.pl\/en\/wp-json\/wp\/v2\/media\/5116"}],"wp:attachment":[{"href":"https:\/\/www.drzwi-cal.pl\/en\/wp-json\/wp\/v2\/media?parent=5115"}],"curies":[{"name":"wp","href":"https:\/\/api.w.org\/{rel}","templated":true}]}}