{"id":5266,"date":"2019-04-02T13:28:46","date_gmt":"2019-04-02T11:28:46","guid":{"rendered":"https:\/\/www.drzwi-cal.pl\/?post_type=dc_blog&#038;p=5266"},"modified":"2026-04-08T22:20:07","modified_gmt":"2026-04-08T20:20:07","slug":"drzwi-energooszczedne-doplaty","status":"publish","type":"dc_blog","link":"https:\/\/www.drzwi-cal.pl\/en\/blog\/drzwi-energooszczedne-doplaty\/","title":{"rendered":"Drzwi energooszcz\u0119dne, drzwi pasywne &#8211; dop\u0142aty, dofinansowanie, korzy\u015bci"},"content":{"rendered":"<div id=\"attachment_5267\" style=\"width: 810px\" class=\"wp-caption aligncenter\"><img fetchpriority=\"high\" decoding=\"async\" aria-describedby=\"caption-attachment-5267\" class=\"wp-image-5267\" src=\"https:\/\/www.drzwi-cal.pl\/wp-content\/uploads\/2019\/04\/drzwi-energooszcz\u0119dne-dop\u0142aty-2019.jpg\" alt=\"drzwi energooszcz\u0119dne dop\u0142aty 2019\" width=\"800\" height=\"595\" \/><p id=\"caption-attachment-5267\" class=\"wp-caption-text\"><em><span class=\"c-txt-legend\">Drzwi energooszcz\u0119dne CAL z kolekcji <strong><a href=\"https:\/\/www.drzwi-cal.pl\/en\/drzwi-zewnetrzne-kolekcje\/alutherm-collection\/\">Alutherm<\/a><\/strong> model Dekasuw.<\/span><\/em><\/p><\/div>\n<p style=\"text-align: justify;\"><strong>Planuj\u0105c budow\u0119 domu warto zadba\u0107 o zmniejszenie zu\u017cycia energii. Przek\u0142ada si\u0119 to na ni\u017csze koszty ogrzewania, a tak\u017ce umo\u017cliwia uzyskanie korzystnych dop\u0142at finansowych do termomodernizacji budynk\u00f3w. Na jakie dofinansowanie mo\u017cesz liczy\u0107 decyduj\u0105c si\u0119 na zakup drzwi energooszcz\u0119dnych lub drzwi pasywnych?<\/strong><\/p>\n<p style=\"text-align: justify;\">Decyzja o termomodernizacji domu lub mieszkania niesie wiele korzy\u015bci. Mniejsze straty energii dzi\u0119ki inwestycji w ciep\u0142e drzwi zewn\u0119trzne to redukcja rachunk\u00f3w za ogrzewanie. To ponadto ciep\u0142e wn\u0119trza, cieplejsze \u015bciany i pod\u0142ogi. Warto mie\u0107 \u015bwiadomo\u015b\u0107, \u017ce przez drzwi i okna o niskich standardach energetycznych ucieka nawet 35% energii cieplnej. Planuj\u0105c zakup energooszcz\u0119dnych lub pasywnych drzwi zewn\u0119trznych mo\u017cesz ponadto liczy\u0107 na atrakcyjne dop\u0142aty w ramach gminnych i rz\u0105dowych program\u00f3w.<\/p>\n<h2><strong>Czym s\u0105 drzwi energooszcz\u0119dne, a czym drzwi pasywne zewn\u0119trzne<\/strong><\/h2>\n<p style=\"text-align: justify;\"><strong><a href=\"https:\/\/www.drzwi-cal.pl\/en\/drzwi-energooszczedne-drzwi-pasywne-dobry-wybor\/\">Drzwi zewn\u0119trzne energooszcz\u0119dne<\/a> <\/strong>to drzwi spe\u0142niaj\u0105ce standard energetyczny zgodny z norm\u0105 NF40, czyli U<sub>d<\/sub> pomi\u0119dzy 0,8 a 1,0 W\/m\u00b2K. Norma NF40 oznacza kwalifikacj\u0119 budynk\u00f3w jako domy energooszcz\u0119dne, kt\u00f3rych roczne zapotrzebowanie na energi\u0119 u\u017cytkow\u0105 do ogrzewania i wentylacji (EUco) jest mniejsze lub r\u00f3wne 40 kWh\/m<sup>2<\/sup>rok. Przyjmuje si\u0119, \u017ce drzwi o przenikalno\u015bci cieplnej Ud nie wi\u0119cej ni\u017c 1,0 W\/m\u00b2K to drzwi energooszcz\u0119dne.<\/p>\n<p style=\"text-align: justify;\">W przypadku drzwi pasywnych obowi\u0105zuj\u0105cy standard to tak zwana norma NF15, w kt\u00f3rej zapotrzebowanie energetyczne okre\u015bla wz\u00f3r EUco \u2264 15 kWh\/m<sup>2<\/sup>rok.<strong> Drzwi pasywne maj\u0105 wy\u017cszy poziom termoizolacyjno\u015bci<\/strong>, a ich przenikalno\u015b\u0107 cieplna U<sub>d<\/sub> nie mo\u017ce przekracza\u0107 0,8 W\/m<sup>2<\/sup>K.<\/p>\n<div id=\"attachment_5273\" style=\"width: 810px\" class=\"wp-caption aligncenter\"><img decoding=\"async\" aria-describedby=\"caption-attachment-5273\" class=\"wp-image-5273\" src=\"https:\/\/www.drzwi-cal.pl\/wp-content\/uploads\/2019\/04\/drzwi-energooszcz\u0119dne-pasywne-dop\u0142aty-2019.jpg-1.png\" alt=\"drzwi energooszcz\u0119dne pasywne dop\u0142aty 2019.jpg\" width=\"800\" height=\"533\" srcset=\"https:\/\/www.drzwi-cal.pl\/wp-content\/uploads\/2019\/04\/drzwi-energooszcz\u0119dne-pasywne-dop\u0142aty-2019.jpg-1.png 1688w, https:\/\/www.drzwi-cal.pl\/wp-content\/uploads\/2019\/04\/drzwi-energooszcz\u0119dne-pasywne-dop\u0142aty-2019.jpg-1-150x100.png 150w, https:\/\/www.drzwi-cal.pl\/wp-content\/uploads\/2019\/04\/drzwi-energooszcz\u0119dne-pasywne-dop\u0142aty-2019.jpg-1-300x200.png 300w, https:\/\/www.drzwi-cal.pl\/wp-content\/uploads\/2019\/04\/drzwi-energooszcz\u0119dne-pasywne-dop\u0142aty-2019.jpg-1-768x512.png 768w, https:\/\/www.drzwi-cal.pl\/wp-content\/uploads\/2019\/04\/drzwi-energooszcz\u0119dne-pasywne-dop\u0142aty-2019.jpg-1-1024x682.png 1024w, https:\/\/www.drzwi-cal.pl\/wp-content\/uploads\/2019\/04\/drzwi-energooszcz\u0119dne-pasywne-dop\u0142aty-2019.jpg-1-960x640.png 960w, https:\/\/www.drzwi-cal.pl\/wp-content\/uploads\/2019\/04\/drzwi-energooszcz\u0119dne-pasywne-dop\u0142aty-2019.jpg-1-640x427.png 640w, https:\/\/www.drzwi-cal.pl\/wp-content\/uploads\/2019\/04\/drzwi-energooszcz\u0119dne-pasywne-dop\u0142aty-2019.jpg-1-204x136.png 204w, https:\/\/www.drzwi-cal.pl\/wp-content\/uploads\/2019\/04\/drzwi-energooszcz\u0119dne-pasywne-dop\u0142aty-2019.jpg-1-25x17.png 25w\" sizes=\"(max-width: 800px) 100vw, 800px\" \/><p id=\"caption-attachment-5273\" class=\"wp-caption-text\"><span class=\"c-txt-legend\"><em>Drzwi zewn\u0119trzne alu-drewniane CAL model Fermtoferm spe\u0142niaj\u0105 normy NF 40 dla dom\u00f3w energooszcz\u0119dnych.<\/em><\/span><\/p><\/div>\n<h2><span style=\"color: #339966;\"><strong>Dop\u0142aty do drzwi zewn\u0119trznych energooszcz\u0119dnych<\/strong><\/span><\/h2>\n<h3><strong>Program NFO\u015aiGW, dofinansowanie na drzwi zewn\u0119trzne<\/strong><\/h3>\n<p style=\"text-align: justify;\">Je\u015bli planujesz budow\u0119 domu w standardzie NF40 lub NF15 mo\u017cesz ubiega\u0107 si\u0119 o <strong><a href=\"https:\/\/www.drzwi-cal.pl\/en\/czyste-powietrze\/\">dofinansowanie w ramach programu dop\u0142at do budowy budynk\u00f3w energooszcz\u0119dnych<\/a><\/strong>. Za koordynacj\u0119 dop\u0142at w Programie odpowiedzialny jest Narodowy Fundusz Ochrony \u015arodowiska i Gospodarki Wodnej (NFO\u015aiGW). Kwota maksymalnej mo\u017cliwej do uzyskania dop\u0142aty wynosi 30.000 z\u0142 dla dom\u00f3w NF40 oraz 50.000 z\u0142 dla budynk\u00f3w w standardzie NF15. Wlicza si\u0119 w to tak\u017ce koszt zakupu drzwi energooszcz\u0119dnych.<\/p>\n<h3><strong>Program Czyste Powietrze \u2013 ulga termomodernizacyjna<\/strong><\/h3>\n<p><img decoding=\"async\" class=\"wp-image-5275 size-medium alignleft\" src=\"https:\/\/www.drzwi-cal.pl\/wp-content\/uploads\/2019\/04\/czyste-powietrze-dop\u0142\u0105ty-do-drzwi-zewn\u0119trznych-300x155.png\" alt=\"czyste-powietrze-dop\u0142aty do drzwi zewn\u0119trznych\" width=\"300\" height=\"155\" srcset=\"https:\/\/www.drzwi-cal.pl\/wp-content\/uploads\/2019\/04\/czyste-powietrze-dop\u0142\u0105ty-do-drzwi-zewn\u0119trznych-300x155.png 300w, https:\/\/www.drzwi-cal.pl\/wp-content\/uploads\/2019\/04\/czyste-powietrze-dop\u0142\u0105ty-do-drzwi-zewn\u0119trznych-150x77.png 150w, https:\/\/www.drzwi-cal.pl\/wp-content\/uploads\/2019\/04\/czyste-powietrze-dop\u0142\u0105ty-do-drzwi-zewn\u0119trznych-204x105.png 204w, https:\/\/www.drzwi-cal.pl\/wp-content\/uploads\/2019\/04\/czyste-powietrze-dop\u0142\u0105ty-do-drzwi-zewn\u0119trznych-25x13.png 25w, https:\/\/www.drzwi-cal.pl\/wp-content\/uploads\/2019\/04\/czyste-powietrze-dop\u0142\u0105ty-do-drzwi-zewn\u0119trznych.png 409w\" sizes=\"(max-width: 300px) 100vw, 300px\" \/><\/p>\n<p style=\"text-align: justify;\">Czyste Powietrze to rz\u0105dowy program dop\u0142at do drzwi energooszcz\u0119dnych, wymiany pieca, wymiany okien, ocieplenia \u015bcian i innych dzia\u0142a\u0144 maj\u0105cych na celu termomodernizacj\u0119 budynku. Jednym z narz\u0119dzi jest ulga termomodernizacyjna. Jest to ulga podatkowa, kt\u00f3ra polega na odliczeniu od przychodu wydatk\u00f3w zwi\u0105zanych z realizacj\u0105 docieplenia domu. Ulga termomodernizacyjna przys\u0142uguje m.in. na drzwi zewn\u0119trzne energooszcz\u0119dne. Szczeg\u00f3\u0142owe informacje na temat materia\u0142\u00f3w budowlanych obj\u0119tych mo\u017cliwo\u015bci uzyskania tej ulgi podatkowej znajdziecie w <span style=\"color: #008080;\"><a style=\"color: #008080;\" href=\"https:\/\/prawo.sejm.gov.pl\/isap.nsf\/DocDetails.xsp?id=WDU20180002489\"><strong>Rozporz\u0105dzeniu<\/strong><\/a><\/span> Ministra Inwestycji i Rozwoju z dnia 21 grudnia 2018 r. w sprawie okre\u015blenia wykazu rodzaj\u00f3w materia\u0142\u00f3w budowlanych, urz\u0105dze\u0144 i us\u0142ug zwi\u0105zanych z realizacj\u0105 przedsi\u0119wzi\u0119\u0107 termomodernizacyjnych.<\/p>\n<h3><strong>Program Czyste Powietrze \u2013 dofinansowanie na drzwi zewn\u0119trzne i inne<\/strong><\/h3>\n<p style=\"text-align: justify;\"><strong><a href=\"https:\/\/www.drzwi-cal.pl\/en\/czyste-powietrze\/\">Program Czyste Powietrze<\/a><\/strong> przewiduje tak\u017ce inn\u0105 form\u0119 dofinansowania \u2013 dotacj\u0119 do ocieplenia domu. Jej wysoko\u015b\u0107 uzale\u017cniona jest od miesi\u0119cznego lub rocznego dochodu na osob\u0119 w gospodarstwie. Mo\u017ce by\u0107 to od 10% do nawet 90% dla najmniej zarabiaj\u0105cych.<\/p>\n<p style=\"text-align: justify;\">Aby ubiega\u0107 si\u0119 o dop\u0142at\u0119 do drzwi zewn\u0119trznych i innego rodzaju termomodernizacji minimalna warto\u015b\u0107 koszt\u00f3w kwalifikowanych musi wynie\u015b\u0107 minimum 7.000 z\u0142, a maksymalny jednostkowy koszt kwalifikowany drzwi zewn\u0119trznych <strong>za m2<\/strong> &#8211; do 2000 z\u0142.<\/p>\n<p style=\"text-align: justify;\">Szczeg\u00f3\u0142owe kryteria dotycz\u0105ce przedsi\u0119wzi\u0119\u0107 obj\u0119tych dop\u0142at\u0105 znajdziecie na <span style=\"color: #008000;\"><a style=\"color: #008000;\" href=\"https:\/\/www.wfosigw.pl\/sites\/default\/files\/program_czyste_powietrze.pdf\" target=\"_blank\" rel=\"nofollow noopener\">https:\/\/www.wfosigw.pl\/sites\/default\/files\/program_czyste_powietrze.pdf<\/a><span style=\"color: #000000;\">.<\/span><\/span><\/p>\n<h2><strong>Gminne dop\u0142aty do drzwi zewn\u0119trznych i docieplenia budynk\u00f3w<\/strong><\/h2>\n<div id=\"attachment_5277\" style=\"width: 211px\" class=\"wp-caption alignleft\"><img loading=\"lazy\" decoding=\"async\" aria-describedby=\"caption-attachment-5277\" class=\"wp-image-5277 size-medium\" src=\"https:\/\/www.drzwi-cal.pl\/wp-content\/uploads\/2019\/04\/przekr\u00f3j-naro\u017cnika-drzwi-zewn\u0119trznych-energooszcz\u0119dnych-CAL-AluTherm-w-standardzie-Arctic-201x300.jpg\" alt=\"przekr\u00f3j naro\u017cnika drzwi zewn\u0119trznych energooszcz\u0119dnych CAL AluTherm w standardzie Arctic\" width=\"201\" height=\"300\" srcset=\"https:\/\/www.drzwi-cal.pl\/wp-content\/uploads\/2019\/04\/przekr\u00f3j-naro\u017cnika-drzwi-zewn\u0119trznych-energooszcz\u0119dnych-CAL-AluTherm-w-standardzie-Arctic-201x300.jpg 201w, https:\/\/www.drzwi-cal.pl\/wp-content\/uploads\/2019\/04\/przekr\u00f3j-naro\u017cnika-drzwi-zewn\u0119trznych-energooszcz\u0119dnych-CAL-AluTherm-w-standardzie-Arctic-101x150.jpg 101w, https:\/\/www.drzwi-cal.pl\/wp-content\/uploads\/2019\/04\/przekr\u00f3j-naro\u017cnika-drzwi-zewn\u0119trznych-energooszcz\u0119dnych-CAL-AluTherm-w-standardzie-Arctic-768x1146.jpg 768w, https:\/\/www.drzwi-cal.pl\/wp-content\/uploads\/2019\/04\/przekr\u00f3j-naro\u017cnika-drzwi-zewn\u0119trznych-energooszcz\u0119dnych-CAL-AluTherm-w-standardzie-Arctic-686x1024.jpg 686w, https:\/\/www.drzwi-cal.pl\/wp-content\/uploads\/2019\/04\/przekr\u00f3j-naro\u017cnika-drzwi-zewn\u0119trznych-energooszcz\u0119dnych-CAL-AluTherm-w-standardzie-Arctic-640x955.jpg 640w, https:\/\/www.drzwi-cal.pl\/wp-content\/uploads\/2019\/04\/przekr\u00f3j-naro\u017cnika-drzwi-zewn\u0119trznych-energooszcz\u0119dnych-CAL-AluTherm-w-standardzie-Arctic-204x304.jpg 204w, https:\/\/www.drzwi-cal.pl\/wp-content\/uploads\/2019\/04\/przekr\u00f3j-naro\u017cnika-drzwi-zewn\u0119trznych-energooszcz\u0119dnych-CAL-AluTherm-w-standardzie-Arctic-25x37.jpg 25w, https:\/\/www.drzwi-cal.pl\/wp-content\/uploads\/2019\/04\/przekr\u00f3j-naro\u017cnika-drzwi-zewn\u0119trznych-energooszcz\u0119dnych-CAL-AluTherm-w-standardzie-Arctic.jpg 776w\" sizes=\"(max-width: 201px) 100vw, 201px\" \/><p id=\"caption-attachment-5277\" class=\"wp-caption-text\"><em>Przekr\u00f3j naro\u017cnika drzwi zewn\u0119trznych energooszcz\u0119dnych CAL AluTherm w standardzie Arctic.<\/em><\/p><\/div>\n<p style=\"text-align: justify;\">Poza rz\u0105dowymi programami dop\u0142at istnieje tak\u017ce mo\u017cliwo\u015b\u0107 uzyskania <strong>gminnego dofinansowania na drzwi zewn\u0119trzne<\/strong> i inne dzia\u0142ania zwi\u0105zane z termomodernizacj\u0105. To tak zwane gminne dop\u0142aty do ocieplenia budynk\u00f3w lub gminne dofinansowanie do termomodernizacji. Poniewa\u017c ka\u017cda gmina ma prawo ustala\u0107 odr\u0119bne zasady dzia\u0142ania program\u00f3w, informacji na temat mo\u017cliwo\u015bci skorzystania z dofinansowania nale\u017cy szuka\u0107 na stronach urz\u0119d\u00f3w danych gmin lub bezpo\u015brednio w urz\u0119dach.<\/p>\n<p style=\"text-align: justify;\">Dofinansowanie w ramach gminnych dop\u0142at udzielane jest dla dom\u00f3w znajduj\u0105cych si\u0119 na terenie danej gminy i kierowane jest przede wszystkich do os\u00f3b dotkni\u0119tych tzw. ub\u00f3stwem energetycznym.<\/p>\n<h2><strong>Drzwi zewn\u0119trzne energooszcz\u0119dne i drzwi pasywne CAL<\/strong><\/h2>\n<p style=\"text-align: justify;\">Wszystkie <a href=\"\/drzwi-zewnetrzne\/\"><strong>drewniane drzwi zewn\u0119trzne CAL spe\u0142niaj\u0105 norm\u0119 NF40<\/strong><\/a> okre\u015blaj\u0105c\u0105 domy energooszcz\u0119dne. Oznacza to, \u017ce nie musisz dop\u0142aca\u0107 do tego, aby posiada\u0107 w domu drzwi o znakomitych warunkach termoizolacyjnych. Kwalifikuj\u0105 si\u0119 zatem do zamontowania w domach energooszcz\u0119dnych, kt\u00f3re maj\u0105 spe\u0142nia\u0107 norm\u0119 NF40.<\/p>\n<p style=\"text-align: justify;\">Co wi\u0119cej, firma <a href=\"https:\/\/www.drzwi-cal.pl\/en\/blog\/drzwi-cal-opinie\/\">Drzwi CAL<\/a> jest Ambasadorem Budownictwa Pasywnego. Te wy\u015brubowane standardy cieplne spe\u0142niaj\u0105 drewniane drzwi zewn\u0119trzne z <strong><span style=\"color: #008080;\"><a href=\"https:\/\/www.drzwi-cal.pl\/en\/drzwi-zewnetrzne-kolekcje\/alutherm-collection\/\">Kolekcji Alutherm<\/a>.<\/span><\/strong> Ich wsp\u00f3\u0142czynnik przenikania ciep\u0142a to zaledwie 0,58 W\/m<sup>2<\/sup>K przy jednoczesnej 4. klasie szczelno\u015bci. Drzwi zewn\u0119trzne pasywne CAL posiadaj\u0105 skrzyd\u0142o p\u0142ytowe przylgowe o grubo\u015bci 90 mm zbudowane z ramy drewnianej (d\u0119bowej lub sosnowej). Ram\u0119 skrzyd\u0142a wype\u0142nia materia\u0142 termoizolacyjny, a ok\u0142adzin\u0119 wykonano ze sklejki wodoodpornej okleinowanej.<\/p>\n<h2><strong>Dop\u0142aty do drzwi energooszcz\u0119dnych &#8211; podsumowanie<\/strong><\/h2>\n<p style=\"text-align: justify;\">Inwestycja w budownictwo energooszcz\u0119dne nie musi oznacza\u0107 ogromnych wydatk\u00f3w. Dzi\u0119ki gminnym i rz\u0105dowym programom dop\u0142at mo\u017cemy uzyska\u0107 zwrot cz\u0119\u015bci poniesionych koszt\u00f3w. Zakup drewnianych drzwi energooszcz\u0119dnych z dop\u0142at\u0105 to nie tylko korzystne dofinansowanie, ale r\u00f3wnie\u017c oszcz\u0119dno\u015bci na rachunkach za pr\u0105d. Doskona\u0142e w\u0142a\u015bciwo\u015bci termoizolacyjne drzwi zewn\u0119trznych pozwalaj\u0105 w d\u0142u\u017cszej perspektywie znacznie zredukowa\u0107 koszty ogrzewania domu. Warto podej\u015b\u0107 do tematu ca\u0142o\u015bciowo, zaczynaj\u0105c od energooszcz\u0119dnych drzwi zewn\u0119trznych.<\/p>\n<p>&nbsp;<\/p>\n","protected":false},"featured_media":5271,"comment_status":"closed","ping_status":"closed","template":"","meta":[],"class_list":["post-5266","dc_blog","type-dc_blog","status-publish","has-post-thumbnail","hentry","dc_blog_tagi-ekologia","dc_blog_tagi-budowa-domu"],"acf":[],"yoast_head":"<!-- This site is optimized with the Yoast SEO plugin v26.5 - https:\/\/yoast.com\/wordpress\/plugins\/seo\/ -->\n<title>Drzwi energooszcz\u0119dne dop\u0142aty, dofinansowanie, korzy\u015bci - Drzwi CAL<\/title>\n<meta name=\"description\" content=\"Inwestycja w budownictwo energooszcz\u0119dne nie musi oznacza\u0107 ogromnych wydatk\u00f3w. Dzi\u0119ki programom dop\u0142at mo\u017cemy uzyska\u0107 zwrot cz\u0119\u015bci poniesionych koszt\u00f3w!\" \/>\n<meta name=\"robots\" content=\"index, follow, max-snippet:-1, max-image-preview:large, max-video-preview:-1\" \/>\n<link rel=\"canonical\" href=\"https:\/\/www.drzwi-cal.pl\/en\/blog\/drzwi-energooszczedne-doplaty\/\" \/>\n<meta property=\"og:locale\" content=\"en_US\" \/>\n<meta property=\"og:type\" content=\"article\" \/>\n<meta property=\"og:title\" content=\"Drzwi energooszcz\u0119dne dop\u0142aty, dofinansowanie, korzy\u015bci - Drzwi CAL\" \/>\n<meta property=\"og:description\" content=\"Inwestycja w budownictwo energooszcz\u0119dne nie musi oznacza\u0107 ogromnych wydatk\u00f3w. Dzi\u0119ki programom dop\u0142at mo\u017cemy uzyska\u0107 zwrot cz\u0119\u015bci poniesionych koszt\u00f3w!\" \/>\n<meta property=\"og:url\" content=\"https:\/\/www.drzwi-cal.pl\/en\/blog\/drzwi-energooszczedne-doplaty\/\" \/>\n<meta property=\"og:site_name\" content=\"Drzwi zewn\u0119trzne i wewn\u0119trzne premium\" \/>\n<meta property=\"article:publisher\" content=\"https:\/\/www.facebook.com\/drzwical\/\" \/>\n<meta property=\"article:modified_time\" content=\"2026-04-08T20:20:07+00:00\" \/>\n<meta property=\"og:image\" content=\"https:\/\/www.drzwi-cal.pl\/wp-content\/uploads\/2019\/04\/drzwi-energooszcz\u0119dne-dop\u0142aty-2019-1.jpg\" \/>\n\t<meta property=\"og:image:width\" content=\"1598\" \/>\n\t<meta property=\"og:image:height\" content=\"1189\" \/>\n\t<meta property=\"og:image:type\" content=\"image\/jpeg\" \/>\n<meta name=\"twitter:card\" content=\"summary_large_image\" \/>\n<meta name=\"twitter:label1\" content=\"Est. reading time\" \/>\n\t<meta name=\"twitter:data1\" content=\"5 minutes\" \/>\n<script type=\"application\/ld+json\" class=\"yoast-schema-graph\">{\"@context\":\"https:\/\/schema.org\",\"@graph\":[{\"@type\":\"WebPage\",\"@id\":\"https:\/\/www.drzwi-cal.pl\/en\/blog\/drzwi-energooszczedne-doplaty\/\",\"url\":\"https:\/\/www.drzwi-cal.pl\/en\/blog\/drzwi-energooszczedne-doplaty\/\",\"name\":\"Drzwi energooszcz\u0119dne dop\u0142aty, dofinansowanie, korzy\u015bci - Drzwi CAL\",\"isPartOf\":{\"@id\":\"https:\/\/www.drzwi-cal.pl\/en\/#website\"},\"primaryImageOfPage\":{\"@id\":\"https:\/\/www.drzwi-cal.pl\/en\/blog\/drzwi-energooszczedne-doplaty\/#primaryimage\"},\"image\":{\"@id\":\"https:\/\/www.drzwi-cal.pl\/en\/blog\/drzwi-energooszczedne-doplaty\/#primaryimage\"},\"thumbnailUrl\":\"https:\/\/www.drzwi-cal.pl\/wp-content\/uploads\/2019\/04\/drzwi-energooszcz\u0119dne-dop\u0142aty-2019-1.jpg\",\"datePublished\":\"2019-04-02T11:28:46+00:00\",\"dateModified\":\"2026-04-08T20:20:07+00:00\",\"description\":\"Inwestycja w budownictwo energooszcz\u0119dne nie musi oznacza\u0107 ogromnych wydatk\u00f3w. Dzi\u0119ki programom dop\u0142at mo\u017cemy uzyska\u0107 zwrot cz\u0119\u015bci poniesionych koszt\u00f3w!\",\"breadcrumb\":{\"@id\":\"https:\/\/www.drzwi-cal.pl\/en\/blog\/drzwi-energooszczedne-doplaty\/#breadcrumb\"},\"inLanguage\":\"en-US\",\"potentialAction\":[{\"@type\":\"ReadAction\",\"target\":[\"https:\/\/www.drzwi-cal.pl\/en\/blog\/drzwi-energooszczedne-doplaty\/\"]}]},{\"@type\":\"ImageObject\",\"inLanguage\":\"en-US\",\"@id\":\"https:\/\/www.drzwi-cal.pl\/en\/blog\/drzwi-energooszczedne-doplaty\/#primaryimage\",\"url\":\"https:\/\/www.drzwi-cal.pl\/wp-content\/uploads\/2019\/04\/drzwi-energooszcz\u0119dne-dop\u0142aty-2019-1.jpg\",\"contentUrl\":\"https:\/\/www.drzwi-cal.pl\/wp-content\/uploads\/2019\/04\/drzwi-energooszcz\u0119dne-dop\u0142aty-2019-1.jpg\",\"width\":1598,\"height\":1189,\"caption\":\"drzwi energooszcz\u0119dne dop\u0142aty 2019\"},{\"@type\":\"BreadcrumbList\",\"@id\":\"https:\/\/www.drzwi-cal.pl\/en\/blog\/drzwi-energooszczedne-doplaty\/#breadcrumb\",\"itemListElement\":[{\"@type\":\"ListItem\",\"position\":1,\"name\":\"CAL prawdziwe drzwi\",\"item\":\"https:\/\/www.drzwi-cal.pl\/en\/\"},{\"@type\":\"ListItem\",\"position\":2,\"name\":\"Blog\",\"item\":\"https:\/\/www.drzwi-cal.pl\/en\/blog\/\"},{\"@type\":\"ListItem\",\"position\":3,\"name\":\"Drzwi energooszcz\u0119dne, drzwi pasywne &#8211; dop\u0142aty, dofinansowanie, korzy\u015bci\"}]},{\"@type\":\"WebSite\",\"@id\":\"https:\/\/www.drzwi-cal.pl\/en\/#website\",\"url\":\"https:\/\/www.drzwi-cal.pl\/en\/\",\"name\":\"Drzwi zewn\u0119trzne i wewn\u0119trzne premium\",\"description\":\"Wybierz tylko kolor i model swoich drzwi zewn\u0119trznych CAL, bo ciep\u0142o i bezpiecze\u0144stwo masz zawsze w cenie! Dobierz pasuj\u0105ce drewniane drzwi wewn\u0119trzne CAL.\",\"publisher\":{\"@id\":\"https:\/\/www.drzwi-cal.pl\/en\/#organization\"},\"potentialAction\":[{\"@type\":\"SearchAction\",\"target\":{\"@type\":\"EntryPoint\",\"urlTemplate\":\"https:\/\/www.drzwi-cal.pl\/en\/?s={search_term_string}\"},\"query-input\":{\"@type\":\"PropertyValueSpecification\",\"valueRequired\":true,\"valueName\":\"search_term_string\"}}],\"inLanguage\":\"en-US\"},{\"@type\":\"Organization\",\"@id\":\"https:\/\/www.drzwi-cal.pl\/en\/#organization\",\"name\":\"Drzwi CAL\",\"alternateName\":\"Prawdziwe drzwi CAL\",\"url\":\"https:\/\/www.drzwi-cal.pl\/en\/\",\"logo\":{\"@type\":\"ImageObject\",\"inLanguage\":\"en-US\",\"@id\":\"https:\/\/www.drzwi-cal.pl\/en\/#\/schema\/logo\/image\/\",\"url\":\"https:\/\/www.drzwi-cal.pl\/wp-content\/uploads\/2018\/08\/CAL.jpg\",\"contentUrl\":\"https:\/\/www.drzwi-cal.pl\/wp-content\/uploads\/2018\/08\/CAL.jpg\",\"width\":1667,\"height\":750,\"caption\":\"Drzwi CAL\"},\"image\":{\"@id\":\"https:\/\/www.drzwi-cal.pl\/en\/#\/schema\/logo\/image\/\"},\"sameAs\":[\"https:\/\/www.facebook.com\/drzwical\/\",\"https:\/\/www.instagram.com\/drzwical\/\",\"https:\/\/www.linkedin.com\/company\/drzwi-cal\",\"https:\/\/www.youtube.com\/user\/drzwical\/\"]}]}<\/script>\n<!-- \/ Yoast SEO plugin. -->","yoast_head_json":{"title":"Drzwi energooszcz\u0119dne dop\u0142aty, dofinansowanie, korzy\u015bci - Drzwi CAL","description":"Inwestycja w budownictwo energooszcz\u0119dne nie musi oznacza\u0107 ogromnych wydatk\u00f3w. Dzi\u0119ki programom dop\u0142at mo\u017cemy uzyska\u0107 zwrot cz\u0119\u015bci poniesionych koszt\u00f3w!","robots":{"index":"index","follow":"follow","max-snippet":"max-snippet:-1","max-image-preview":"max-image-preview:large","max-video-preview":"max-video-preview:-1"},"canonical":"https:\/\/www.drzwi-cal.pl\/en\/blog\/drzwi-energooszczedne-doplaty\/","og_locale":"en_US","og_type":"article","og_title":"Drzwi energooszcz\u0119dne dop\u0142aty, dofinansowanie, korzy\u015bci - Drzwi CAL","og_description":"Inwestycja w budownictwo energooszcz\u0119dne nie musi oznacza\u0107 ogromnych wydatk\u00f3w. Dzi\u0119ki programom dop\u0142at mo\u017cemy uzyska\u0107 zwrot cz\u0119\u015bci poniesionych koszt\u00f3w!","og_url":"https:\/\/www.drzwi-cal.pl\/en\/blog\/drzwi-energooszczedne-doplaty\/","og_site_name":"Drzwi zewn\u0119trzne i wewn\u0119trzne premium","article_publisher":"https:\/\/www.facebook.com\/drzwical\/","article_modified_time":"2026-04-08T20:20:07+00:00","og_image":[{"width":1598,"height":1189,"url":"https:\/\/www.drzwi-cal.pl\/wp-content\/uploads\/2019\/04\/drzwi-energooszcz\u0119dne-dop\u0142aty-2019-1.jpg","type":"image\/jpeg"}],"twitter_card":"summary_large_image","twitter_misc":{"Est. reading time":"5 minutes"},"schema":{"@context":"https:\/\/schema.org","@graph":[{"@type":"WebPage","@id":"https:\/\/www.drzwi-cal.pl\/en\/blog\/drzwi-energooszczedne-doplaty\/","url":"https:\/\/www.drzwi-cal.pl\/en\/blog\/drzwi-energooszczedne-doplaty\/","name":"Drzwi energooszcz\u0119dne dop\u0142aty, dofinansowanie, korzy\u015bci - Drzwi CAL","isPartOf":{"@id":"https:\/\/www.drzwi-cal.pl\/en\/#website"},"primaryImageOfPage":{"@id":"https:\/\/www.drzwi-cal.pl\/en\/blog\/drzwi-energooszczedne-doplaty\/#primaryimage"},"image":{"@id":"https:\/\/www.drzwi-cal.pl\/en\/blog\/drzwi-energooszczedne-doplaty\/#primaryimage"},"thumbnailUrl":"https:\/\/www.drzwi-cal.pl\/wp-content\/uploads\/2019\/04\/drzwi-energooszcz\u0119dne-dop\u0142aty-2019-1.jpg","datePublished":"2019-04-02T11:28:46+00:00","dateModified":"2026-04-08T20:20:07+00:00","description":"Inwestycja w budownictwo energooszcz\u0119dne nie musi oznacza\u0107 ogromnych wydatk\u00f3w. Dzi\u0119ki programom dop\u0142at mo\u017cemy uzyska\u0107 zwrot cz\u0119\u015bci poniesionych koszt\u00f3w!","breadcrumb":{"@id":"https:\/\/www.drzwi-cal.pl\/en\/blog\/drzwi-energooszczedne-doplaty\/#breadcrumb"},"inLanguage":"en-US","potentialAction":[{"@type":"ReadAction","target":["https:\/\/www.drzwi-cal.pl\/en\/blog\/drzwi-energooszczedne-doplaty\/"]}]},{"@type":"ImageObject","inLanguage":"en-US","@id":"https:\/\/www.drzwi-cal.pl\/en\/blog\/drzwi-energooszczedne-doplaty\/#primaryimage","url":"https:\/\/www.drzwi-cal.pl\/wp-content\/uploads\/2019\/04\/drzwi-energooszcz\u0119dne-dop\u0142aty-2019-1.jpg","contentUrl":"https:\/\/www.drzwi-cal.pl\/wp-content\/uploads\/2019\/04\/drzwi-energooszcz\u0119dne-dop\u0142aty-2019-1.jpg","width":1598,"height":1189,"caption":"drzwi energooszcz\u0119dne dop\u0142aty 2019"},{"@type":"BreadcrumbList","@id":"https:\/\/www.drzwi-cal.pl\/en\/blog\/drzwi-energooszczedne-doplaty\/#breadcrumb","itemListElement":[{"@type":"ListItem","position":1,"name":"CAL prawdziwe drzwi","item":"https:\/\/www.drzwi-cal.pl\/en\/"},{"@type":"ListItem","position":2,"name":"Blog","item":"https:\/\/www.drzwi-cal.pl\/en\/blog\/"},{"@type":"ListItem","position":3,"name":"Drzwi energooszcz\u0119dne, drzwi pasywne &#8211; dop\u0142aty, dofinansowanie, korzy\u015bci"}]},{"@type":"WebSite","@id":"https:\/\/www.drzwi-cal.pl\/en\/#website","url":"https:\/\/www.drzwi-cal.pl\/en\/","name":"Drzwi zewn\u0119trzne i wewn\u0119trzne premium","description":"Wybierz tylko kolor i model swoich drzwi zewn\u0119trznych CAL, bo ciep\u0142o i bezpiecze\u0144stwo masz zawsze w cenie! Dobierz pasuj\u0105ce drewniane drzwi wewn\u0119trzne CAL.","publisher":{"@id":"https:\/\/www.drzwi-cal.pl\/en\/#organization"},"potentialAction":[{"@type":"SearchAction","target":{"@type":"EntryPoint","urlTemplate":"https:\/\/www.drzwi-cal.pl\/en\/?s={search_term_string}"},"query-input":{"@type":"PropertyValueSpecification","valueRequired":true,"valueName":"search_term_string"}}],"inLanguage":"en-US"},{"@type":"Organization","@id":"https:\/\/www.drzwi-cal.pl\/en\/#organization","name":"Drzwi CAL","alternateName":"Prawdziwe drzwi CAL","url":"https:\/\/www.drzwi-cal.pl\/en\/","logo":{"@type":"ImageObject","inLanguage":"en-US","@id":"https:\/\/www.drzwi-cal.pl\/en\/#\/schema\/logo\/image\/","url":"https:\/\/www.drzwi-cal.pl\/wp-content\/uploads\/2018\/08\/CAL.jpg","contentUrl":"https:\/\/www.drzwi-cal.pl\/wp-content\/uploads\/2018\/08\/CAL.jpg","width":1667,"height":750,"caption":"Drzwi CAL"},"image":{"@id":"https:\/\/www.drzwi-cal.pl\/en\/#\/schema\/logo\/image\/"},"sameAs":["https:\/\/www.facebook.com\/drzwical\/","https:\/\/www.instagram.com\/drzwical\/","https:\/\/www.linkedin.com\/company\/drzwi-cal","https:\/\/www.youtube.com\/user\/drzwical\/"]}]}},"_links":{"self":[{"href":"https:\/\/www.drzwi-cal.pl\/en\/wp-json\/wp\/v2\/blog\/5266","targetHints":{"allow":["GET"]}}],"collection":[{"href":"https:\/\/www.drzwi-cal.pl\/en\/wp-json\/wp\/v2\/blog"}],"about":[{"href":"https:\/\/www.drzwi-cal.pl\/en\/wp-json\/wp\/v2\/types\/dc_blog"}],"replies":[{"embeddable":true,"href":"https:\/\/www.drzwi-cal.pl\/en\/wp-json\/wp\/v2\/comments?post=5266"}],"version-history":[{"count":1,"href":"https:\/\/www.drzwi-cal.pl\/en\/wp-json\/wp\/v2\/blog\/5266\/revisions"}],"predecessor-version":[{"id":23631,"href":"https:\/\/www.drzwi-cal.pl\/en\/wp-json\/wp\/v2\/blog\/5266\/revisions\/23631"}],"wp:featuredmedia":[{"embeddable":true,"href":"https:\/\/www.drzwi-cal.pl\/en\/wp-json\/wp\/v2\/media\/5271"}],"wp:attachment":[{"href":"https:\/\/www.drzwi-cal.pl\/en\/wp-json\/wp\/v2\/media?parent=5266"}],"curies":[{"name":"wp","href":"https:\/\/api.w.org\/{rel}","templated":true}]}}