{"id":5302,"date":"2019-04-30T11:00:30","date_gmt":"2019-04-30T09:00:30","guid":{"rendered":"https:\/\/www.drzwi-cal.pl\/?post_type=dc_blog&#038;p=5302"},"modified":"2020-06-08T14:37:30","modified_gmt":"2020-06-08T12:37:30","slug":"montaz-drzwi-zewnetrznych-dlaczego-warto-skorzystac-z-pomocy-specjalistow","status":"publish","type":"dc_blog","link":"https:\/\/www.drzwi-cal.pl\/en\/blog\/montaz-drzwi-zewnetrznych-dlaczego-warto-skorzystac-z-pomocy-specjalistow\/","title":{"rendered":"Monta\u017c drzwi zewn\u0119trznych \u2013 dlaczego warto skorzysta\u0107 z pomocy specjalist\u00f3w?"},"content":{"rendered":"<p><a href=\"https:\/\/www.drzwi-cal.pl\/en\/autoryzowana-grupa-montazowa\/\"><strong>Autoryzowana<\/strong> <strong>Grupa<\/strong> <strong>Monta\u017cowa<\/strong><\/a> CAL to zesp\u00f3\u0142 profesjonalist\u00f3w, kt\u00f3rzy zostali przeszkoleni i wykonuj\u0105 fachowy monta\u017c drzwi. Wiedz\u0105 o nim wszystko, dzi\u0119ki czemu s\u0105 w stanie unikn\u0105\u0107 wielu nieprzyjemnych niespodzianek. Poza tym dobrze znaj\u0105 produkty marki, kt\u00f3re nie maj\u0105 przed nimi \u017cadnych tajemnic. Chcesz pozna\u0107 wi\u0119cej powod\u00f3w, dla kt\u00f3rych warto im zaufa\u0107? Zapraszamy do lektury.<\/p>\n<div class=\"video\"><iframe title=\"Film archiwalny: ciep\u0142y monta\u017c drewnianych drzwi zewn\u0119trznych CAL z Termiczn\u0105 Os\u0142on\u0105 Podpro\u017ca\" width=\"500\" height=\"281\" src=\"https:\/\/www.youtube.com\/embed\/AZqLTU80QPg?start=1&#038;feature=oembed\" frameborder=\"0\" allow=\"accelerometer; autoplay; clipboard-write; encrypted-media; gyroscope; picture-in-picture; web-share\" referrerpolicy=\"strict-origin-when-cross-origin\" allowfullscreen><\/iframe><\/div>\n<h2>Profesjonalne podej\u015bcie w ka\u017cdym CAL-u<\/h2>\n<p>AGM zapewnia nie tylko fachowy monta\u017c drzwi, ale dba r\u00f3wnie\u017c o to, by transport, odbi\u00f3r oraz sk\u0142adowanie drzwi odbywa\u0142o si\u0119 w spos\u00f3b prawid\u0142owy. Przek\u0142ada si\u0119 to na p\u00f3\u017aniejsz\u0105 komfortow\u0105 i bezpieczn\u0105 eksploatacj\u0119 skrzyde\u0142, a tak\u017ce pozwala unikn\u0105\u0107 uszkodze\u0144. Monta\u017cy\u015bci przestrzegaj\u0105 trzech g\u0142\u00f3wnych zasad, kt\u00f3re wp\u0142ywaj\u0105 na jako\u015b\u0107 <a href=\"https:\/\/www.drzwi-cal.pl\/drzwi-zewnetrzne\/\"><strong>drzwi<\/strong> <strong>zewn\u0119trznych<\/strong><\/a>:<\/p>\n<ol>\n<li>Drzwi powinny by\u0107 transportowane i przechowywane zgodnie z oznaczeniami na kartonach. Najlepiej robi\u0107 to u\u017cywaj\u0105c oryginalnej palety producenta. Po zdj\u0119ciu z palety powinny by\u0107 magazynowane w suchych pomieszczeniach w pozycji pionowej progiem do do\u0142u lub na d\u0142u\u017cszym boku uwzgl\u0119dniaj\u0105c strza\u0142ki na kartonach. UWAGA: w \u017cadnym wypadku nie mo\u017cna sk\u0142adowa\u0107 i transportowa\u0107 drzwi spi\u0119trowanych na p\u0142asko, mo\u017ce to doprowadzi\u0107 do ich uszkodzenia.<\/li>\n<li>W przypadku gdy drzwi musz\u0105 z jakich\u015b powod\u00f3w by\u0107 przechowane na zewn\u0105trz, najlepiej robi\u0107 tu na oryginalnej palecie i zabezpieczy\u0107 przed oddzia\u0142ywaniem opad\u00f3w.<\/li>\n<li>Przechowuj\u0105c drzwi na palecie, zapewnia si\u0119 im optymaln\u0105 przestrze\u0144, by powietrze mog\u0142o przep\u0142ywa\u0107 swobodnie wok\u00f3\u0142 nich.<\/li>\n<\/ol>\n<h2>Zalecenia dotycz\u0105ce monta\u017cu drzwi zewn\u0119trznych<\/h2>\n<p>To w\u0142a\u015bnie firma CAL, jako pierwszy producent drzwi, wprowadzi\u0142a kompleksowy, ciep\u0142y monta\u017c drzwi oraz powo\u0142a\u0142a do \u017cycia Autoryzowan\u0105 Grup\u0119 Monta\u017cow\u0105, kt\u00f3ra dba o prawid\u0142owy przebieg wszelkich proces\u00f3w zwi\u0105zanych z przechowywaniem, transportem oraz monta\u017cem drzwi.<\/p>\n<p>Wyr\u00f3\u017cnia si\u0119 trzy g\u0142\u00f3wne zalecenia, kt\u00f3re nale\u017cy spe\u0142ni\u0107, aby wszystkie procesy zosta\u0142y przeprowadzone w najlepszych warunkach. Wymagane jest m.in. odpowiednie zadaszenie. Poniewa\u017c zar\u00f3wno deszcz i \u015bnieg, jak i promienie s\u0142oneczne dzia\u0142aj\u0105 niekorzystnie na drewno, zaleca si\u0119 zabezpieczenie przed nimi drzwi zewn\u0119trznych. Ciemne kolory na powierzchni drzwi mog\u0105 pod wp\u0142ywem promieniowania s\u0142onecznego rozgrza\u0107 si\u0119 nawet do 80-90 stopni Celsjusza, co w d\u0142u\u017cszym czasie mo\u017ce doprowadzi\u0107 do uszkodzenia pow\u0142oki lakierniczej. Dlatego, gdy b\u0119d\u0105 zamontowane od w warunkach mocnej ekspozycji s\u0142o\u0144ca lepiej dobra\u0107 ja\u015bniejsze wybarwienie drzwi i zapewni\u0107 ich zacienienie. Wstawienie ich we wn\u0119k\u0119, \u00a0odpowiednie zadaszenie\u00a0lub zapewnienie naturalnego cienia od przydomowych ro\u015blin b\u0119dzie najlepszym rozwi\u0105zaniem. Opr\u00f3cz tego warto zwr\u00f3ci\u0107 uwag\u0119 na odleg\u0142o\u015b\u0107 grzejnika od drzwi zewn\u0119trznych. Dobrze, by \u017ar\u00f3d\u0142o ciep\u0142a by\u0142o oddalone od nich o minimum 150 cm.<\/p>\n<p>Ostatnia, ale nie mniej wa\u017cna kwestia to czas monta\u017cu drzwi.\u00a0Monta\u017c nale\u017cy przeprowadzi\u0107 bezwzgl\u0119dnie dopiero po zako\u0144czeniu mokrych prac budowlanych (tynkowanie oraz wykonanie i osuszenie posadzek) na zewn\u0105trz budynku. Woda paruj\u0105ca z posadzki i tynk\u00f3w, a tak\u017ce migruj\u0105ca prze mokre \u015bciany mo\u017ce uszkodzi\u0107 nie tylko o\u015bcie\u017cnic\u0119 i skrzyd\u0142o, lecz tak\u017ce spoin\u0119 mi\u0119dzy o\u015bcie\u017cem i drzwiami, kt\u00f3ra przestanie spe\u0142nia\u0107 swoje funkcje izolacyjne. \u00a0\u00a0Podczas budowy nale\u017cy okresowo przynajmniej raz dziennie otwiera\u0107 drzwi, \u017ceby zapewni\u0107 wietrzenie i wysuszenie nadmiaru wody. Szczelne zabezpieczenie foli\u0105 w d\u0142u\u017cszym czasie mo\u017ce doprowadzi\u0107 do zgromadzenia wody i odparzenia farby, dlatego robimy to na kr\u00f3tko, tylko wtedy, gdy prowadzone s\u0105 prace mog\u0105ce uszkodzi\u0107 drzwi i z u\u017cyciem profesjonalnych, przeznaczonych do tego ta\u015bm, kt\u00f3re nie \u0142\u0105cz\u0105 si\u0119 trwale z pow\u0142ok\u0105.<\/p>\n<div id=\"attachment_5306\" style=\"width: 447px\" class=\"wp-caption aligncenter\"><img fetchpriority=\"high\" decoding=\"async\" aria-describedby=\"caption-attachment-5306\" class=\"wp-image-5306 size-full\" src=\"https:\/\/www.drzwi-cal.pl\/wp-content\/uploads\/2019\/04\/m2.jpg\" alt=\"Profesjonalny monta\u017c drzwi zewn\u0119trznych\" width=\"437\" height=\"475\" srcset=\"https:\/\/www.drzwi-cal.pl\/wp-content\/uploads\/2019\/04\/m2.jpg 437w, https:\/\/www.drzwi-cal.pl\/wp-content\/uploads\/2019\/04\/m2-138x150.jpg 138w, https:\/\/www.drzwi-cal.pl\/wp-content\/uploads\/2019\/04\/m2-276x300.jpg 276w, https:\/\/www.drzwi-cal.pl\/wp-content\/uploads\/2019\/04\/m2-204x222.jpg 204w, https:\/\/www.drzwi-cal.pl\/wp-content\/uploads\/2019\/04\/m2-25x27.jpg 25w\" sizes=\"(max-width: 437px) 100vw, 437px\" \/><p id=\"caption-attachment-5306\" class=\"wp-caption-text\">Profesjonalny monta\u017c drzwi zewn\u0119trznych<\/p><\/div>\n<h2>Profesjonalny monta\u017c drzwi \u2013 czy to si\u0119 op\u0142aca?<\/h2>\n<p>Z CAL z ca\u0142\u0105 pewno\u015bci\u0105 tak! Dlaczego? Odpowiadamy na przyk\u0142adzie. Decyduj\u0105c si\u0119 na wsparcie AGM przy monta\u017cu drzwi podatek VAT obni\u017ca si\u0119 z 23% do jedynie 8%. Oznacza to, \u017ce kupuj\u0105c drzwi o warto\u015bci 5000 z\u0142 ze standardowym opodatkowaniem zap\u0142aci\u0142by\u015b 6150 z\u0142, natomiast przy obni\u017conej kwocie do 8% b\u0119dzie to 5400 z\u0142. Monta\u017c drzwi kosztuje 500 z\u0142, co oznacza, \u017ce w efekcie oszcz\u0119dzasz a\u017c 250 z\u0142 i zyskujesz profesjonalne zamontowane drzwi!<\/p>\n<p>Powierzaj\u0105c monta\u017c drzwi zewn\u0119trznych Autoryzowanym Monta\u017cystom firmy CAL zyskujesz jednak znacznie wi\u0119cej \u2013 otrzymasz dodatkowy rok gwarancji. Oznacza to, \u017ce na zakupione skrzyd\u0142a b\u0119dziesz mie\u0107 nie 24, ale a\u017c 36 miesi\u0119cy gwarancji! Natomiast wybieraj\u0105c drzwi wej\u015bciowe d\u0119bowe albo sosnowe w okleinie d\u0119bowej mo\u017ce by\u0107 to nawet 5 lat. To gra warta \u015bwieczki! A dodatkowo \u2013 zupe\u0142nie za darmo.<\/p>\n","protected":false},"featured_media":5321,"comment_status":"open","ping_status":"closed","template":"","meta":[],"class_list":["post-5302","dc_blog","type-dc_blog","status-publish","has-post-thumbnail","hentry","dc_blog_tagi-firma","dc_blog_tagi-budowa-domu"],"acf":[],"yoast_head":"<!-- This site is optimized with the Yoast SEO plugin v26.5 - https:\/\/yoast.com\/wordpress\/plugins\/seo\/ -->\n<title>Monta\u017c drzwi zewn\u0119trznych - skorzystaj z pomocy specjalis\u00f3w - Drzwi zewn\u0119trzne i wewn\u0119trzne premium<\/title>\n<meta name=\"description\" content=\"Monta\u017c drzwi zewn\u0119trznych to nie\u0142atwe zadanie. Warto powierzy\u0107 go profesjonalistom. Mo\u017ce Ci w tym pom\u00f3c Autoryzowana Grupa Monta\u017cowa CAL.\" \/>\n<meta name=\"robots\" content=\"index, follow, max-snippet:-1, max-image-preview:large, max-video-preview:-1\" \/>\n<link rel=\"canonical\" href=\"https:\/\/www.drzwi-cal.pl\/en\/blog\/montaz-drzwi-zewnetrznych-dlaczego-warto-skorzystac-z-pomocy-specjalistow\/\" \/>\n<meta property=\"og:locale\" content=\"en_US\" \/>\n<meta property=\"og:type\" content=\"article\" \/>\n<meta property=\"og:title\" content=\"Monta\u017c drzwi zewn\u0119trznych - skorzystaj z pomocy specjalis\u00f3w - Drzwi zewn\u0119trzne i wewn\u0119trzne premium\" \/>\n<meta property=\"og:description\" content=\"Monta\u017c drzwi zewn\u0119trznych to nie\u0142atwe zadanie. Warto powierzy\u0107 go profesjonalistom. Mo\u017ce Ci w tym pom\u00f3c Autoryzowana Grupa Monta\u017cowa CAL.\" \/>\n<meta property=\"og:url\" content=\"https:\/\/www.drzwi-cal.pl\/en\/blog\/montaz-drzwi-zewnetrznych-dlaczego-warto-skorzystac-z-pomocy-specjalistow\/\" \/>\n<meta property=\"og:site_name\" content=\"Drzwi zewn\u0119trzne i wewn\u0119trzne premium\" \/>\n<meta property=\"article:publisher\" content=\"https:\/\/www.facebook.com\/drzwical\/\" \/>\n<meta property=\"article:modified_time\" content=\"2020-06-08T12:37:30+00:00\" \/>\n<meta property=\"og:image\" content=\"https:\/\/www.drzwi-cal.pl\/wp-content\/uploads\/2019\/04\/4-3.jpg\" \/>\n\t<meta property=\"og:image:width\" content=\"3992\" \/>\n\t<meta property=\"og:image:height\" content=\"1280\" \/>\n\t<meta property=\"og:image:type\" content=\"image\/jpeg\" \/>\n<meta name=\"twitter:card\" content=\"summary_large_image\" \/>\n<meta name=\"twitter:label1\" content=\"Est. reading time\" \/>\n\t<meta name=\"twitter:data1\" content=\"4 minutes\" \/>\n<script type=\"application\/ld+json\" class=\"yoast-schema-graph\">{\"@context\":\"https:\/\/schema.org\",\"@graph\":[{\"@type\":\"WebPage\",\"@id\":\"https:\/\/www.drzwi-cal.pl\/en\/blog\/montaz-drzwi-zewnetrznych-dlaczego-warto-skorzystac-z-pomocy-specjalistow\/\",\"url\":\"https:\/\/www.drzwi-cal.pl\/en\/blog\/montaz-drzwi-zewnetrznych-dlaczego-warto-skorzystac-z-pomocy-specjalistow\/\",\"name\":\"Monta\u017c drzwi zewn\u0119trznych - skorzystaj z pomocy specjalis\u00f3w - Drzwi zewn\u0119trzne i wewn\u0119trzne premium\",\"isPartOf\":{\"@id\":\"https:\/\/www.drzwi-cal.pl\/en\/#website\"},\"primaryImageOfPage\":{\"@id\":\"https:\/\/www.drzwi-cal.pl\/en\/blog\/montaz-drzwi-zewnetrznych-dlaczego-warto-skorzystac-z-pomocy-specjalistow\/#primaryimage\"},\"image\":{\"@id\":\"https:\/\/www.drzwi-cal.pl\/en\/blog\/montaz-drzwi-zewnetrznych-dlaczego-warto-skorzystac-z-pomocy-specjalistow\/#primaryimage\"},\"thumbnailUrl\":\"https:\/\/www.drzwi-cal.pl\/wp-content\/uploads\/2019\/04\/4-3.jpg\",\"datePublished\":\"2019-04-30T09:00:30+00:00\",\"dateModified\":\"2020-06-08T12:37:30+00:00\",\"description\":\"Monta\u017c drzwi zewn\u0119trznych to nie\u0142atwe zadanie. Warto powierzy\u0107 go profesjonalistom. Mo\u017ce Ci w tym pom\u00f3c Autoryzowana Grupa Monta\u017cowa CAL.\",\"breadcrumb\":{\"@id\":\"https:\/\/www.drzwi-cal.pl\/en\/blog\/montaz-drzwi-zewnetrznych-dlaczego-warto-skorzystac-z-pomocy-specjalistow\/#breadcrumb\"},\"inLanguage\":\"en-US\",\"potentialAction\":[{\"@type\":\"ReadAction\",\"target\":[\"https:\/\/www.drzwi-cal.pl\/en\/blog\/montaz-drzwi-zewnetrznych-dlaczego-warto-skorzystac-z-pomocy-specjalistow\/\"]}]},{\"@type\":\"ImageObject\",\"inLanguage\":\"en-US\",\"@id\":\"https:\/\/www.drzwi-cal.pl\/en\/blog\/montaz-drzwi-zewnetrznych-dlaczego-warto-skorzystac-z-pomocy-specjalistow\/#primaryimage\",\"url\":\"https:\/\/www.drzwi-cal.pl\/wp-content\/uploads\/2019\/04\/4-3.jpg\",\"contentUrl\":\"https:\/\/www.drzwi-cal.pl\/wp-content\/uploads\/2019\/04\/4-3.jpg\",\"width\":3992,\"height\":1280,\"caption\":\"Monta\u017c drzwi wej\u015bciowych\"},{\"@type\":\"BreadcrumbList\",\"@id\":\"https:\/\/www.drzwi-cal.pl\/en\/blog\/montaz-drzwi-zewnetrznych-dlaczego-warto-skorzystac-z-pomocy-specjalistow\/#breadcrumb\",\"itemListElement\":[{\"@type\":\"ListItem\",\"position\":1,\"name\":\"CAL prawdziwe drzwi\",\"item\":\"https:\/\/www.drzwi-cal.pl\/en\/\"},{\"@type\":\"ListItem\",\"position\":2,\"name\":\"Blog\",\"item\":\"https:\/\/www.drzwi-cal.pl\/en\/blog\/\"},{\"@type\":\"ListItem\",\"position\":3,\"name\":\"Monta\u017c drzwi zewn\u0119trznych \u2013 dlaczego warto skorzysta\u0107 z pomocy specjalist\u00f3w?\"}]},{\"@type\":\"WebSite\",\"@id\":\"https:\/\/www.drzwi-cal.pl\/en\/#website\",\"url\":\"https:\/\/www.drzwi-cal.pl\/en\/\",\"name\":\"Drzwi zewn\u0119trzne i wewn\u0119trzne premium\",\"description\":\"Wybierz tylko kolor i model swoich drzwi zewn\u0119trznych CAL, bo ciep\u0142o i bezpiecze\u0144stwo masz zawsze w cenie! Dobierz pasuj\u0105ce drewniane drzwi wewn\u0119trzne CAL.\",\"publisher\":{\"@id\":\"https:\/\/www.drzwi-cal.pl\/en\/#organization\"},\"potentialAction\":[{\"@type\":\"SearchAction\",\"target\":{\"@type\":\"EntryPoint\",\"urlTemplate\":\"https:\/\/www.drzwi-cal.pl\/en\/?s={search_term_string}\"},\"query-input\":{\"@type\":\"PropertyValueSpecification\",\"valueRequired\":true,\"valueName\":\"search_term_string\"}}],\"inLanguage\":\"en-US\"},{\"@type\":\"Organization\",\"@id\":\"https:\/\/www.drzwi-cal.pl\/en\/#organization\",\"name\":\"Drzwi CAL\",\"alternateName\":\"Prawdziwe drzwi CAL\",\"url\":\"https:\/\/www.drzwi-cal.pl\/en\/\",\"logo\":{\"@type\":\"ImageObject\",\"inLanguage\":\"en-US\",\"@id\":\"https:\/\/www.drzwi-cal.pl\/en\/#\/schema\/logo\/image\/\",\"url\":\"https:\/\/www.drzwi-cal.pl\/wp-content\/uploads\/2018\/08\/CAL.jpg\",\"contentUrl\":\"https:\/\/www.drzwi-cal.pl\/wp-content\/uploads\/2018\/08\/CAL.jpg\",\"width\":1667,\"height\":750,\"caption\":\"Drzwi CAL\"},\"image\":{\"@id\":\"https:\/\/www.drzwi-cal.pl\/en\/#\/schema\/logo\/image\/\"},\"sameAs\":[\"https:\/\/www.facebook.com\/drzwical\/\",\"https:\/\/www.instagram.com\/drzwical\/\",\"https:\/\/www.linkedin.com\/company\/drzwi-cal\",\"https:\/\/www.youtube.com\/user\/drzwical\/\"]}]}<\/script>\n<!-- \/ Yoast SEO plugin. -->","yoast_head_json":{"title":"Monta\u017c drzwi zewn\u0119trznych - skorzystaj z pomocy specjalis\u00f3w - Drzwi zewn\u0119trzne i wewn\u0119trzne premium","description":"Monta\u017c drzwi zewn\u0119trznych to nie\u0142atwe zadanie. Warto powierzy\u0107 go profesjonalistom. Mo\u017ce Ci w tym pom\u00f3c Autoryzowana Grupa Monta\u017cowa CAL.","robots":{"index":"index","follow":"follow","max-snippet":"max-snippet:-1","max-image-preview":"max-image-preview:large","max-video-preview":"max-video-preview:-1"},"canonical":"https:\/\/www.drzwi-cal.pl\/en\/blog\/montaz-drzwi-zewnetrznych-dlaczego-warto-skorzystac-z-pomocy-specjalistow\/","og_locale":"en_US","og_type":"article","og_title":"Monta\u017c drzwi zewn\u0119trznych - skorzystaj z pomocy specjalis\u00f3w - Drzwi zewn\u0119trzne i wewn\u0119trzne premium","og_description":"Monta\u017c drzwi zewn\u0119trznych to nie\u0142atwe zadanie. Warto powierzy\u0107 go profesjonalistom. Mo\u017ce Ci w tym pom\u00f3c Autoryzowana Grupa Monta\u017cowa CAL.","og_url":"https:\/\/www.drzwi-cal.pl\/en\/blog\/montaz-drzwi-zewnetrznych-dlaczego-warto-skorzystac-z-pomocy-specjalistow\/","og_site_name":"Drzwi zewn\u0119trzne i wewn\u0119trzne premium","article_publisher":"https:\/\/www.facebook.com\/drzwical\/","article_modified_time":"2020-06-08T12:37:30+00:00","og_image":[{"width":3992,"height":1280,"url":"https:\/\/www.drzwi-cal.pl\/wp-content\/uploads\/2019\/04\/4-3.jpg","type":"image\/jpeg"}],"twitter_card":"summary_large_image","twitter_misc":{"Est. reading time":"4 minutes"},"schema":{"@context":"https:\/\/schema.org","@graph":[{"@type":"WebPage","@id":"https:\/\/www.drzwi-cal.pl\/en\/blog\/montaz-drzwi-zewnetrznych-dlaczego-warto-skorzystac-z-pomocy-specjalistow\/","url":"https:\/\/www.drzwi-cal.pl\/en\/blog\/montaz-drzwi-zewnetrznych-dlaczego-warto-skorzystac-z-pomocy-specjalistow\/","name":"Monta\u017c drzwi zewn\u0119trznych - skorzystaj z pomocy specjalis\u00f3w - Drzwi zewn\u0119trzne i wewn\u0119trzne premium","isPartOf":{"@id":"https:\/\/www.drzwi-cal.pl\/en\/#website"},"primaryImageOfPage":{"@id":"https:\/\/www.drzwi-cal.pl\/en\/blog\/montaz-drzwi-zewnetrznych-dlaczego-warto-skorzystac-z-pomocy-specjalistow\/#primaryimage"},"image":{"@id":"https:\/\/www.drzwi-cal.pl\/en\/blog\/montaz-drzwi-zewnetrznych-dlaczego-warto-skorzystac-z-pomocy-specjalistow\/#primaryimage"},"thumbnailUrl":"https:\/\/www.drzwi-cal.pl\/wp-content\/uploads\/2019\/04\/4-3.jpg","datePublished":"2019-04-30T09:00:30+00:00","dateModified":"2020-06-08T12:37:30+00:00","description":"Monta\u017c drzwi zewn\u0119trznych to nie\u0142atwe zadanie. Warto powierzy\u0107 go profesjonalistom. Mo\u017ce Ci w tym pom\u00f3c Autoryzowana Grupa Monta\u017cowa CAL.","breadcrumb":{"@id":"https:\/\/www.drzwi-cal.pl\/en\/blog\/montaz-drzwi-zewnetrznych-dlaczego-warto-skorzystac-z-pomocy-specjalistow\/#breadcrumb"},"inLanguage":"en-US","potentialAction":[{"@type":"ReadAction","target":["https:\/\/www.drzwi-cal.pl\/en\/blog\/montaz-drzwi-zewnetrznych-dlaczego-warto-skorzystac-z-pomocy-specjalistow\/"]}]},{"@type":"ImageObject","inLanguage":"en-US","@id":"https:\/\/www.drzwi-cal.pl\/en\/blog\/montaz-drzwi-zewnetrznych-dlaczego-warto-skorzystac-z-pomocy-specjalistow\/#primaryimage","url":"https:\/\/www.drzwi-cal.pl\/wp-content\/uploads\/2019\/04\/4-3.jpg","contentUrl":"https:\/\/www.drzwi-cal.pl\/wp-content\/uploads\/2019\/04\/4-3.jpg","width":3992,"height":1280,"caption":"Monta\u017c drzwi wej\u015bciowych"},{"@type":"BreadcrumbList","@id":"https:\/\/www.drzwi-cal.pl\/en\/blog\/montaz-drzwi-zewnetrznych-dlaczego-warto-skorzystac-z-pomocy-specjalistow\/#breadcrumb","itemListElement":[{"@type":"ListItem","position":1,"name":"CAL prawdziwe drzwi","item":"https:\/\/www.drzwi-cal.pl\/en\/"},{"@type":"ListItem","position":2,"name":"Blog","item":"https:\/\/www.drzwi-cal.pl\/en\/blog\/"},{"@type":"ListItem","position":3,"name":"Monta\u017c drzwi zewn\u0119trznych \u2013 dlaczego warto skorzysta\u0107 z pomocy specjalist\u00f3w?"}]},{"@type":"WebSite","@id":"https:\/\/www.drzwi-cal.pl\/en\/#website","url":"https:\/\/www.drzwi-cal.pl\/en\/","name":"Drzwi zewn\u0119trzne i wewn\u0119trzne premium","description":"Wybierz tylko kolor i model swoich drzwi zewn\u0119trznych CAL, bo ciep\u0142o i bezpiecze\u0144stwo masz zawsze w cenie! Dobierz pasuj\u0105ce drewniane drzwi wewn\u0119trzne CAL.","publisher":{"@id":"https:\/\/www.drzwi-cal.pl\/en\/#organization"},"potentialAction":[{"@type":"SearchAction","target":{"@type":"EntryPoint","urlTemplate":"https:\/\/www.drzwi-cal.pl\/en\/?s={search_term_string}"},"query-input":{"@type":"PropertyValueSpecification","valueRequired":true,"valueName":"search_term_string"}}],"inLanguage":"en-US"},{"@type":"Organization","@id":"https:\/\/www.drzwi-cal.pl\/en\/#organization","name":"Drzwi CAL","alternateName":"Prawdziwe drzwi CAL","url":"https:\/\/www.drzwi-cal.pl\/en\/","logo":{"@type":"ImageObject","inLanguage":"en-US","@id":"https:\/\/www.drzwi-cal.pl\/en\/#\/schema\/logo\/image\/","url":"https:\/\/www.drzwi-cal.pl\/wp-content\/uploads\/2018\/08\/CAL.jpg","contentUrl":"https:\/\/www.drzwi-cal.pl\/wp-content\/uploads\/2018\/08\/CAL.jpg","width":1667,"height":750,"caption":"Drzwi CAL"},"image":{"@id":"https:\/\/www.drzwi-cal.pl\/en\/#\/schema\/logo\/image\/"},"sameAs":["https:\/\/www.facebook.com\/drzwical\/","https:\/\/www.instagram.com\/drzwical\/","https:\/\/www.linkedin.com\/company\/drzwi-cal","https:\/\/www.youtube.com\/user\/drzwical\/"]}]}},"_links":{"self":[{"href":"https:\/\/www.drzwi-cal.pl\/en\/wp-json\/wp\/v2\/blog\/5302","targetHints":{"allow":["GET"]}}],"collection":[{"href":"https:\/\/www.drzwi-cal.pl\/en\/wp-json\/wp\/v2\/blog"}],"about":[{"href":"https:\/\/www.drzwi-cal.pl\/en\/wp-json\/wp\/v2\/types\/dc_blog"}],"replies":[{"embeddable":true,"href":"https:\/\/www.drzwi-cal.pl\/en\/wp-json\/wp\/v2\/comments?post=5302"}],"version-history":[{"count":0,"href":"https:\/\/www.drzwi-cal.pl\/en\/wp-json\/wp\/v2\/blog\/5302\/revisions"}],"wp:featuredmedia":[{"embeddable":true,"href":"https:\/\/www.drzwi-cal.pl\/en\/wp-json\/wp\/v2\/media\/5321"}],"wp:attachment":[{"href":"https:\/\/www.drzwi-cal.pl\/en\/wp-json\/wp\/v2\/media?parent=5302"}],"curies":[{"name":"wp","href":"https:\/\/api.w.org\/{rel}","templated":true}]}}