{"id":5350,"date":"2019-04-15T13:40:32","date_gmt":"2019-04-15T11:40:32","guid":{"rendered":"https:\/\/www.drzwi-cal.pl\/?post_type=dc_blog&#038;p=5350"},"modified":"2021-08-25T11:17:50","modified_gmt":"2021-08-25T09:17:50","slug":"jak-zadbac-o-drzwi-zewnetrzne-po-zimie","status":"publish","type":"dc_blog","link":"https:\/\/www.drzwi-cal.pl\/en\/blog\/jak-zadbac-o-drzwi-zewnetrzne-po-zimie\/","title":{"rendered":"Jak zadba\u0107 o drzwi zewn\u0119trzne po zimie?"},"content":{"rendered":"<p>Do naszej wiosennej listy zada\u0144 warto dopisa\u0107 jeszcze jeden punkt, a mianowicie <strong><a href=\"https:\/\/www.drzwi-cal.pl\/en\/pielegnacja-drzwi\/\">mycie i konserwacj\u0119 drzwi zewn\u0119trznych<\/a><\/strong>. By zapewni\u0107 im prawid\u0142owe dzia\u0142anie, dobrze jest po zimie starannie o nie zadba\u0107, poniewa\u017c w trakcie ch\u0142odnych miesi\u0119cy warunki atmosferyczne negatywnie wp\u0142ywaj\u0105 na ich stan. \u015awi\u0119ta tu\u017c, tu\u017c, zatem \u2013 do dzie\u0142a!<\/p>\n<h2>Jak przygotowa\u0107 si\u0119 do konserwacji drzwi zewn\u0119trznych?<\/h2>\n<p>Z ca\u0142\u0105 pewno\u015bci\u0105 na pocz\u0105tku warto przygotowa\u0107 odpowiednie preparaty, kt\u00f3re u\u0142atwi\u0105 konserwacj\u0119 drzwi. <strong>Przede wszystkim potrzebne b\u0119d\u0105 delikatne \u015brodki czysto\u015bci. Cz\u0119sto producenci drzwi maj\u0105 w swojej ofercie specjalne zestawy dopasowane do konkretnych modeli<\/strong>. Je\u015bli s\u0105 to skrzyd\u0142a drewniane, nale\u017cy dobra\u0107 preparaty przeznaczone w\u0142a\u015bnie do tego materia\u0142u. Warto pami\u0119ta\u0107, \u017ce nie wolno stosowa\u0107 na nie \u015brodk\u00f3w alkalicznych, rozpuszczalnik\u00f3w ani \u015brodk\u00f3w szoruj\u0105cych. By nie pope\u0142ni\u0107 b\u0142\u0119du podczas piel\u0119gnacji drzwi, najlepiej od razu zaopatrzy\u0107 si\u0119 w zestaw, kt\u00f3ry nada si\u0119 do ka\u017cdego etapu: czyszczenia, od\u015bwie\u017cania i regeneracji. Wybierajmy \u015brodki na bazie wody, kt\u00f3re s\u0105 przyjazne dla \u015brodowiska. Mo\u017cna je stosowa\u0107 zar\u00f3wno na powierzchni\u0119 drzwi zewn\u0119trznych, jak i wewn\u0119trznych.<\/p>\n<p><img fetchpriority=\"high\" decoding=\"async\" class=\"aligncenter wp-image-5351 size-large\" src=\"https:\/\/www.drzwi-cal.pl\/wp-content\/uploads\/2019\/04\/5-1024x576.jpg\" alt=\"\" width=\"1024\" height=\"576\" \/><\/p>\n<h2>Konserwacja drewnianych drzwi zewn\u0119trznych<\/h2>\n<p><strong><a href=\"https:\/\/www.drzwi-cal.pl\/montaz-2\/\">Konserwacja drzwi po zimie<\/a> <\/strong>dzia\u0142a pozytywnie na ich trwa\u0142o\u015b\u0107, a tak\u017ce pozwala zachowa\u0107 najlepsze parametry. Odnowienie drzwi nie jest wcale skomplikowanym procesem, a mo\u017ce tak wiele zmieni\u0107. Wystarczy kilka prostych dzia\u0142a\u0144, by odzyska\u0142y one sw\u00f3j dawny blask. Dlaczego w\u0142a\u015bnie wiosn\u0105 powinno si\u0119 od\u015bwie\u017ca\u0107 drzwi? Poniewa\u017c konserwuj\u0105c drzwi zewn\u0119trzne w trakcie zimy, mogliby\u015bmy doprowadzi\u0107 do nieodwracalnych uszkodze\u0144. Jednak kiedy na termometrze widnieje ju\u017c dodatnia temperatura, z powodzeniem mo\u017cemy przyst\u0105pi\u0107 do zabezpieczania naszych drzwi.<\/p>\n<ol>\n<li><strong>Zacznijmy od umycia drzwi delikatnymi \u015brodkami i mi\u0119kk\u0105 \u015bciereczk\u0105<\/strong>. Szczeg\u00f3lnie wa\u017cne jest to w przypadku skrzyde\u0142 drewnianych, poniewa\u017c nieodpowiednio dobrane preparaty mog\u0105 przyczyni\u0107 si\u0119 do powstawania przebarwie\u0144 lub drobnych uszkodze\u0144. CAL zaleca stosowanie \u015brodk\u00f3w firmy Ottimo, kt\u00f3re mo\u017cna kupi\u0107 u naszych przedstawicieli.<\/li>\n<li><strong>Teraz mo\u017cemy przej\u015b\u0107 do sprawdzenia oku\u0107<\/strong>. Wielokrotne otwieranie i zamykanie drzwi oraz zmieniaj\u0105ce si\u0119 warunki atmosferyczne sprawiaj\u0105, \u017ce te elementy zaczynaj\u0105 si\u0119 zu\u017cywa\u0107. Warto wi\u0119c po\u015bwi\u0119ci\u0107 im troch\u0119 wi\u0119cej uwagi i sprawdzi\u0107, w jakim s\u0105 stanie. Je\u015bli metalowe elementy si\u0119 poluzowa\u0142y, trzeba je dokr\u0119ci\u0107. Przez zim\u0119 mog\u0142y si\u0119 tak\u017ce zu\u017cy\u0107. Wtedy nale\u017cy je wymieni\u0107, a na sam koniec nasmarowa\u0107. Do tego celu najlepiej sprawdzi si\u0119 wazelina techniczna. Zminimalizuje tarcie i ochroni okucia przed korozj\u0105.<\/li>\n<li><strong>Nast\u0119pnie przychodzi czas na uszczelki. Te r\u00f3wnie\u017c nale\u017cy dok\u0142adnie umy\u0107<\/strong>. W tym celu mo\u017cemy u\u017cy\u0107 p\u0142ynu do mycia naczy\u0144 rozcie\u0144czonego z ciep\u0142\u0105 wod\u0105. P\u00f3\u017aniej warto sprawdzi\u0107, czy uszczelki nadal s\u0105 elastyczne, poniewa\u017c tylko wtedy zapewniaj\u0105 odpowiedni\u0105 szczelno\u015b\u0107. Je\u015bli zauwa\u017cymy, \u017ce s\u0105 przygniecione lub pop\u0119kane oznacza to, \u017ce wymagaj\u0105 wymiany na nowe. Na koniec r\u00f3wnie\u017c trzeba je nasmarowa\u0107 wazelin\u0105 techniczn\u0105, kt\u00f3ra pomo\u017ce zachowa\u0107 ich najlepsze cechy.<\/li>\n<li><strong>Kiedy ju\u017c zadbamy o drzwi zewn\u0119trzne, uszczelki oraz okucia, na koniec sprawd\u017amy, czy drzwi s\u0105 szczelne<\/strong>. Jak to zrobi\u0107? Mo\u017cna wykorzysta\u0107 do tego star\u0105 i sprawdzon\u0105 metod\u0119. Nale\u017cy w\u0142o\u017cy\u0107 w drzwi kartk\u0119 papieru i zamkn\u0105\u0107 je. Je\u015bli uda si\u0119 wyci\u0105gn\u0105\u0107 kartk\u0119, oznacza to, \u017ce drzwi zewn\u0119trzne wymagaj\u0105 wyregulowania.<\/li>\n<\/ol>\n<h2>Drzwi zewn\u0119trzne a okresowe przegl\u0105dy<\/h2>\n<p>Kupuj\u0105c samoch\u00f3d zdajesz sobie spraw\u0119, jak wa\u017cne s\u0105 jego okresowe przegl\u0105dy. W domu dbasz o meble systematycznie, piel\u0119gnuj\u0105c ich powierzchni\u0119 odpowiednimi \u015brodkami. Wbrew pozorom drzwi zewn\u0119trzne tak\u017ce wymagaj\u0105 regularnych zabieg\u00f3w piel\u0119gnacyjnych i konserwacyjnych \u2013 ich\u00a0 powierzchnia jest nara\u017cona na zr\u00f3\u017cnicowane czynniki atmosferyczne, a zamontowane w nich mechanizmy codziennie pracuj\u0105, zapewniaj\u0105c Tobie i Twojej rodzinie ciep\u0142o i bezpiecze\u0144stwo. Zadbaj o nie, bo tak niewiele potrzeba, aby\u015b przez lata cieszy\u0142 si\u0119 pi\u0119knem niezawodnych drzwi CAL.<\/p>\n","protected":false},"featured_media":5356,"comment_status":"open","ping_status":"closed","template":"","meta":[],"class_list":["post-5350","dc_blog","type-dc_blog","status-publish","has-post-thumbnail","hentry","dc_blog_tagi-top-rozwiazania"],"acf":[],"yoast_head":"<!-- This site is optimized with the Yoast SEO plugin v26.5 - https:\/\/yoast.com\/wordpress\/plugins\/seo\/ -->\n<title>Jak zadba\u0107 o drzwi zewn\u0119trzne po zimie? - Drzwi-Cal<\/title>\n<meta name=\"description\" content=\"Drzwi zewn\u0119trzne i ich piel\u0119gnacja to temat bardzo wa\u017cny. Zw\u0142aszcza po zimie warto podda\u0107 je okresowej konserwacji. Dowiedz si\u0119, jak zadba\u0107 o swoje drzwi.\" \/>\n<meta name=\"robots\" content=\"index, follow, max-snippet:-1, max-image-preview:large, max-video-preview:-1\" \/>\n<link rel=\"canonical\" href=\"https:\/\/www.drzwi-cal.pl\/en\/blog\/jak-zadbac-o-drzwi-zewnetrzne-po-zimie\/\" \/>\n<meta property=\"og:locale\" content=\"en_US\" \/>\n<meta property=\"og:type\" content=\"article\" \/>\n<meta property=\"og:title\" content=\"Jak zadba\u0107 o drzwi zewn\u0119trzne po zimie? - Drzwi-Cal\" \/>\n<meta property=\"og:description\" content=\"Drzwi zewn\u0119trzne i ich piel\u0119gnacja to temat bardzo wa\u017cny. Zw\u0142aszcza po zimie warto podda\u0107 je okresowej konserwacji. Dowiedz si\u0119, jak zadba\u0107 o swoje drzwi.\" \/>\n<meta property=\"og:url\" content=\"https:\/\/www.drzwi-cal.pl\/en\/blog\/jak-zadbac-o-drzwi-zewnetrzne-po-zimie\/\" \/>\n<meta property=\"og:site_name\" content=\"Drzwi zewn\u0119trzne i wewn\u0119trzne premium\" \/>\n<meta property=\"article:publisher\" content=\"https:\/\/www.facebook.com\/drzwical\/\" \/>\n<meta property=\"article:modified_time\" content=\"2021-08-25T09:17:50+00:00\" \/>\n<meta property=\"og:image\" content=\"https:\/\/www.drzwi-cal.pl\/wp-content\/uploads\/2019\/04\/668523-PPHHGI-9-e1556185875318.jpg\" \/>\n\t<meta property=\"og:image:width\" content=\"2000\" \/>\n\t<meta property=\"og:image:height\" content=\"1125\" \/>\n\t<meta property=\"og:image:type\" content=\"image\/jpeg\" \/>\n<meta name=\"twitter:card\" content=\"summary_large_image\" \/>\n<meta name=\"twitter:label1\" content=\"Est. reading time\" \/>\n\t<meta name=\"twitter:data1\" content=\"3 minutes\" \/>\n<script type=\"application\/ld+json\" class=\"yoast-schema-graph\">{\"@context\":\"https:\/\/schema.org\",\"@graph\":[{\"@type\":\"WebPage\",\"@id\":\"https:\/\/www.drzwi-cal.pl\/en\/blog\/jak-zadbac-o-drzwi-zewnetrzne-po-zimie\/\",\"url\":\"https:\/\/www.drzwi-cal.pl\/en\/blog\/jak-zadbac-o-drzwi-zewnetrzne-po-zimie\/\",\"name\":\"Jak zadba\u0107 o drzwi zewn\u0119trzne po zimie? - Drzwi-Cal\",\"isPartOf\":{\"@id\":\"https:\/\/www.drzwi-cal.pl\/en\/#website\"},\"primaryImageOfPage\":{\"@id\":\"https:\/\/www.drzwi-cal.pl\/en\/blog\/jak-zadbac-o-drzwi-zewnetrzne-po-zimie\/#primaryimage\"},\"image\":{\"@id\":\"https:\/\/www.drzwi-cal.pl\/en\/blog\/jak-zadbac-o-drzwi-zewnetrzne-po-zimie\/#primaryimage\"},\"thumbnailUrl\":\"https:\/\/www.drzwi-cal.pl\/wp-content\/uploads\/2019\/04\/668523-PPHHGI-9-e1556185875318.jpg\",\"datePublished\":\"2019-04-15T11:40:32+00:00\",\"dateModified\":\"2021-08-25T09:17:50+00:00\",\"description\":\"Drzwi zewn\u0119trzne i ich piel\u0119gnacja to temat bardzo wa\u017cny. Zw\u0142aszcza po zimie warto podda\u0107 je okresowej konserwacji. Dowiedz si\u0119, jak zadba\u0107 o swoje drzwi.\",\"breadcrumb\":{\"@id\":\"https:\/\/www.drzwi-cal.pl\/en\/blog\/jak-zadbac-o-drzwi-zewnetrzne-po-zimie\/#breadcrumb\"},\"inLanguage\":\"en-US\",\"potentialAction\":[{\"@type\":\"ReadAction\",\"target\":[\"https:\/\/www.drzwi-cal.pl\/en\/blog\/jak-zadbac-o-drzwi-zewnetrzne-po-zimie\/\"]}]},{\"@type\":\"ImageObject\",\"inLanguage\":\"en-US\",\"@id\":\"https:\/\/www.drzwi-cal.pl\/en\/blog\/jak-zadbac-o-drzwi-zewnetrzne-po-zimie\/#primaryimage\",\"url\":\"https:\/\/www.drzwi-cal.pl\/wp-content\/uploads\/2019\/04\/668523-PPHHGI-9-e1556185875318.jpg\",\"contentUrl\":\"https:\/\/www.drzwi-cal.pl\/wp-content\/uploads\/2019\/04\/668523-PPHHGI-9-e1556185875318.jpg\",\"width\":2000,\"height\":1125,\"caption\":\"Piel\u0119gnacja drzwi zewn\u0119trznych\"},{\"@type\":\"BreadcrumbList\",\"@id\":\"https:\/\/www.drzwi-cal.pl\/en\/blog\/jak-zadbac-o-drzwi-zewnetrzne-po-zimie\/#breadcrumb\",\"itemListElement\":[{\"@type\":\"ListItem\",\"position\":1,\"name\":\"CAL prawdziwe drzwi\",\"item\":\"https:\/\/www.drzwi-cal.pl\/en\/\"},{\"@type\":\"ListItem\",\"position\":2,\"name\":\"Blog\",\"item\":\"https:\/\/www.drzwi-cal.pl\/en\/blog\/\"},{\"@type\":\"ListItem\",\"position\":3,\"name\":\"Jak zadba\u0107 o drzwi zewn\u0119trzne po zimie?\"}]},{\"@type\":\"WebSite\",\"@id\":\"https:\/\/www.drzwi-cal.pl\/en\/#website\",\"url\":\"https:\/\/www.drzwi-cal.pl\/en\/\",\"name\":\"Drzwi zewn\u0119trzne i wewn\u0119trzne premium\",\"description\":\"Wybierz tylko kolor i model swoich drzwi zewn\u0119trznych CAL, bo ciep\u0142o i bezpiecze\u0144stwo masz zawsze w cenie! Dobierz pasuj\u0105ce drewniane drzwi wewn\u0119trzne CAL.\",\"publisher\":{\"@id\":\"https:\/\/www.drzwi-cal.pl\/en\/#organization\"},\"potentialAction\":[{\"@type\":\"SearchAction\",\"target\":{\"@type\":\"EntryPoint\",\"urlTemplate\":\"https:\/\/www.drzwi-cal.pl\/en\/?s={search_term_string}\"},\"query-input\":{\"@type\":\"PropertyValueSpecification\",\"valueRequired\":true,\"valueName\":\"search_term_string\"}}],\"inLanguage\":\"en-US\"},{\"@type\":\"Organization\",\"@id\":\"https:\/\/www.drzwi-cal.pl\/en\/#organization\",\"name\":\"Drzwi CAL\",\"alternateName\":\"Prawdziwe drzwi CAL\",\"url\":\"https:\/\/www.drzwi-cal.pl\/en\/\",\"logo\":{\"@type\":\"ImageObject\",\"inLanguage\":\"en-US\",\"@id\":\"https:\/\/www.drzwi-cal.pl\/en\/#\/schema\/logo\/image\/\",\"url\":\"https:\/\/www.drzwi-cal.pl\/wp-content\/uploads\/2018\/08\/CAL.jpg\",\"contentUrl\":\"https:\/\/www.drzwi-cal.pl\/wp-content\/uploads\/2018\/08\/CAL.jpg\",\"width\":1667,\"height\":750,\"caption\":\"Drzwi CAL\"},\"image\":{\"@id\":\"https:\/\/www.drzwi-cal.pl\/en\/#\/schema\/logo\/image\/\"},\"sameAs\":[\"https:\/\/www.facebook.com\/drzwical\/\",\"https:\/\/www.instagram.com\/drzwical\/\",\"https:\/\/www.linkedin.com\/company\/drzwi-cal\",\"https:\/\/www.youtube.com\/user\/drzwical\/\"]}]}<\/script>\n<!-- \/ Yoast SEO plugin. -->","yoast_head_json":{"title":"Jak zadba\u0107 o drzwi zewn\u0119trzne po zimie? - Drzwi-Cal","description":"Drzwi zewn\u0119trzne i ich piel\u0119gnacja to temat bardzo wa\u017cny. Zw\u0142aszcza po zimie warto podda\u0107 je okresowej konserwacji. Dowiedz si\u0119, jak zadba\u0107 o swoje drzwi.","robots":{"index":"index","follow":"follow","max-snippet":"max-snippet:-1","max-image-preview":"max-image-preview:large","max-video-preview":"max-video-preview:-1"},"canonical":"https:\/\/www.drzwi-cal.pl\/en\/blog\/jak-zadbac-o-drzwi-zewnetrzne-po-zimie\/","og_locale":"en_US","og_type":"article","og_title":"Jak zadba\u0107 o drzwi zewn\u0119trzne po zimie? - Drzwi-Cal","og_description":"Drzwi zewn\u0119trzne i ich piel\u0119gnacja to temat bardzo wa\u017cny. Zw\u0142aszcza po zimie warto podda\u0107 je okresowej konserwacji. Dowiedz si\u0119, jak zadba\u0107 o swoje drzwi.","og_url":"https:\/\/www.drzwi-cal.pl\/en\/blog\/jak-zadbac-o-drzwi-zewnetrzne-po-zimie\/","og_site_name":"Drzwi zewn\u0119trzne i wewn\u0119trzne premium","article_publisher":"https:\/\/www.facebook.com\/drzwical\/","article_modified_time":"2021-08-25T09:17:50+00:00","og_image":[{"width":2000,"height":1125,"url":"https:\/\/www.drzwi-cal.pl\/wp-content\/uploads\/2019\/04\/668523-PPHHGI-9-e1556185875318.jpg","type":"image\/jpeg"}],"twitter_card":"summary_large_image","twitter_misc":{"Est. reading time":"3 minutes"},"schema":{"@context":"https:\/\/schema.org","@graph":[{"@type":"WebPage","@id":"https:\/\/www.drzwi-cal.pl\/en\/blog\/jak-zadbac-o-drzwi-zewnetrzne-po-zimie\/","url":"https:\/\/www.drzwi-cal.pl\/en\/blog\/jak-zadbac-o-drzwi-zewnetrzne-po-zimie\/","name":"Jak zadba\u0107 o drzwi zewn\u0119trzne po zimie? - Drzwi-Cal","isPartOf":{"@id":"https:\/\/www.drzwi-cal.pl\/en\/#website"},"primaryImageOfPage":{"@id":"https:\/\/www.drzwi-cal.pl\/en\/blog\/jak-zadbac-o-drzwi-zewnetrzne-po-zimie\/#primaryimage"},"image":{"@id":"https:\/\/www.drzwi-cal.pl\/en\/blog\/jak-zadbac-o-drzwi-zewnetrzne-po-zimie\/#primaryimage"},"thumbnailUrl":"https:\/\/www.drzwi-cal.pl\/wp-content\/uploads\/2019\/04\/668523-PPHHGI-9-e1556185875318.jpg","datePublished":"2019-04-15T11:40:32+00:00","dateModified":"2021-08-25T09:17:50+00:00","description":"Drzwi zewn\u0119trzne i ich piel\u0119gnacja to temat bardzo wa\u017cny. Zw\u0142aszcza po zimie warto podda\u0107 je okresowej konserwacji. Dowiedz si\u0119, jak zadba\u0107 o swoje drzwi.","breadcrumb":{"@id":"https:\/\/www.drzwi-cal.pl\/en\/blog\/jak-zadbac-o-drzwi-zewnetrzne-po-zimie\/#breadcrumb"},"inLanguage":"en-US","potentialAction":[{"@type":"ReadAction","target":["https:\/\/www.drzwi-cal.pl\/en\/blog\/jak-zadbac-o-drzwi-zewnetrzne-po-zimie\/"]}]},{"@type":"ImageObject","inLanguage":"en-US","@id":"https:\/\/www.drzwi-cal.pl\/en\/blog\/jak-zadbac-o-drzwi-zewnetrzne-po-zimie\/#primaryimage","url":"https:\/\/www.drzwi-cal.pl\/wp-content\/uploads\/2019\/04\/668523-PPHHGI-9-e1556185875318.jpg","contentUrl":"https:\/\/www.drzwi-cal.pl\/wp-content\/uploads\/2019\/04\/668523-PPHHGI-9-e1556185875318.jpg","width":2000,"height":1125,"caption":"Piel\u0119gnacja drzwi zewn\u0119trznych"},{"@type":"BreadcrumbList","@id":"https:\/\/www.drzwi-cal.pl\/en\/blog\/jak-zadbac-o-drzwi-zewnetrzne-po-zimie\/#breadcrumb","itemListElement":[{"@type":"ListItem","position":1,"name":"CAL prawdziwe drzwi","item":"https:\/\/www.drzwi-cal.pl\/en\/"},{"@type":"ListItem","position":2,"name":"Blog","item":"https:\/\/www.drzwi-cal.pl\/en\/blog\/"},{"@type":"ListItem","position":3,"name":"Jak zadba\u0107 o drzwi zewn\u0119trzne po zimie?"}]},{"@type":"WebSite","@id":"https:\/\/www.drzwi-cal.pl\/en\/#website","url":"https:\/\/www.drzwi-cal.pl\/en\/","name":"Drzwi zewn\u0119trzne i wewn\u0119trzne premium","description":"Wybierz tylko kolor i model swoich drzwi zewn\u0119trznych CAL, bo ciep\u0142o i bezpiecze\u0144stwo masz zawsze w cenie! Dobierz pasuj\u0105ce drewniane drzwi wewn\u0119trzne CAL.","publisher":{"@id":"https:\/\/www.drzwi-cal.pl\/en\/#organization"},"potentialAction":[{"@type":"SearchAction","target":{"@type":"EntryPoint","urlTemplate":"https:\/\/www.drzwi-cal.pl\/en\/?s={search_term_string}"},"query-input":{"@type":"PropertyValueSpecification","valueRequired":true,"valueName":"search_term_string"}}],"inLanguage":"en-US"},{"@type":"Organization","@id":"https:\/\/www.drzwi-cal.pl\/en\/#organization","name":"Drzwi CAL","alternateName":"Prawdziwe drzwi CAL","url":"https:\/\/www.drzwi-cal.pl\/en\/","logo":{"@type":"ImageObject","inLanguage":"en-US","@id":"https:\/\/www.drzwi-cal.pl\/en\/#\/schema\/logo\/image\/","url":"https:\/\/www.drzwi-cal.pl\/wp-content\/uploads\/2018\/08\/CAL.jpg","contentUrl":"https:\/\/www.drzwi-cal.pl\/wp-content\/uploads\/2018\/08\/CAL.jpg","width":1667,"height":750,"caption":"Drzwi CAL"},"image":{"@id":"https:\/\/www.drzwi-cal.pl\/en\/#\/schema\/logo\/image\/"},"sameAs":["https:\/\/www.facebook.com\/drzwical\/","https:\/\/www.instagram.com\/drzwical\/","https:\/\/www.linkedin.com\/company\/drzwi-cal","https:\/\/www.youtube.com\/user\/drzwical\/"]}]}},"_links":{"self":[{"href":"https:\/\/www.drzwi-cal.pl\/en\/wp-json\/wp\/v2\/blog\/5350","targetHints":{"allow":["GET"]}}],"collection":[{"href":"https:\/\/www.drzwi-cal.pl\/en\/wp-json\/wp\/v2\/blog"}],"about":[{"href":"https:\/\/www.drzwi-cal.pl\/en\/wp-json\/wp\/v2\/types\/dc_blog"}],"replies":[{"embeddable":true,"href":"https:\/\/www.drzwi-cal.pl\/en\/wp-json\/wp\/v2\/comments?post=5350"}],"version-history":[{"count":0,"href":"https:\/\/www.drzwi-cal.pl\/en\/wp-json\/wp\/v2\/blog\/5350\/revisions"}],"wp:featuredmedia":[{"embeddable":true,"href":"https:\/\/www.drzwi-cal.pl\/en\/wp-json\/wp\/v2\/media\/5356"}],"wp:attachment":[{"href":"https:\/\/www.drzwi-cal.pl\/en\/wp-json\/wp\/v2\/media?parent=5350"}],"curies":[{"name":"wp","href":"https:\/\/api.w.org\/{rel}","templated":true}]}}